{"id":135645,"date":"2026-04-23T23:22:31","date_gmt":"2026-04-23T23:22:31","guid":{"rendered":"https:\/\/www.ole.com.ar\/futbol-internacional\/inglaterra\/rodri-manchester-city-seleccion-espana-encendio-alarmas-lesion-calendario_0_VvjaRiCCDo.html"},"modified":"2026-04-23T23:22:31","modified_gmt":"2026-04-23T23:22:31","slug":"rodri-encendio-las-alarmas-por-el-calendario-o-paramos-o-no-llego-a-los-32","status":"publish","type":"post","link":"http:\/\/hoycordobaweb.com\/index.php\/2026\/04\/23\/rodri-encendio-las-alarmas-por-el-calendario-o-paramos-o-no-llego-a-los-32\/","title":{"rendered":"Rodri encendi\u00f3 las alarmas por el calendario: \u201cO paramos o no llego a los 32\u201d"},"content":{"rendered":"<p><img src=\"http:\/\/hoycordobaweb.com\/wp-content\/uploads\/2026\/04\/rodri-encendio-las-alarmas-por-el-calendario-o-paramos-o-no-llego-a-los-32.jpg\"><\/p>\n<p><time class=\"createDate\" datetime=\"2026-04-23T20:22:31-03:00\">23\/04\/2026 20:22hs.<\/time><\/p>\n<div id=\"storyBody\">\n<div id=\"element-body-0\" class=\"sc-136cd478-0 ekTCfV\" readability=\"34.39175257732\">\n<p>Rodri volvi\u00f3 a quedar en el centro de la escena. El mediocampista de 29 a\u00f1os, que <strong>arrastra molestias en la ingle tras salir reemplazado ante el <a href=\"https:\/\/www.ole.com.ar\/tema\/arsenal-fc.html\" title=\"Arsenal FC\" alt=\"Arsenal FC\" class=\"slug\">Arsenal<\/a><\/strong>, no jug\u00f3 el \u00faltimo compromiso frente a <strong><a href=\"https:\/\/www.ole.com.ar\/tema\/burnley.html\" title=\"Burnleyyy\" alt=\"Burnley\" class=\"slug\">Burnle<\/a> y<\/strong> y encendi\u00f3 las alarmas con sus declaraciones sobre la exigencia del calendario actual.<\/p>\n<\/div>\n<div id=\"element-body-1\" class=\"sc-136cd478-0 ekTCfV\" readability=\"35.15\">\n<p>En una entrevista con DAZN, el espa\u00f1ol fue directo: <strong>\u201cO paramos o no llego a los 32\u201d<\/strong>. La frase sintetiza una preocupaci\u00f3n creciente entre los futbolistas de \u00e9lite, sometidos a una seguidilla constante de partidos. <strong>Rodri ven\u00eda de disputar 22 de los \u00faltimos 24 encuentros de el <a href=\"https:\/\/www.ole.com.ar\/tema\/manchester-city.html\" title=\"Manchester City\" alt=\"Manchester City\" class=\"slug\">Manchester City<\/a><\/strong>.<\/p>\n<\/div>\n<div id=\"element-body-2\" class=\"sc-136cd478-0 ekTCfV\" readability=\"40.764705882353\">\n<p>El madrile\u00f1o, ganador del <strong><a href=\"https:\/\/www.ole.com.ar\/tema\/balon-de-oro.html\" title=\"Balon de Oro\" alt=\"Balon de Oro\" class=\"slug\">Bal\u00f3n de Oro<\/a><\/strong>, tambi\u00e9n arrastra antecedentes f\u00edsicos que condicionan su presente. La rotura de ligamentos en 2024 fue el golpe m\u00e1s duro, pero no el \u00fanico en una carrera que, pese a los \u00e9xitos, empieza a sentir el impacto del desgaste. Justamente, antes de esa grave lesi\u00f3n, <strong> hab\u00eda advertido sobre lo que ven\u00eda siendo el cargado fixture para los players entre los partidos con sus clubes y los de selecciones. <\/strong><\/p>\n<\/div>\n<p><h2><strong>El l\u00edmite del cuerpo y la exigencia mental<\/strong><\/h2>\n<\/p>\n<div id=\"element-body-4\" class=\"sc-136cd478-0 ekTCfV\" readability=\"37\">\n<p>El propio Rodri profundiz\u00f3 sobre esa realidad que atraviesa el f\u00fatbol moderno. <strong>\u201cHay que saber dosificar, el cuerpo tiene un l\u00edmite\u201d<\/strong>, explic\u00f3, al tiempo que remarc\u00f3 la necesidad de encontrar un equilibrio para sostener una carrera larga.<\/p>\n<\/div>\n<div id=\"element-body-5\" class=\"sc-136cd478-0 ekTCfV\" readability=\"39\">\n<p><strong>El mediocampista record\u00f3 el impacto que tuvo en su cuerpo y tambi\u00e9n su cabeza<\/strong>, la seguidilla de temporadas al m\u00e1ximo nivel. \u201cDespu\u00e9s de la Eurocopa que ganamos, ten\u00eda un desgaste muy grande de cinco o seis a\u00f1os seguidos llegando a instancias finales. M\u00e1s que f\u00edsico, era mental\u201d, admiti\u00f3.<\/p>\n<\/div>\n<div id=\"element-body-6\" class=\"sc-136cd478-0 ekTCfV\" readability=\"36\">\n<p>Tambi\u00e9n se refiri\u00f3 al proceso de recuperaci\u00f3n tras su lesi\u00f3n m\u00e1s grave: <strong>\u201cToqu\u00e9 el cielo y aprovech\u00e9 ese momento para cargar pilas\u201d<\/strong>. Hoy, su objetivo est\u00e1 claro: llegar en plenitud a las pr\u00f3ximas competencias internacionales, con el foco puesto en el Mundial.<\/p>\n<\/div>\n<div class=\"sc-e7b891c4-0 ifHnQL image-embed\" id=\"element-body-7\"><img alt=\" Rayan Cherki y Rodri en la victoria ante el Arsenal (EFE)\" loading=\"lazy\" width=\"720\" height=\"100\" decoding=\"async\" data-nimg=\"1\" src=\"http:\/\/hoycordobaweb.com\/wp-content\/uploads\/2026\/04\/rodri-encendio-las-alarmas-por-el-calendario-o-paramos-o-no-llego-a-los-32-2.jpg\"><span class=\"epigraphe\"> Rayan Cherki y Rodri en la victoria ante el Arsenal (EFE)<\/span><\/div>\n<p><h2><strong>Un pilar del City que pide frenar<\/strong><\/h2>\n<\/p>\n<div id=\"element-body-9\" class=\"sc-136cd478-0 ekTCfV\" readability=\"37.739130434783\">\n<p>Desde su llegada en 2019, <strong>Rodri se convirti\u00f3 en una pieza clave del Manchester City<\/strong>. Fue determinante en la temporada 2022\/23, en la que el equipo logr\u00f3 la <strong><a href=\"https:\/\/www.ole.com.ar\/tema\/champions-league.html\" title=\"Champions League\" alt=\"Champions League\" class=\"slug\">Champions League<\/a><\/strong>, con gol suyo en la final ante el <strong>Inter<\/strong>, la <strong><a href=\"https:\/\/www.ole.com.ar\/tema\/premier-league.html\" title=\"Premier League\" alt=\"Premier League\" class=\"slug\">Premier League<\/a><\/strong> y la <strong><a href=\"https:\/\/www.ole.com.ar\/tema\/fa-cup.html\" title=\"FA CUP\" alt=\"FA CUP\" class=\"slug\">FA Cup<\/a><\/strong>, completando un triplete hist\u00f3rico. Adem\u00e1s, lleg\u00f3 a encadenar <strong>74 partidos sin derrotas<\/strong>, una marca que reflej\u00f3 su impacto en el equipo. No es casual que <strong><a href=\"https:\/\/www.ole.com.ar\/tema\/pep-guardiola.html\" title=\"Pep Guardiola\" alt=\"Pep Guardiola\" class=\"slug\">Pep Guardiola<\/a><\/strong> lo haya definido en m\u00e1s de una ocasi\u00f3n como <strong>\u201cirreemplazable\u201d<\/strong>.<\/p>\n<\/div>\n<div id=\"element-body-10\" class=\"sc-136cd478-0 ekTCfV\" readability=\"35\">\n<p>Con <strong>294 partidos oficiales<\/strong>, 28 goles y 32 asistencias desde su llegada al club, Rodri ya <strong>conquist\u00f3 11 t\u00edtulos con el Manchester City<\/strong>.<\/p>\n<\/div>\n<div id=\"element-body-11\" class=\"sc-136cd478-0 ekTCfV\" readability=\"35\">\n<p>En la actual temporada, el City logr\u00f3 imponerse 1-0 ante el Burnley pese a la ausencia del espa\u00f1ol por lesi\u00f3n. Con ese triunfo, <strong>el equipo escal\u00f3 a lo m\u00e1s alto de la tabla junto a Arsenal.<\/strong><\/p>\n<\/div>\n<div id=\"element-body-12\" class=\"sc-136cd478-0 ekTCfV\" readability=\"36\">\n<p><strong>Rodri podr\u00eda regresar el 4 de mayo frente al Everton<\/strong> y, si el City logra sostener la ventaja en la cima y contin\u00faa por el camino de las victorias, <strong>el mediocampista sumar\u00eda otro t\u00edtulo a su palmar\u00e9s. <\/strong><\/p>\n<\/div>\n<div class=\"sc-e7b891c4-0 ifHnQL image-embed\" id=\"element-body-13\"><img alt=\"Pep Guardiola y Rodri. (AFP)\" loading=\"lazy\" width=\"720\" height=\"100\" decoding=\"async\" data-nimg=\"1\" src=\"http:\/\/hoycordobaweb.com\/wp-content\/uploads\/2026\/04\/rodri-encendio-las-alarmas-por-el-calendario-o-paramos-o-no-llego-a-los-32-3.jpg\"><span class=\"epigraphe\">Pep Guardiola y Rodri. (AFP)<\/span><\/div>\n<\/div>\n","protected":false},"excerpt":{"rendered":"<p>23\/04\/2026 20:22hs. Rodri volvi\u00f3 a quedar en el centro de la escena. El mediocampista de 29 a\u00f1os, que arrastra molestias en la ingle tras salir reemplazado ante el Arsenal, no jug\u00f3 el \u00faltimo compromiso frente a Burnle y y encendi\u00f3 las alarmas con sus declaraciones sobre la exigencia del calendario actual. En una entrevista con [&hellip;]<\/p>\n","protected":false},"author":1,"featured_media":135646,"comment_status":"open","ping_status":"closed","sticky":false,"template":"","format":"standard","meta":[],"categories":[16],"tags":[],"_links":{"self":[{"href":"http:\/\/hoycordobaweb.com\/index.php\/wp-json\/wp\/v2\/posts\/135645"}],"collection":[{"href":"http:\/\/hoycordobaweb.com\/index.php\/wp-json\/wp\/v2\/posts"}],"about":[{"href":"http:\/\/hoycordobaweb.com\/index.php\/wp-json\/wp\/v2\/types\/post"}],"author":[{"embeddable":true,"href":"http:\/\/hoycordobaweb.com\/index.php\/wp-json\/wp\/v2\/users\/1"}],"replies":[{"embeddable":true,"href":"http:\/\/hoycordobaweb.com\/index.php\/wp-json\/wp\/v2\/comments?post=135645"}],"version-history":[{"count":0,"href":"http:\/\/hoycordobaweb.com\/index.php\/wp-json\/wp\/v2\/posts\/135645\/revisions"}],"wp:featuredmedia":[{"embeddable":true,"href":"http:\/\/hoycordobaweb.com\/index.php\/wp-json\/wp\/v2\/media\/135646"}],"wp:attachment":[{"href":"http:\/\/hoycordobaweb.com\/index.php\/wp-json\/wp\/v2\/media?parent=135645"}],"wp:term":[{"taxonomy":"category","embeddable":true,"href":"http:\/\/hoycordobaweb.com\/index.php\/wp-json\/wp\/v2\/categories?post=135645"},{"taxonomy":"post_tag","embeddable":true,"href":"http:\/\/hoycordobaweb.com\/index.php\/wp-json\/wp\/v2\/tags?post=135645"}],"curies":[{"name":"wp","href":"https:\/\/api.w.org\/{rel}","templated":true}]}}