{"id":135643,"date":"2026-04-23T23:57:06","date_gmt":"2026-04-23T23:57:06","guid":{"rendered":"https:\/\/www.ole.com.ar\/futbol-internacional\/sudamericana\/renatogaucho-conmebol-sancion-sudamericana_0_34k7HOf3fo.html"},"modified":"2026-04-23T23:57:06","modified_gmt":"2026-04-23T23:57:06","slug":"fuerte-sancion-de-la-conmebol-a-renato-gaucho-por-no-dirigir-a-vasco-da-gama-contra-barracas","status":"publish","type":"post","link":"http:\/\/hoycordobaweb.com\/index.php\/2026\/04\/23\/fuerte-sancion-de-la-conmebol-a-renato-gaucho-por-no-dirigir-a-vasco-da-gama-contra-barracas\/","title":{"rendered":"Fuerte sanci\u00f3n de la Conmebol a Renato Ga\u00facho por no dirigir a Vasco da Gama contra Barracas"},"content":{"rendered":"<p><img src=\"http:\/\/hoycordobaweb.com\/wp-content\/uploads\/2026\/04\/fuerte-sancion-de-la-conmebol-a-renato-gaucho-por-no-dirigir-a-vasco-da-gama-contra-barracas.jpg\"><\/p>\n<p><time class=\"createDate\" datetime=\"2026-04-23T20:57:06-03:00\">23\/04\/2026 20:57hs.<\/time><\/p>\n<div id=\"storyBody\">\n<div id=\"element-body-0\" class=\"sc-136cd478-0 ekTCfV\" readability=\"31.338271604938\">\n<p><strong><a href=\"https:\/\/www.ole.com.ar\/tema\/renato-gaucho.html\" title=\"Renato Gaucho\" alt=\"Renato Gaucho\" class=\"slug\">Renato Ga\u00facho<\/a><\/strong> hab\u00eda tomado una determinaci\u00f3n muy pol\u00e9mica: no viaj\u00f3 desde R\u00edo de Janeiro hasta Buenos Aires para dirigir a <strong><a href=\"https:\/\/www.ole.com.ar\/tema\/vasco-da-gama.html\" title=\"Vasco da Gama\" alt=\"Vasco da Gama\" class=\"slug\">Vasco da Gama<\/a><\/strong> contra <a href=\"https:\/\/www.ole.com.ar\/tema\/barracas-central.html\" title=\"Barracas Central\" alt=\"Barracas Central\" class=\"slug\">Barracas Central<\/a> (0 a 0 en el estadio de Banfield, el \u00faltimo 4 de abril), por la <a href=\"https:\/\/www.ole.com.ar\/tema\/copa-sudamericana.html\" title=\"Copa Sudamericana\" alt=\"Copa Sudamericana\" class=\"slug\">Copa Sudamericana<\/a>. En su argumento: la log\u00edstica y necesidad de apuntar las energ\u00edas al <a href=\"https:\/\/www.ole.com.ar\/tema\/brasileirao.html\" title=\"Brasileirao\" alt=\"Brasileirao\" class=\"slug\">Brasileirao<\/a>. Incluso, los cariocas jugaron con mayor\u00eda de suplentes ante el Guapo.<\/p>\n<\/div>\n<div id=\"element-body-1\" class=\"sc-136cd478-0 ekTCfV\" readability=\"40\">\n<p>La <strong>Conmebol<\/strong> le hab\u00eda abierto un expediente y este jueves la prensa local anticip\u00f3 la sanci\u00f3n: <strong> tres fechas de suspensi\u00f3n para el t\u00e9cnico<\/strong>. Esto, antes de que se publicara en el comunicado de la Unidad Disciplinaria de la entidad. Su situaci\u00f3n se agrav\u00f3 por lo que dijo tras enfrentar a Audax Italiano, por el mismo certamen. \u00abYo no viaj\u00e9, me criticaron, y la Conmebol grit\u00f3 all\u00e1\u2026 \u00bfSer\u00e1 que la Conmebol le va a gritar con el \u00e1rbitro de hoy? \u00bfO van a gritar conmigo? La Conmebol tiene que preocuparse por qui\u00e9n va a pitar los partidos, con lo que est\u00e1 pasando en los juegos y no con qui\u00e9n est\u00e1 en la banda\u00bb.<\/p>\n<\/div>\n<div id=\"element-body-2\" class=\"sc-136cd478-0 ekTCfV\" readability=\"35\">\n<p>\u00abNo hay manera de llevar a todos a Argentina, regresar y cruzar todo Brasil para ir a Bel\u00e9m (para jugar con Remo)\u00bb, hab\u00eda sido el argumento para no ser parte de la delegaci\u00f3n.<\/p>\n<\/div>\n<div class=\"sc-e7b891c4-0 ifHnQL image-embed\" id=\"element-body-3\"><img alt=\"Nicol\u00e1s Demartini de Barracas contra Claudio Spinelli, de Vasco da Gama (EFE).\" loading=\"lazy\" width=\"720\" height=\"100\" decoding=\"async\" data-nimg=\"1\" src=\"http:\/\/hoycordobaweb.com\/wp-content\/uploads\/2026\/04\/fuerte-sancion-de-la-conmebol-a-renato-gaucho-por-no-dirigir-a-vasco-da-gama-contra-barracas-2.jpg\"><span class=\"epigraphe\">Nicol\u00e1s Demartini de Barracas contra Claudio Spinelli, de Vasco da Gama (EFE).<\/span><\/div>\n<div class=\"sc-e7b891c4-0 ifHnQL image-embed\" id=\"element-body-4\"><img alt=\"Renato Gaucho, t\u00e9cnico de Vasco da Gama.\" loading=\"lazy\" width=\"720\" height=\"100\" decoding=\"async\" data-nimg=\"1\" src=\"http:\/\/hoycordobaweb.com\/wp-content\/uploads\/2026\/04\/fuerte-sancion-de-la-conmebol-a-renato-gaucho-por-no-dirigir-a-vasco-da-gama-contra-barracas-3.jpg\"><span class=\"epigraphe\">Renato Gaucho, t\u00e9cnico de Vasco da Gama.<\/span><\/div>\n<div id=\"element-body-5\" class=\"sc-a7166897-0 eoLsBE\" readability=\"31.5\">\n<section readability=\"3\"><picture><img alt=\"Fuerte sanci\u00f3n del Tribunal a Garc\u00eda Basso, L\u00f3pez Mu\u00f1oz y Leonardo Morales\" loading=\"lazy\" width=\"290\" height=\"290\" decoding=\"async\" data-nimg=\"1\" src=\"http:\/\/hoycordobaweb.com\/wp-content\/uploads\/2026\/04\/fuerte-sancion-de-la-conmebol-a-renato-gaucho-por-no-dirigir-a-vasco-da-gama-contra-barracas-4.jpg\"><\/picture>\n<p><span>Mir\u00e1 tambi\u00e9n<\/span><\/p>\n<hr>\n<h3>Fuerte sanci\u00f3n del Tribunal a Garc\u00eda Basso, L\u00f3pez Mu\u00f1oz y Leonardo Morales<\/h3>\n<\/p>\n<\/section>\n<\/div>\n<\/div>\n","protected":false},"excerpt":{"rendered":"<p>23\/04\/2026 20:57hs. Renato Ga\u00facho hab\u00eda tomado una determinaci\u00f3n muy pol\u00e9mica: no viaj\u00f3 desde R\u00edo de Janeiro hasta Buenos Aires para dirigir a Vasco da Gama contra Barracas Central (0 a 0 en el estadio de Banfield, el \u00faltimo 4 de abril), por la Copa Sudamericana. En su argumento: la log\u00edstica y necesidad de apuntar las [&hellip;]<\/p>\n","protected":false},"author":1,"featured_media":135644,"comment_status":"open","ping_status":"closed","sticky":false,"template":"","format":"standard","meta":[],"categories":[16],"tags":[],"_links":{"self":[{"href":"http:\/\/hoycordobaweb.com\/index.php\/wp-json\/wp\/v2\/posts\/135643"}],"collection":[{"href":"http:\/\/hoycordobaweb.com\/index.php\/wp-json\/wp\/v2\/posts"}],"about":[{"href":"http:\/\/hoycordobaweb.com\/index.php\/wp-json\/wp\/v2\/types\/post"}],"author":[{"embeddable":true,"href":"http:\/\/hoycordobaweb.com\/index.php\/wp-json\/wp\/v2\/users\/1"}],"replies":[{"embeddable":true,"href":"http:\/\/hoycordobaweb.com\/index.php\/wp-json\/wp\/v2\/comments?post=135643"}],"version-history":[{"count":0,"href":"http:\/\/hoycordobaweb.com\/index.php\/wp-json\/wp\/v2\/posts\/135643\/revisions"}],"wp:featuredmedia":[{"embeddable":true,"href":"http:\/\/hoycordobaweb.com\/index.php\/wp-json\/wp\/v2\/media\/135644"}],"wp:attachment":[{"href":"http:\/\/hoycordobaweb.com\/index.php\/wp-json\/wp\/v2\/media?parent=135643"}],"wp:term":[{"taxonomy":"category","embeddable":true,"href":"http:\/\/hoycordobaweb.com\/index.php\/wp-json\/wp\/v2\/categories?post=135643"},{"taxonomy":"post_tag","embeddable":true,"href":"http:\/\/hoycordobaweb.com\/index.php\/wp-json\/wp\/v2\/tags?post=135643"}],"curies":[{"name":"wp","href":"https:\/\/api.w.org\/{rel}","templated":true}]}}