{"id":135635,"date":"2026-04-24T02:14:27","date_gmt":"2026-04-24T02:14:27","guid":{"rendered":"https:\/\/www.ole.com.ar\/opinion\/boca-defensa-arbitro-gariano-var-trucco-llamado-var_0_w3MEF3E4OX.html"},"modified":"2026-04-24T02:14:27","modified_gmt":"2026-04-24T02:14:27","slug":"el-insolito-llamado-del-var-en-defensa-boca","status":"publish","type":"post","link":"http:\/\/hoycordobaweb.com\/index.php\/2026\/04\/24\/el-insolito-llamado-del-var-en-defensa-boca\/","title":{"rendered":"El ins\u00f3lito llamado del VAR en Defensa-Boca"},"content":{"rendered":"<p><img src=\"http:\/\/hoycordobaweb.com\/wp-content\/uploads\/2026\/04\/el-insolito-llamado-del-var-en-defensa-boca.jpg\"><\/p>\n<p><span class=\"createDate\">23\/04\/2026 23:14hs.<\/span><time class=\"modificatedDate\" datetime=\"2026-04-23T23:16:45-03:00\"> Actualizado al 23\/04\/2026 23:16hs.<\/time><\/p>\n<div id=\"storyBody\">\n<div id=\"element-body-0\" class=\"sc-136cd478-0 ekTCfV\" readability=\"39\">\n<p>El supercl\u00e1sico ya pas\u00f3, pero sigue vigente. Porque claramente Boca dio un salto de confianza y River, al rev\u00e9s. Tambi\u00e9n por la pol\u00e9mica jugada del final, el archiconversado empuj\u00f3n de Blanco a Mart\u00ednez Quarta. Desde el momento en que a\u00fan se debate tanto y en que hay neutrales y futboleros que no vieron falta, se les puede dar la derecha al juez y al VAR Paletta por no haber marcado penal. <strong> A lo que no se le puede dar la derecha es a decisiones incomprensibles de las ternas y a criterios tan diferentes en la misma competencia.<\/strong><\/p>\n<\/div>\n<div id=\"element-body-1\" class=\"sc-136cd478-0 ekTCfV\" readability=\"43\">\n<p>Y la referencia no es a interpretaci\u00f3n de manos en el \u00e1rea, jugadas que seguir\u00e1n generando debates y desacuerdos en las miradas. Lo que no tiene l\u00f3gica son algunas convocatorias del equipo VAR a los jueces. En su defensa, P <strong>aletta explicaba el mi\u00e9rcoles que la funci\u00f3n de los de afuera es no buscar hormigas sino elefantes, <\/strong> y argumentaba que por eso no hab\u00eda llamado a Herrera en la jugada del S\u00faper. Y opinaba que Mart\u00ednez Quarta, desde su \u00f3ptica, hab\u00eda exagerado. Ahora bien, eso de las \u201chormigas\u201d queda en offside, y sin necesidad de VAR, cuando en tiempo de descuento <strong>de Defensa-Boca hubo llamado al monitor al \u00e1rbitro Gariano.<\/strong><\/p>\n<\/div>\n<div class=\"sc-e7b891c4-0 ifHnQL image-embed\" id=\"element-body-2\"><img alt=\"Defensa - Boca\nEl arbitro Andres Gariano conversa con el VAR FTP CLARIN Untitled 02 8.jpg Z Bairo\" loading=\"lazy\" width=\"720\" height=\"100\" decoding=\"async\" data-nimg=\"1\" src=\"http:\/\/hoycordobaweb.com\/wp-content\/uploads\/2026\/04\/el-insolito-llamado-del-var-en-defensa-boca-2.jpg\"><span class=\"epigraphe\">Defensa &#8211; Boca<br \/>\nEl arbitro Andres Gariano conversa con el VAR FTP CLARIN Untitled 02 8.jpg Z Bairo<\/span><\/div>\n<div id=\"element-body-3\" class=\"sc-136cd478-0 ekTCfV\" readability=\"38\">\n<p>De no creer: todo al rev\u00e9s de la explicaci\u00f3n de Paletta. No hubo ni el sentido com\u00fan de tener en cuenta el contexto. <strong> Con Boca 3-0 y 48 minutos de juego, Trucco cree ver una falta en mitad de cancha a Banega,<\/strong> que perdi\u00f3 la pelota y reclam\u00f3. De ninguna manera hab\u00eda una potencial falta, solo fricci\u00f3n.<\/p>\n<\/div>\n<div id=\"element-body-4\" class=\"sc-136cd478-0 ekTCfV\" readability=\"37\">\n<p>Pero Trucco (que hasta \u00faltimo momento fue candidato VAR al Mundial) busc\u00f3 hormigas. <strong>Y Gariano fue a ver la jugada, no se dej\u00f3 influenciar (como deber\u00edan hacerlo todos, jug\u00e1ndose con su propia mirada)<\/strong> y decidi\u00f3 lo que se hab\u00eda visto de una: que no hab\u00eda pasado y era v\u00e1lido el gol de Merentiel.<\/p>\n<\/div>\n<div id=\"element-body-6\" class=\"sc-136cd478-0 ekTCfV\" readability=\"32\">\n<p>\u00a1Basta de hormigas! Y p\u00f3nganse de acuerdo de una vez por todas.<\/p>\n<\/div>\n<div id=\"element-body-7\" class=\"sc-a7166897-0 eoLsBE\" readability=\"31.5\">\n<section readability=\"3\"><picture><img alt=\"Video: con 31 pases, el tremendo gol de Bareiro ante Defensa y Justicia\" loading=\"lazy\" width=\"290\" height=\"290\" decoding=\"async\" data-nimg=\"1\" src=\"http:\/\/hoycordobaweb.com\/wp-content\/uploads\/2026\/04\/el-insolito-llamado-del-var-en-defensa-boca-3.jpg\"><\/picture>\n<p><span>Mir\u00e1 tambi\u00e9n<\/span><\/p>\n<hr>\n<h3>Video: con 31 pases, el tremendo gol de Bareiro ante Defensa y Justicia<\/h3>\n<\/p>\n<\/section>\n<\/div>\n<div id=\"element-body-8\" class=\"sc-a7166897-0 eoLsBE\" readability=\"31\">\n<section readability=\"2\"><picture><img alt=\"El uno por uno y medallero de la goleada de Boca a Defensa con puntajes muy altos\" loading=\"lazy\" width=\"290\" height=\"290\" decoding=\"async\" data-nimg=\"1\" src=\"http:\/\/hoycordobaweb.com\/wp-content\/uploads\/2026\/04\/el-insolito-llamado-del-var-en-defensa-boca-4.jpg\"><\/picture>\n<p><span>Mir\u00e1 tambi\u00e9n<\/span><\/p>\n<hr>\n<h3>El uno por uno y medallero de la goleada de Boca a Defensa con puntajes muy altos<\/h3>\n<\/p>\n<\/section>\n<\/div>\n<div id=\"element-body-9\" class=\"sc-a7166897-0 eoLsBE\" readability=\"31\">\n<section readability=\"2\"><picture><img alt=\"Los puntajes Ol\u00e9 de la fecha 16 del Torneo Apertura\" loading=\"lazy\" width=\"290\" height=\"290\" decoding=\"async\" data-nimg=\"1\" src=\"http:\/\/hoycordobaweb.com\/wp-content\/uploads\/2026\/04\/el-insolito-llamado-del-var-en-defensa-boca-5.jpg\"><\/picture>\n<p><span>Mir\u00e1 tambi\u00e9n<\/span><\/p>\n<hr>\n<h3>Los puntajes Ol\u00e9 de la fecha 16 del Torneo Apertura<\/h3>\n<\/p>\n<\/section>\n<\/div>\n<div id=\"element-body-10\" class=\"sc-a7166897-0 eoLsBE\" readability=\"32\">\n<section readability=\"4\"><picture><img alt=\"Ubeda, tras el 4-0 a Defensa: &quot;Si queremos ser competitivos en los dos frentes tiene que haber rotaci\u00f3n&quot;\" loading=\"lazy\" width=\"290\" height=\"290\" decoding=\"async\" data-nimg=\"1\" src=\"http:\/\/hoycordobaweb.com\/wp-content\/uploads\/2026\/04\/el-insolito-llamado-del-var-en-defensa-boca-6.jpg\"><\/picture>\n<p><span>Mir\u00e1 tambi\u00e9n<\/span><\/p>\n<hr>\n<h3>Ubeda, tras el 4-0 a Defensa: \u00abSi queremos ser competitivos en los dos frentes tiene que haber rotaci\u00f3n\u00bb<\/h3>\n<\/p>\n<\/section>\n<\/div>\n<\/div>\n","protected":false},"excerpt":{"rendered":"<p>23\/04\/2026 23:14hs. Actualizado al 23\/04\/2026 23:16hs. El supercl\u00e1sico ya pas\u00f3, pero sigue vigente. Porque claramente Boca dio un salto de confianza y River, al rev\u00e9s. Tambi\u00e9n por la pol\u00e9mica jugada del final, el archiconversado empuj\u00f3n de Blanco a Mart\u00ednez Quarta. Desde el momento en que a\u00fan se debate tanto y en que hay neutrales y [&hellip;]<\/p>\n","protected":false},"author":1,"featured_media":135636,"comment_status":"open","ping_status":"closed","sticky":false,"template":"","format":"standard","meta":[],"categories":[16],"tags":[],"_links":{"self":[{"href":"http:\/\/hoycordobaweb.com\/index.php\/wp-json\/wp\/v2\/posts\/135635"}],"collection":[{"href":"http:\/\/hoycordobaweb.com\/index.php\/wp-json\/wp\/v2\/posts"}],"about":[{"href":"http:\/\/hoycordobaweb.com\/index.php\/wp-json\/wp\/v2\/types\/post"}],"author":[{"embeddable":true,"href":"http:\/\/hoycordobaweb.com\/index.php\/wp-json\/wp\/v2\/users\/1"}],"replies":[{"embeddable":true,"href":"http:\/\/hoycordobaweb.com\/index.php\/wp-json\/wp\/v2\/comments?post=135635"}],"version-history":[{"count":0,"href":"http:\/\/hoycordobaweb.com\/index.php\/wp-json\/wp\/v2\/posts\/135635\/revisions"}],"wp:featuredmedia":[{"embeddable":true,"href":"http:\/\/hoycordobaweb.com\/index.php\/wp-json\/wp\/v2\/media\/135636"}],"wp:attachment":[{"href":"http:\/\/hoycordobaweb.com\/index.php\/wp-json\/wp\/v2\/media?parent=135635"}],"wp:term":[{"taxonomy":"category","embeddable":true,"href":"http:\/\/hoycordobaweb.com\/index.php\/wp-json\/wp\/v2\/categories?post=135635"},{"taxonomy":"post_tag","embeddable":true,"href":"http:\/\/hoycordobaweb.com\/index.php\/wp-json\/wp\/v2\/tags?post=135635"}],"curies":[{"name":"wp","href":"https:\/\/api.w.org\/{rel}","templated":true}]}}