{"id":135537,"date":"2026-04-20T12:57:41","date_gmt":"2026-04-20T12:57:41","guid":{"rendered":"https:\/\/www.mujerhoy.com\/moda\/no-te-pierdas\/reina-letizia-estrena-mejor-look-2026-vestido-rosa-zapatos-lazo-20260420144735-nt.html"},"modified":"2026-04-20T12:57:41","modified_gmt":"2026-04-20T12:57:41","slug":"la-reina-letizia-estrena-su-mejor-look-de-2026-regresa-a-su-version-mas-elegante-con-un-vestido-rosa-y-zapatos-con-lazo","status":"publish","type":"post","link":"http:\/\/hoycordobaweb.com\/index.php\/2026\/04\/20\/la-reina-letizia-estrena-su-mejor-look-de-2026-regresa-a-su-version-mas-elegante-con-un-vestido-rosa-y-zapatos-con-lazo\/","title":{"rendered":"La reina Letizia estrena su mejor look de 2026: regresa a su versi\u00f3n m\u00e1s elegante con un vestido rosa y zapatos con lazo"},"content":{"rendered":"<p><!-- AUTHOR --><\/p>\n<div class=\"voc-author-timesocial \">\n<!-- AUTHOR --><\/p>\n<div class=\"voc-author-timesocial__signature \">\n<!-- IMAGE AUTHOR -->\n<picture class=\"voc-image-signature\">\n<img class=\"voc-image-signature__img\" src=\"http:\/\/hoycordobaweb.com\/wp-content\/uploads\/2026\/04\/la-reina-letizia-estrena-su-mejor-look-de-2026-regresa-a-su-version-mas-elegante-con-un-vestido-rosa-y-zapatos-con-lazo.jpg\" alt=\"Raquel Rodr\u00edguez\">\n<\/picture>\n<!-- INFO AUTHOR --> <\/div><\/div>\n<p><!-- COMPONENTS --><\/p>\n<p class=\"voc-paragraph\">A pesar de que la protagonista de la agenda oficial de la Casa Real de la semana ha sido una reina Sof\u00eda que ha participado en diferentes audiencias, los reyes Felipe y Letizia se han encargado de un encuentro muy especial: la<strong> visita oficial a Espa\u00f1a del Presidente de la Rep\u00fablica Portuguesa<\/strong> y su mujer.<\/p>\n<p class=\"voc-paragraph\">De esta forma, los monarcas han recibido en el Palacio Real de Madrid al mandatario luso y la primera dama para disfrutar de un<strong> almuerzo en honor a los invitados<\/strong>. Una cita en la que<a href=\"https:\/\/www.mujerhoy.com\/temas\/personajes\/reina-dona-letizia.html\" title=\"www.mujerhoy.com\" data-voc-vtm-id=\"in-text-traffic\" data-mrf-link=\"www.mujerhoy.com\"> do\u00f1a Letizia <\/a>ha escogido un look con el que ha vuelto a su mejor versi\u00f3n estil\u00edstica.<\/p>\n<div class=\"v-c-cmp v-c-cmp--t1 \">\n<div class=\"v-cmp-rld v-cmp-rld--2 \">\n<div class=\"v-cnt-m v-cnt-m--m\">\n<div class=\"v-cnt-m__c\">\n<div class=\"v-cnt-m__w v-cnt-m__w--1\">\n<p class=\"v-cnt-m__t\">\nTAMBI\u00c9N TE INTERESA\n<\/p>\n<\/div>\n<\/div>\n<\/div>\n<div class=\"v-g v-g--2-c v-g--bdr-min-xs\">\n<div class=\"v-g__c \">\n<article class=\"v-a v-a--cmp-rld v-a--cmp-rld-2 v-a--p-l\">\n<div class=\"v-a-img-c\">\n<figure class=\"v-a-fig\">\n<a href=\"https:\/\/www.mujerhoy.com\/moda\/no-te-pierdas\/reina-letizia-pantalones-blancos-mejor-sientan-blusa-lazo-20260415131353-nt.html#vtm_modulosEngag=mod-rel:moda:noticia:1:cmp:2-not\" class=\"v-a-link\" title=\"La reina Letizia encuentra los pantalones blancos que mejor sientan y los combina con su blusa favorita\"><br \/>\n<img loading=\"lazy\" class=\"v-a-img\" src=\"http:\/\/hoycordobaweb.com\/wp-content\/uploads\/2026\/04\/la-reina-letizia-estrena-su-mejor-look-de-2026-regresa-a-su-version-mas-elegante-con-un-vestido-rosa-y-zapatos-con-lazo-1.jpg\" alt=\"La reina Letizia encuentra los pantalones blancos que mejor sientan y los combina con su blusa favorita\"><br \/>\n<\/a><br \/>\n<\/figure>\n<\/div>\n<\/article>\n<\/div>\n<div class=\"v-g__c \">\n<article class=\"v-a v-a--cmp-rld v-a--cmp-rld-2 v-a--p-l\">\n<div class=\"v-a-img-c\">\n<figure class=\"v-a-fig\">\n<a href=\"https:\/\/www.mujerhoy.com\/moda\/no-te-pierdas\/reina-letizia-rescata-armario-chaqueta-low-cost-mango-perfecta-primavera-20260414103547-nt.html#vtm_modulosEngag=mod-rel:moda:noticia:2:cmp:2-not\" class=\"v-a-link\" title=\"La reina Letizia rescata de su armario una chaqueta low cost de hace m\u00e1s de diez a\u00f1os: de Mango y perfecta para la primavera\"><br \/>\n<img loading=\"lazy\" class=\"v-a-img\" src=\"http:\/\/hoycordobaweb.com\/wp-content\/uploads\/2026\/04\/la-reina-letizia-estrena-su-mejor-look-de-2026-regresa-a-su-version-mas-elegante-con-un-vestido-rosa-y-zapatos-con-lazo-2.jpg\" alt=\"La reina Letizia rescata de su armario una chaqueta low cost de hace m\u00e1s de diez a\u00f1os: de Mango y perfecta para la primavera\"><br \/>\n<\/a><br \/>\n<\/figure>\n<\/div>\n<\/article>\n<\/div>\n<\/div>\n<\/div>\n<\/div>\n<p class=\"voc-paragraph\">Despu\u00e9s de unos meses de trajes de chaqueta, blusas con lazada y f\u00f3rmulas estil\u00edsticas repetidas una y otra vez, la reina ha vuelto a las andadas y ha lucido un outfit que nos<strong> recuerda a aquella etapa en la que despuntaba <\/strong>en cada aparici\u00f3n p\u00fablica que hac\u00eda.<\/p>\n<p class=\"voc-paragraph\">En los \u00faltimos a\u00f1os, la direcci\u00f3n estil\u00edstica de la reina Letizia deja a un lado las prendas m\u00e1s especiales para ocasiones de gran envergadura. Hoy, ha sorprendido con un<strong> vestido muy elegante<\/strong>, que le vemos por primera vez y que ha combinado con piezas nuevas.<\/p>\n<p><h3 class=\"v-cmp-suh\">\nUn vestido nuevo muy primaveral<br \/>\n<\/h3>\n<\/p>\n<div class=\"v-c-cmp \">\n<div class=\"v-cmp-m \">\n<article class=\"v-a v-a--cmp-m v-c-cmp--m-z\">\n<div class=\"v-a-img-c \">\n<div class=\"v-a-fig\">\n<button class=\"v-a-link\" popovertarget=\"photo-302\"><br \/>\n<img loading=\"lazy\" src=\"http:\/\/hoycordobaweb.com\/wp-content\/uploads\/2026\/04\/la-reina-letizia-estrena-su-mejor-look-de-2026-regresa-a-su-version-mas-elegante-con-un-vestido-rosa-y-zapatos-con-lazo-3.jpg\" class=\"v-a-img\" width=\"748\" height=\"524\" alt data-voc-vtm-id=\"in-text-traffic\"> <\/button><figcaption class=\"v-fc\">\n<span class=\"v-fc__p\"><br \/>\nlimited pictures<br \/>\n<\/span><br \/>\n<\/figcaption><\/div>\n<\/div>\n<div id=\"photo-302\" popover class=\"v-mdl v-mdl--fw\">\n<button class=\"v-x\" popovertarget=\"photo-302\" popovertargetaction=\"hide\"><br \/>\n<span class=\"v-i\"><br \/>\n<svg width=\"24\" height=\"23.996\" viewBox=\"0 0 24 23.996\">\n<path data-name=\"Uni\u00f3n 29\" d=\"M12,14.03,2.031,24,0,21.963,9.968,12,0,2.033,2.031,0,12,9.966,21.969,0,24,2.033,14.032,12,24,21.963,21.969,24Z\" \/>\n<\/svg><br \/>\n<\/span><br \/>\n<\/button><\/p>\n<div class=\"v-mdl__c\">\n<div class=\"v-mdl__w\">\n<img loading=\"lazy\" src=\"http:\/\/hoycordobaweb.com\/wp-content\/uploads\/2026\/04\/la-reina-letizia-estrena-su-mejor-look-de-2026-regresa-a-su-version-mas-elegante-con-un-vestido-rosa-y-zapatos-con-lazo-3.jpg\" class=\"v-mdl__img-z\" width=\"748\" height=\"524\" alt>\n<\/div>\n<\/div>\n<\/div>\n<p><span class=\"v-bdp\"><\/span><br \/>\n<\/article>\n<\/div>\n<\/div>\n<p class=\"voc-paragraph\">Parece que la buena sinton\u00eda entre naciones y el especial cari\u00f1o que los reyes tienen al presidente portugu\u00e9s tambi\u00e9n ha quedado reflejado en la elecci\u00f3n de ropa de do\u00f1a Letizia. Dando la bienvenida a la primavera y <strong>estrenando vestido<\/strong>, ha llevado el que podr\u00edamos decir que es ya uno de los mejores looks que llevamos de 2026.<\/p>\n<p class=\"voc-paragraph\">Se ha decantado por un sencillo vestido de color rosa beb\u00e9, con un corte recto y manga francesa, que estaba protagonizado por un <strong>escote barco<\/strong> de lo m\u00e1s favorecedor. Un detalle que se llevaba todas las miradas, que dejaba al descubierto parte del cuello de la reina y que daba importancia a las joyas elegida para la ocasi\u00f3n.<\/p>\n<div class=\"v-c-cmp \">\n<div class=\"v-cmp-m v-cmp-m--t1\">\n<article class=\"v-a v-a--cmp-m v-c-cmp--m-p\">\n<div class=\"v-a-img-c v-a-img-c--fw-xs\">\n<div class=\"v-a-fig\">\n<div class=\"v-a-link\">\n<img loading=\"lazy\" src=\"http:\/\/hoycordobaweb.com\/wp-content\/uploads\/2026\/04\/la-reina-letizia-estrena-su-mejor-look-de-2026-regresa-a-su-version-mas-elegante-con-un-vestido-rosa-y-zapatos-con-lazo-4.jpg\" class=\"v-a-img\" width=\"650\" height=\"975\" alt=\"La reina Letizia ha estrenado un vestido rosa beb\u00e9.\" data-voc-vtm-id=\"in-text-traffic\">\n<\/div><figcaption class=\"v-fc\">\n<span class=\"v-fc__t\"><br \/>\nLa reina Letizia ha estrenado un vestido rosa beb\u00e9.<br \/>\n<\/span><br \/>\n<span class=\"v-fc__p\"><br \/>\nlimited pictures<br \/>\n<\/span><br \/>\n<\/figcaption><\/div>\n<\/div>\n<\/article>\n<\/div>\n<\/div>\n<p class=\"voc-paragraph\">Para elevar el outfit y hacerlo a\u00fan m\u00e1s diferenciador, dijo adi\u00f3s a los salones b\u00e1sicos que lleva de manera habitual para dar paso a un zapato a tono con una lazada en la parte frontal. Un dise\u00f1o de<strong> Carolina Herrera<\/strong> que mantiene el tac\u00f3n bajo, pero que confirma que no hace falta sumar cent\u00edmetros para ser la m\u00e1s elegante.<\/p>\n<p><h3 class=\"v-cmp-suh\">\nPendientes en forma de flor que tiene hace d\u00e9cadas<br \/>\n<\/h3>\n<\/p>\n<p class=\"voc-paragraph\">Como decimos, las joyas tambi\u00e9n cumplieron con un papel protagonista en esta cita. La melena lista y despejada del rostro, dejaban a la vista los<strong> pendientes de Yanes<\/strong> que tiene desde sus primeros a\u00f1os de princesa. Se trata de un dise\u00f1o en forma de flor que los utiliza cuando recurre a prendas en color rosa claro.<\/p>\n<div class=\"v-c-cmp \">\n<div class=\"v-cmp-m v-cmp-m--t1\">\n<article class=\"v-a v-a--cmp-m v-c-cmp--m-p\">\n<div class=\"v-a-img-c v-a-img-c--fw-xs\">\n<div class=\"v-a-fig\">\n<div class=\"v-a-link\">\n<img loading=\"lazy\" src=\"http:\/\/hoycordobaweb.com\/wp-content\/uploads\/2026\/04\/la-reina-letizia-estrena-su-mejor-look-de-2026-regresa-a-su-version-mas-elegante-con-un-vestido-rosa-y-zapatos-con-lazo-5.jpg\" class=\"v-a-img\" width=\"650\" height=\"975\" alt=\"La reina Letizia con unos pendientes de Yanes.\" data-voc-vtm-id=\"in-text-traffic\">\n<\/div><figcaption class=\"v-fc\">\n<span class=\"v-fc__t\"><br \/>\nLa reina Letizia con unos pendientes de Yanes.<br \/>\n<\/span><br \/>\n<span class=\"v-fc__p\"><br \/>\nlimited pictures<br \/>\n<\/span><br \/>\n<\/figcaption><\/div>\n<\/div>\n<\/article>\n<\/div>\n<\/div>\n<p class=\"voc-paragraph\">Y esta vez no pod\u00eda ser menos. De esta forma, la reina puso un toque m\u00e1s sofisticado y femenino al outfit que potenci\u00f3 con un<strong> anillo a juego<\/strong>. En el dedo anular de su mano derecha -y sin quitarse el de Coreterno del dedo \u00edndice-, la reina se atrevi\u00f3 con una otra joya nueva.<\/p>\n<div class=\"v-c-cmp v-c-cmp--t1 \">\n<div class=\"v-cmp-rld v-cmp-rld--2 \">\n<div class=\"v-cnt-m v-cnt-m--m\">\n<div class=\"v-cnt-m__c\">\n<div class=\"v-cnt-m__w v-cnt-m__w--1\">\n<p class=\"v-cnt-m__t\">\nTAMBI\u00c9N TE INTERESA\n<\/p>\n<\/div>\n<\/div>\n<\/div>\n<div class=\"v-g v-g--2-c v-g--bdr-min-xs\">\n<div class=\"v-g__c \">\n<article class=\"v-a v-a--cmp-rld v-a--cmp-rld-2 v-a--p-l\">\n<div class=\"v-a-img-c\">\n<figure class=\"v-a-fig\">\n<a href=\"https:\/\/www.mujerhoy.com\/moda\/no-te-pierdas\/reina-letizia-estrena-blusa-lazada-tendencia-favorita-2026-20260409121154-nt.html#vtm_modulosEngag=mod-rel:moda:noticia:1:cmp:2-not\" class=\"v-a-link\" title=\"La reina Letizia estrena la blusa m\u00e1s bonita de su armario en 2026: con lazo XL y estampado de rayas\"><br \/>\n<img loading=\"lazy\" class=\"v-a-img\" src=\"http:\/\/hoycordobaweb.com\/wp-content\/uploads\/2026\/04\/la-reina-letizia-estrena-su-mejor-look-de-2026-regresa-a-su-version-mas-elegante-con-un-vestido-rosa-y-zapatos-con-lazo-6.jpg\" alt=\"La reina Letizia estrena la blusa m\u00e1s bonita de su armario en 2026: con lazo XL y estampado de rayas\"><br \/>\n<\/a><br \/>\n<\/figure>\n<\/div>\n<\/article>\n<\/div>\n<div class=\"v-g__c \">\n<article class=\"v-a v-a--cmp-rld v-a--cmp-rld-2 v-a--p-l\">\n<div class=\"v-a-img-c\">\n<figure class=\"v-a-fig\">\n<a href=\"https:\/\/www.mujerhoy.com\/moda\/no-te-pierdas\/reina-letizia-look-primavera-traje-marfil-blusa-estampada-zapatos-sezane-20260408110355-nt.html#vtm_modulosEngag=mod-rel:moda:noticia:2:cmp:2-not\" class=\"v-a-link\" title=\"La reina Letizia tiene el look perfecto para primavera: traje color marfil, blusa estampada y los zapatos de tac\u00f3n m\u00e1s c\u00f3modos\"><br \/>\n<img loading=\"lazy\" class=\"v-a-img\" src=\"http:\/\/hoycordobaweb.com\/wp-content\/uploads\/2026\/04\/la-reina-letizia-estrena-su-mejor-look-de-2026-regresa-a-su-version-mas-elegante-con-un-vestido-rosa-y-zapatos-con-lazo-7.jpg\" alt=\"La reina Letizia tiene el look perfecto para primavera: traje color marfil, blusa estampada y los zapatos de tac\u00f3n m\u00e1s c\u00f3modos\"><br \/>\n<\/a><br \/>\n<\/figure>\n<\/div>\n<\/article>\n<\/div>\n<\/div>\n<\/div>\n<\/div>\n<div class=\"media_block\"><\/div>\n","protected":false},"excerpt":{"rendered":"<p>A pesar de que la protagonista de la agenda oficial de la Casa Real de la semana ha sido una reina Sof\u00eda que ha participado en diferentes audiencias, los reyes Felipe y Letizia se han encargado de un encuentro muy especial: la visita oficial a Espa\u00f1a del Presidente de la Rep\u00fablica Portuguesa y su mujer. [&hellip;]<\/p>\n","protected":false},"author":1,"featured_media":135538,"comment_status":"closed","ping_status":"closed","sticky":false,"template":"","format":"standard","meta":[],"categories":[],"tags":[],"_links":{"self":[{"href":"http:\/\/hoycordobaweb.com\/index.php\/wp-json\/wp\/v2\/posts\/135537"}],"collection":[{"href":"http:\/\/hoycordobaweb.com\/index.php\/wp-json\/wp\/v2\/posts"}],"about":[{"href":"http:\/\/hoycordobaweb.com\/index.php\/wp-json\/wp\/v2\/types\/post"}],"author":[{"embeddable":true,"href":"http:\/\/hoycordobaweb.com\/index.php\/wp-json\/wp\/v2\/users\/1"}],"replies":[{"embeddable":true,"href":"http:\/\/hoycordobaweb.com\/index.php\/wp-json\/wp\/v2\/comments?post=135537"}],"version-history":[{"count":0,"href":"http:\/\/hoycordobaweb.com\/index.php\/wp-json\/wp\/v2\/posts\/135537\/revisions"}],"wp:featuredmedia":[{"embeddable":true,"href":"http:\/\/hoycordobaweb.com\/index.php\/wp-json\/wp\/v2\/media\/135538"}],"wp:attachment":[{"href":"http:\/\/hoycordobaweb.com\/index.php\/wp-json\/wp\/v2\/media?parent=135537"}],"wp:term":[{"taxonomy":"category","embeddable":true,"href":"http:\/\/hoycordobaweb.com\/index.php\/wp-json\/wp\/v2\/categories?post=135537"},{"taxonomy":"post_tag","embeddable":true,"href":"http:\/\/hoycordobaweb.com\/index.php\/wp-json\/wp\/v2\/tags?post=135537"}],"curies":[{"name":"wp","href":"https:\/\/api.w.org\/{rel}","templated":true}]}}