{"id":13507,"date":"2021-02-24T12:12:00","date_gmt":"2021-02-24T12:12:00","guid":{"rendered":"https:\/\/fm-comunicar.com.ar\/contenido\/17101\/el-bloque-cambiemos-quiere-crear-un-registro-unico-de-vacunas-covid-19"},"modified":"2021-02-24T12:12:00","modified_gmt":"2021-02-24T12:12:00","slug":"el-bloque-cambiemos-quiere-crear-un-registro-unico-de-vacunas-covid-19","status":"publish","type":"post","link":"http:\/\/hoycordobaweb.com\/index.php\/2021\/02\/24\/el-bloque-cambiemos-quiere-crear-un-registro-unico-de-vacunas-covid-19\/","title":{"rendered":"El Bloque Cambiemos quiere crear un \u00abRegistro \u00danico de Vacunas Covid-19\u00bb"},"content":{"rendered":"<p>El proyecto de ordenanza de la oposici\u00f3n entra en la primera sesi\u00f3n ordinaria del a\u00f1o del Concejo Deliberante de Colonia Caroya. Adem\u00e1s sugieren hacer p\u00fablico el listado de inmunizados.<img src=\"http:\/\/hoycordobaweb.com\/wp-content\/uploads\/2021\/02\/el-bloque-cambiemos-quiere-crear-un-registro-unico-de-vacunas-covid-19.jpg\"><\/p>\n","protected":false},"excerpt":{"rendered":"<p>El proyecto de ordenanza de la oposici\u00f3n entra en la primera sesi\u00f3n ordinaria del a\u00f1o del Concejo Deliberante de Colonia Caroya. Adem\u00e1s sugieren hacer p\u00fablico el listado de inmunizados.<\/p>\n","protected":false},"author":1,"featured_media":13508,"comment_status":"closed","ping_status":"closed","sticky":false,"template":"","format":"standard","meta":[],"categories":[18],"tags":[],"_links":{"self":[{"href":"http:\/\/hoycordobaweb.com\/index.php\/wp-json\/wp\/v2\/posts\/13507"}],"collection":[{"href":"http:\/\/hoycordobaweb.com\/index.php\/wp-json\/wp\/v2\/posts"}],"about":[{"href":"http:\/\/hoycordobaweb.com\/index.php\/wp-json\/wp\/v2\/types\/post"}],"author":[{"embeddable":true,"href":"http:\/\/hoycordobaweb.com\/index.php\/wp-json\/wp\/v2\/users\/1"}],"replies":[{"embeddable":true,"href":"http:\/\/hoycordobaweb.com\/index.php\/wp-json\/wp\/v2\/comments?post=13507"}],"version-history":[{"count":0,"href":"http:\/\/hoycordobaweb.com\/index.php\/wp-json\/wp\/v2\/posts\/13507\/revisions"}],"wp:featuredmedia":[{"embeddable":true,"href":"http:\/\/hoycordobaweb.com\/index.php\/wp-json\/wp\/v2\/media\/13508"}],"wp:attachment":[{"href":"http:\/\/hoycordobaweb.com\/index.php\/wp-json\/wp\/v2\/media?parent=13507"}],"wp:term":[{"taxonomy":"category","embeddable":true,"href":"http:\/\/hoycordobaweb.com\/index.php\/wp-json\/wp\/v2\/categories?post=13507"},{"taxonomy":"post_tag","embeddable":true,"href":"http:\/\/hoycordobaweb.com\/index.php\/wp-json\/wp\/v2\/tags?post=13507"}],"curies":[{"name":"wp","href":"https:\/\/api.w.org\/{rel}","templated":true}]}}