{"id":13402,"date":"2021-02-22T16:23:00","date_gmt":"2021-02-22T16:23:00","guid":{"rendered":"http:\/\/hoycordobaweb.com\/index.php\/2021\/02\/22\/desde-el-fdt-piden-detalles-de-como-va-a-ser-el-plan-de-vacunacion-de-toda-la-ciudadania-portena\/"},"modified":"2021-02-22T16:23:00","modified_gmt":"2021-02-22T16:23:00","slug":"desde-el-fdt-piden-detalles-de-como-va-a-ser-el-plan-de-vacunacion-de-toda-la-ciudadania-portena","status":"publish","type":"post","link":"http:\/\/hoycordobaweb.com\/index.php\/2021\/02\/22\/desde-el-fdt-piden-detalles-de-como-va-a-ser-el-plan-de-vacunacion-de-toda-la-ciudadania-portena\/","title":{"rendered":"Desde el FdT piden detalles de \u00abc\u00f3mo va a ser el plan de vacunaci\u00f3n de toda la ciudadan\u00eda\u00bb porte\u00f1a"},"content":{"rendered":"<p><img src=\"http:\/\/hoycordobaweb.com\/wp-content\/uploads\/2021\/02\/desde-el-fdt-piden-detalles-de-como-va-a-ser-el-plan-de-vacunacion-de-toda-la-ciudadania-portena.jpg\"><\/p>\n<div class=\"image\" id=\"image\" readability=\"10\"> <img src=\"http:\/\/hoycordobaweb.com\/wp-content\/uploads\/2021\/02\/desde-el-fdt-piden-detalles-de-como-va-a-ser-el-plan-de-vacunacion-de-toda-la-ciudadania-portena-2.jpg\" alt=\"Javier Andrade, vicepresidente del bloque del Frente de Todos, pidi\u00f3 campa\u00f1as de concientizaci\u00f3n sobre las vacunas. \" title=\"Javier Andrade, vicepresidente del bloque del Frente de Todos, pidi\u00f3 campa\u00f1as de concientizaci\u00f3n sobre las vacunas. \"><\/p>\n<p>Javier Andrade, vicepresidente del bloque del Frente de Todos, pidi\u00f3 campa\u00f1as de concientizaci\u00f3n sobre las vacunas. <\/p>\n<\/div>\n<p><strong>El vicepresidente del bloque del Frente de Todos en la Legislatura porte\u00f1a<\/strong>, Javier Andrade, manifest\u00f3 este lunes <strong>\u00abpreocupaci\u00f3n\u00bb por la \u00abfalta de informaci\u00f3n\u00bb<\/strong> sobre las previsiones en cuanto a la <strong>aplicaci\u00f3n de la vacuna contra el coronavirus<\/strong> en el distrito y reclam\u00f3 que el Ejecutivo de la ciudad informe \u00abc\u00f3mo va a ser el plan de vacunaci\u00f3n de toda la ciudadan\u00eda\u00bb.<\/p>\n<p><strong>\u00abNo se han visto campa\u00f1as de concientizaci\u00f3n claras. Y desde el Ejecutivo, m\u00e1s all\u00e1 de entrar a la p\u00e1gina web, no hay manera de acceder a informaci\u00f3n concreta\u00bb,<\/strong> asever\u00f3 el legislador porte\u00f1o en declaraciones formuladas esta ma\u00f1ana a El Destape Radio.<\/p>\n<blockquote readability=\"8\">\n<p>\u00abNo se han visto campa\u00f1as de concientizaci\u00f3n claras. Y desde el Ejecutivo, m\u00e1s all\u00e1 de entrar a la p\u00e1gina web, no hay manera de acceder a informaci\u00f3n concreta\u00bb.<span class=\"comilla\">\u201d<\/span><\/p>\n<p><span>JAVIER ANDRADE<\/span><\/p>\n<\/blockquote>\n<p>En este sentido, consider\u00f3 \u00abimportante para bajar la incertidumbre\u00bb de los y las porte\u00f1as, que la administraci\u00f3n de Rodr\u00edguez Larreta informe \u00abc\u00f3mo va a ser el plan de vacunaci\u00f3n de toda la ciudadan\u00eda\u00bb, no s\u00f3lo del personal esencial y de los adultos mayores.<\/p>\n<div class=\"image\" id=\"image\" readability=\"7\"> <img src=\"http:\/\/hoycordobaweb.com\/wp-content\/uploads\/2021\/02\/desde-el-fdt-piden-detalles-de-como-va-a-ser-el-plan-de-vacunacion-de-toda-la-ciudadania-portena-3.jpg\" alt=\"Reclaman detalles sobre el plan de vacunaci\u00f3n porte\u00f1o en la Legislatura. \" title=\"Reclaman detalles sobre el plan de vacunaci\u00f3n porte\u00f1o en la Legislatura. \"><\/p>\n<p>Reclaman detalles sobre el plan de vacunaci\u00f3n porte\u00f1o en la Legislatura. <\/p>\n<\/div>\n<p>\u00abLo que vemos nosotros -se\u00f1al\u00f3 Andrade- es una falta de informaci\u00f3n importante en la Ciudad de Buenos Aires\u00bb, complet\u00f3 el legislador.<\/p>\n<p>Los datos de la campa\u00f1a<\/p>\n<p>En el primer d\u00eda de inicio del plan de vacunaci\u00f3n del gobierno porte\u00f1o a adultos mayores de 80 a\u00f1os contra la Covid-19 <strong>persist\u00edan los inconvenientes para acceder a un turno a trav\u00e9s del 147,<\/strong> la l\u00ednea oficial de la Ciudad, cuyos operadores invitaban a efectuar el empadronamiento telef\u00f3nico o <strong>v\u00eda web y \u00abvolver a llamar en la semana\u00bb debido a que \u00abno hay disponibilidad de turnos\u00bb.<\/strong><\/p>\n<p>La administraci\u00f3n que encabeza Horacio Rodr\u00edguez Larreta comenz\u00f3 este lunes su segunda etapa del Plan de Vacunaci\u00f3n contra la Covid-19, orientada a los adultos mayores de 80 a\u00f1os y a quienes viven en geri\u00e1tricos, quienes ser\u00e1n inmunizados con la vacuna Covishield, producida por la Universidad de Oxford y la farmac\u00e9utica AstraZeneca.<\/p>\n<p>En ese operativo porte\u00f1o, <strong>participan 29 centros p\u00fablicos como vacunatorios, entre ellos clubes, edificios de gobierno y centros culturales<\/strong>. A ellos se suman siete puntos de vacunaci\u00f3n en sitios privados y ocho unidades m\u00f3viles, estas \u00faltimas dedicadas a inmunizar en residencias geri\u00e1tricas.<\/p>\n<p><strong>En todos los casos, estar\u00e1n habilitados de lunes a viernes, de 8 a 17.<\/strong><\/p>\n<p>Hasta la madrugada del s\u00e1bado, y pese al colapso durante el fin de semana de su p\u00e1gina web https:\/\/www.buenosaires.gob.ar\/coronavirus\/vacunacion-covid-19\/adultos-mayores, el gobierno de la Ciudad inform\u00f3 que contaba con 40.000 turnos asignados.<\/p>\n<p><strong>Y, hasta las 15:00 horas del domingo hab\u00eda 47.000 personas empadronadas.<\/strong><\/p>\n<p>Con todo, esta ma\u00f1ana, la l\u00ednea 147 informaba, a todos quienes llamasen y a trav\u00e9s de un mensaje grabado, que \u00aben este momento no podemos asignarte un turno para la vacunaci\u00f3n contra la Covid19 ya que todos han sido asignados. Para que te informemos cu\u00e1ndo haya nuevos turnos pod\u00e9s empadronarte ingresando en (el sitio web) buenosaires.gob.ar\u00bb. <\/p>\n","protected":false},"excerpt":{"rendered":"<p>Javier Andrade, vicepresidente del bloque del Frente de Todos, pidi\u00f3 campa\u00f1as de concientizaci\u00f3n sobre las vacunas. El vicepresidente del bloque del Frente de Todos en la Legislatura porte\u00f1a, Javier Andrade, manifest\u00f3 este lunes \u00abpreocupaci\u00f3n\u00bb por la \u00abfalta de informaci\u00f3n\u00bb sobre las previsiones en cuanto a la aplicaci\u00f3n de la vacuna contra el coronavirus en el [&hellip;]<\/p>\n","protected":false},"author":1,"featured_media":13403,"comment_status":"open","ping_status":"closed","sticky":false,"template":"","format":"standard","meta":[],"categories":[19],"tags":[],"_links":{"self":[{"href":"http:\/\/hoycordobaweb.com\/index.php\/wp-json\/wp\/v2\/posts\/13402"}],"collection":[{"href":"http:\/\/hoycordobaweb.com\/index.php\/wp-json\/wp\/v2\/posts"}],"about":[{"href":"http:\/\/hoycordobaweb.com\/index.php\/wp-json\/wp\/v2\/types\/post"}],"author":[{"embeddable":true,"href":"http:\/\/hoycordobaweb.com\/index.php\/wp-json\/wp\/v2\/users\/1"}],"replies":[{"embeddable":true,"href":"http:\/\/hoycordobaweb.com\/index.php\/wp-json\/wp\/v2\/comments?post=13402"}],"version-history":[{"count":0,"href":"http:\/\/hoycordobaweb.com\/index.php\/wp-json\/wp\/v2\/posts\/13402\/revisions"}],"wp:featuredmedia":[{"embeddable":true,"href":"http:\/\/hoycordobaweb.com\/index.php\/wp-json\/wp\/v2\/media\/13403"}],"wp:attachment":[{"href":"http:\/\/hoycordobaweb.com\/index.php\/wp-json\/wp\/v2\/media?parent=13402"}],"wp:term":[{"taxonomy":"category","embeddable":true,"href":"http:\/\/hoycordobaweb.com\/index.php\/wp-json\/wp\/v2\/categories?post=13402"},{"taxonomy":"post_tag","embeddable":true,"href":"http:\/\/hoycordobaweb.com\/index.php\/wp-json\/wp\/v2\/tags?post=13402"}],"curies":[{"name":"wp","href":"https:\/\/api.w.org\/{rel}","templated":true}]}}