{"id":133119,"date":"2026-03-19T01:19:00","date_gmt":"2026-03-19T01:19:00","guid":{"rendered":"http:\/\/hoycordobaweb.com\/index.php\/2026\/03\/19\/murio-un-nadador-tras-una-clase-en-el-natatorio-alberto-zorrilla-se-descompenso-en-la-pileta\/"},"modified":"2026-03-19T01:19:00","modified_gmt":"2026-03-19T01:19:00","slug":"murio-un-nadador-tras-una-clase-en-el-natatorio-alberto-zorrilla-se-descompenso-en-la-pileta","status":"publish","type":"post","link":"http:\/\/hoycordobaweb.com\/index.php\/2026\/03\/19\/murio-un-nadador-tras-una-clase-en-el-natatorio-alberto-zorrilla-se-descompenso-en-la-pileta\/","title":{"rendered":"Muri\u00f3 un nadador tras una clase en el natatorio Alberto Zorrilla: \u201cSe descompens\u00f3 en la pileta\u201d"},"content":{"rendered":"<div class=\"media_block\"><\/div>\n<div><img src=\"http:\/\/hoycordobaweb.com\/wp-content\/uploads\/2026\/03\/murio-un-nadador-tras-una-clase-en-el-natatorio-alberto-zorrilla-se-descompenso-en-la-pileta.jpg\" class=\"ff-og-image-inserted\"><\/div>\n<p>Un hombre de <strong>63 a\u00f1os muri\u00f3 este mi\u00e9rcoles por la ma\u00f1ana<\/strong> en el natatorio municipal Alberto Zorrilla, en <a target=\"_blank\" href=\"https:\/\/www.perfil.com\/noticias\/clima\/vuelve-la-calma-a-la-feliz-tras-el-temporal-se-espera-una-jornada-soleada-y-con-maxima-de-23-a35.phtml\" rel=\"noopener noreferrer\"><strong>Mar del Plata<\/strong><\/a>, tras <strong>descompensarse dentro de la pileta minutos despu\u00e9s de terminar una clase<\/strong>.<\/p>\n<p>El hecho ocurri\u00f3 cerca de las <strong>9.20<\/strong>, cuando el nadador, que participaba de una actividad de nivel intermedio, decidi\u00f3 quedarse en el agua realizando inmersiones, una pr\u00e1ctica que sol\u00eda repetir con frecuencia. En uno de esos intentos, <strong>no volvi\u00f3 a salir a la superficie<\/strong> y gener\u00f3 la alarma entre quienes estaban en el lugar.<\/p>\n<h2>Intentaron reanimarlo durante m\u00e1s de 40 minutos<\/h2>\n<p>Personal del natatorio inici\u00f3 de inmediato <strong>maniobras de reanimaci\u00f3n cardiopulmonar<\/strong> y utiliz\u00f3 un <strong>desfibrilador<\/strong>. Los intentos se extendieron durante <strong>m\u00e1s de 40 minutos<\/strong>, hasta la llegada de una ambulancia.<\/p>\n<div class=\"subscription\" readability=\"6.683257918552\">\n<p> Esto no les gusta a los autoritarios <\/p>\n<div class=\"subscription__container\" readability=\"6.1467391304348\">\n<div class=\"subscription__text-wrapper\" readability=\"31.20652173913\">\n<p> El ejercicio del periodismo profesional y cr\u00edtico es un pilar fundamental de la democracia. Por eso molesta a quienes creen ser los due\u00f1os de la verdad. <\/p>\n<\/p><\/div><\/div><\/div>\n<p>Los m\u00e9dicos continuaron con la asistencia, le suministraron <strong>ox\u00edgeno y adrenalina<\/strong>, pero <strong>no lograron revertir el cuadro<\/strong>. El hombre falleci\u00f3 en el mismo complejo deportivo.<\/p>\n<p>La pileta donde ocurri\u00f3 el hecho tiene una <strong>profundidad de aproximadamente siete metros<\/strong>.<\/p>\n<p class=\"destacadoNota\"><a target=\"_blank\" href=\"https:\/\/www.perfil.com\/noticias\/actualidad\/mar-del-plata-tuvo-su-peor-verano-desde-la-pandemia-casi-130-mil-turistas-menos-que-el-ano-pasado.phtml\" rel=\"noopener noreferrer\">Mar del Plata tuvo su peor verano desde la pandemia: casi 130 mil turistas menos que el a\u00f1o pasado<\/a><\/p>\n<p>Seg\u00fan trascendi\u00f3, el nadador hab\u00eda presentado el <strong>apto m\u00e9dico minutos antes de comenzar la actividad<\/strong>. El certificado ten\u00eda <strong>fecha reciente, del 12 de marzo<\/strong>.<\/p>\n<p>Adem\u00e1s, en la declaraci\u00f3n jurada <strong>no hab\u00eda informado enfermedades preexistentes ni el consumo de medicaci\u00f3n<\/strong>, pese a versiones que indicaban posibles antecedentes de salud.<\/p>\n<h2>El natatorio cerr\u00f3 sus puertas tras la tragedia<\/h2>\n<p>Desde el Ente Municipal de Deportes y Recreaci\u00f3n confirmaron el fallecimiento y dispusieron el <strong>cierre del natatorio durante toda la jornada<\/strong>.<\/p>\n<p>\u201cEl natatorio permanecer\u00e1 cerrado en el d\u00eda de la fecha por el lamentable fallecimiento de un alumno de la instituci\u00f3n. Las actividades se reanudar\u00e1n ma\u00f1ana con normalidad\u201d, informaron en un comunicado.<\/p>\n<p>Tambi\u00e9n expresaron su <strong>acompa\u00f1amiento a familiares, compa\u00f1eros y trabajadores del lugar<\/strong>, en medio de la conmoci\u00f3n por lo ocurrido.<\/p>\n<p>LB<\/p>\n","protected":false},"excerpt":{"rendered":"<p>Un hombre de 63 a\u00f1os muri\u00f3 este mi\u00e9rcoles por la ma\u00f1ana en el natatorio municipal Alberto Zorrilla, en Mar del Plata, tras descompensarse dentro de la pileta minutos despu\u00e9s de terminar una clase. El hecho ocurri\u00f3 cerca de las 9.20, cuando el nadador, que participaba de una actividad de nivel intermedio, decidi\u00f3 quedarse en el [&hellip;]<\/p>\n","protected":false},"author":1,"featured_media":133120,"comment_status":"closed","ping_status":"closed","sticky":false,"template":"","format":"standard","meta":[],"categories":[19],"tags":[1828,476,2925,2924],"_links":{"self":[{"href":"http:\/\/hoycordobaweb.com\/index.php\/wp-json\/wp\/v2\/posts\/133119"}],"collection":[{"href":"http:\/\/hoycordobaweb.com\/index.php\/wp-json\/wp\/v2\/posts"}],"about":[{"href":"http:\/\/hoycordobaweb.com\/index.php\/wp-json\/wp\/v2\/types\/post"}],"author":[{"embeddable":true,"href":"http:\/\/hoycordobaweb.com\/index.php\/wp-json\/wp\/v2\/users\/1"}],"replies":[{"embeddable":true,"href":"http:\/\/hoycordobaweb.com\/index.php\/wp-json\/wp\/v2\/comments?post=133119"}],"version-history":[{"count":0,"href":"http:\/\/hoycordobaweb.com\/index.php\/wp-json\/wp\/v2\/posts\/133119\/revisions"}],"wp:featuredmedia":[{"embeddable":true,"href":"http:\/\/hoycordobaweb.com\/index.php\/wp-json\/wp\/v2\/media\/133120"}],"wp:attachment":[{"href":"http:\/\/hoycordobaweb.com\/index.php\/wp-json\/wp\/v2\/media?parent=133119"}],"wp:term":[{"taxonomy":"category","embeddable":true,"href":"http:\/\/hoycordobaweb.com\/index.php\/wp-json\/wp\/v2\/categories?post=133119"},{"taxonomy":"post_tag","embeddable":true,"href":"http:\/\/hoycordobaweb.com\/index.php\/wp-json\/wp\/v2\/tags?post=133119"}],"curies":[{"name":"wp","href":"https:\/\/api.w.org\/{rel}","templated":true}]}}