{"id":133105,"date":"2026-03-19T00:29:12","date_gmt":"2026-03-19T00:29:12","guid":{"rendered":"https:\/\/www.ole.com.ar\/futbol-internacional\/america\/increible-debut-medina-patadon-roja-palmeiras_0_c1T17Oczol.html"},"modified":"2026-03-19T00:29:12","modified_gmt":"2026-03-19T00:29:12","slug":"video-medina-tremendo-patadon-y-roja-ante-palmeiras","status":"publish","type":"post","link":"http:\/\/hoycordobaweb.com\/index.php\/2026\/03\/19\/video-medina-tremendo-patadon-y-roja-ante-palmeiras\/","title":{"rendered":"Video: Medina, tremendo patad\u00f3n y roja ante Palmeiras"},"content":{"rendered":"<p><img src=\"http:\/\/hoycordobaweb.com\/wp-content\/uploads\/2026\/03\/video-medina-tremendo-patadon-y-roja-ante-palmeiras.jpg\"><\/p>\n<p><time class=\"createDate\" datetime=\"2026-03-18T21:29:12-03:00\">18\/03\/2026 21:29hs.<\/time><\/p>\n<div id=\"storyBody\">\n<div id=\"element-body-0\" class=\"sc-136cd478-0 ekTCfV\" readability=\"27.120418848168\">\n<p>En su segundo partido, <strong><a href=\"https:\/\/www.ole.com.ar\/tema\/cristian-medina.html\" title=\"Cristian Medina\" alt=\"Cristian Medina\" class=\"slug\">Cristian Medina<\/a><\/strong> no tuvo las mejores sensaciones en <strong><a href=\"https:\/\/www.ole.com.ar\/tema\/botafogo.html\" title=\"Botafogo\" alt=\"Botafogo\" class=\"slug\"> Botafogo<\/a><\/strong>. No solo porque su equipo perdi\u00f3 2-1 con <a href=\"https:\/\/www.ole.com.ar\/tema\/palmeiras.html\" title=\"Palmeiras\" alt=\"Palmeiras\" class=\"slug\">Palmeiras<\/a>, <strong>sino porque el ex <a href=\"https:\/\/www.ole.com.ar\/tema\/estudiantes-de-la-plata.html\" title=\"Estudiantes de La Plata\" alt=\"Estudiantes de La Plata\" class=\"slug\">Estudiantes<\/a> dej\u00f3 a su equipo con 10.<\/strong><\/p>\n<\/div>\n<div id=\"element-body-1\" class=\"sc-136cd478-0 ekTCfV\" readability=\"38\">\n<p>Y es que sobre el final del primer tiempo, Jhon Arias se escap\u00f3 solo e iba directo al gol. Ah\u00ed, <strong>Medina lo corri\u00f3 de atr\u00e1s y, ante la imposibilidad de pararlo, lo baj\u00f3 con un tremendo patad\u00f3n.<\/strong> Y el \u00e1rbitro no dud\u00f3: <strong>roja directa y al vestuario.<\/strong><\/p>\n<\/div>\n<div id=\"element-body-2\" class=\"sc-136cd478-0 ekTCfV\" readability=\"39\">\n<p>As\u00ed, Botafogo se quedaba con 10 cuando el partido estaba 0-1 y con todo el segundo tiempo por delante. De hecho, en el arranque del complemento, <strong>el propio Arias extendi\u00f3 a\u00fan m\u00e1s la ventaja para Palmeiras <\/strong>y, si bien Danilo pudo descontar, el Fogao no pudo rescatar un empate.<\/p>\n<\/div>\n<div class=\"sc-e7b891c4-0 ifHnQL image-embed\" id=\"element-body-3\"><img alt=\"Medina dej\u00f3 con 10 a su equipo en el final del primer tiempo (REUTERS\/Jean Carniel).\" loading=\"lazy\" width=\"720\" height=\"100\" decoding=\"async\" data-nimg=\"1\" src=\"http:\/\/hoycordobaweb.com\/wp-content\/uploads\/2026\/03\/video-medina-tremendo-patadon-y-roja-ante-palmeiras-2.jpg\"><span class=\"epigraphe\">Medina dej\u00f3 con 10 a su equipo en el final del primer tiempo (REUTERS\/Jean Carniel).<\/span><\/div>\n<p><h2><strong>La roja a Medina en su debut con Botafogo<\/strong><\/h2>\n<\/p>\n<div id=\"element-body-5\" class=\"sc-ef81c825-1 evSCNc\"><figcaption class=\"JWvideoNota_title\">\n<p>Video: ge.<\/p>\n<\/figcaption><\/div>\n<p><h2><strong>Anselmi, en la cuerda floja<\/strong><\/h2>\n<\/p>\n<div class=\"sc-e7b891c4-0 ifHnQL image-embed\" id=\"element-body-7\"><img alt=\"Anselmi, en la cuerda floja (REUTERS\/Sergio Moraes).\" loading=\"lazy\" width=\"720\" height=\"100\" decoding=\"async\" data-nimg=\"1\" src=\"http:\/\/hoycordobaweb.com\/wp-content\/uploads\/2026\/03\/video-medina-tremendo-patadon-y-roja-ante-palmeiras-3.jpg\"><span class=\"epigraphe\">Anselmi, en la cuerda floja (REUTERS\/Sergio Moraes).<\/span><\/div>\n<div id=\"element-body-8\" class=\"sc-136cd478-0 ekTCfV\" readability=\"36\">\n<p>Con esta derrota, <strong>el DT argentino est\u00e1 en la cuerda floja.<\/strong> Luego de que su Botafogo quedara afuera ante Barcelona de Ecuador en el Repechaje de la Libertadores, su equipo no logra reaccionar y esta ca\u00edda frente a Palmeiras extiende la crisis.<\/p>\n<\/div>\n<div id=\"element-body-9\" class=\"sc-136cd478-0 ekTCfV\" readability=\"39\">\n<p>Sin ir mas lejos, <strong> el Fogao marcha 17\u00b0 en el Brasileirao, en zona de descenso, acumula cuatro derrotas consecutivas y apenas una victoria<\/strong>, en el debut. Con estos n\u00fameros, los hinchas piden su salida y su permanencia en el cargo corre peligro. \u00bfLo bancar\u00e1 la dirigencia?<\/p>\n<\/div>\n<div id=\"element-body-10\" class=\"sc-a7166897-0 eoLsBE\" readability=\"31.5\">\n<section readability=\"3\"><picture><img alt=\"Qui\u00e9n es Tom\u00e1s Palacios, la sorpresa en la convocatoria de la Selecci\u00f3n\" loading=\"lazy\" width=\"290\" height=\"290\" decoding=\"async\" data-nimg=\"1\" src=\"http:\/\/hoycordobaweb.com\/wp-content\/uploads\/2026\/03\/video-medina-tremendo-patadon-y-roja-ante-palmeiras-4.jpg\"><\/picture>\n<p><span>Mir\u00e1 tambi\u00e9n<\/span><\/p>\n<hr>\n<h3>Qui\u00e9n es Tom\u00e1s Palacios, la sorpresa en la convocatoria de la Selecci\u00f3n<\/h3>\n<\/p>\n<\/section>\n<\/div>\n<div id=\"element-body-11\" class=\"sc-a7166897-0 eoLsBE\" readability=\"31\">\n<section readability=\"2\"><picture><img alt=\"Video: as\u00ed fue el gol 900 de Messi\" loading=\"lazy\" width=\"290\" height=\"290\" decoding=\"async\" data-nimg=\"1\" src=\"http:\/\/hoycordobaweb.com\/wp-content\/uploads\/2026\/03\/video-medina-tremendo-patadon-y-roja-ante-palmeiras-5.jpg\"><\/picture>\n<p><span>Mir\u00e1 tambi\u00e9n<\/span><\/p>\n<hr>\n<h3>Video: as\u00ed fue el gol 900 de Messi<\/h3>\n<\/p>\n<\/section>\n<\/div>\n<div id=\"element-body-12\" class=\"sc-a7166897-0 eoLsBE\" readability=\"31\">\n<section readability=\"2\"><picture><img alt=\"Video: La incre\u00edble participaci\u00f3n de Messi y De Paul en un videoclip de Tini\" loading=\"lazy\" width=\"290\" height=\"290\" decoding=\"async\" data-nimg=\"1\" src=\"http:\/\/hoycordobaweb.com\/wp-content\/uploads\/2026\/03\/video-medina-tremendo-patadon-y-roja-ante-palmeiras-6.jpg\"><\/picture>\n<p><span>Mir\u00e1 tambi\u00e9n<\/span><\/p>\n<hr>\n<h3>Video: La incre\u00edble participaci\u00f3n de Messi y De Paul en un videoclip de Tini<\/h3>\n<\/p>\n<\/section>\n<\/div>\n<div id=\"element-body-13\" class=\"sc-a7166897-0 eoLsBE\" readability=\"31.5\">\n<section readability=\"3\"><picture><img alt=\"Bolivia y la preparaci\u00f3n para el Repechaje: &quot;Es el partido m\u00e1s importante en los \u00faltimos 30 a\u00f1os&quot;\" loading=\"lazy\" width=\"290\" height=\"290\" decoding=\"async\" data-nimg=\"1\" src=\"http:\/\/hoycordobaweb.com\/wp-content\/uploads\/2026\/03\/video-medina-tremendo-patadon-y-roja-ante-palmeiras-7.jpg\"><\/picture>\n<p><span>Mir\u00e1 tambi\u00e9n<\/span><\/p>\n<hr>\n<h3>Bolivia y la preparaci\u00f3n para el Repechaje: \u00abEs el partido m\u00e1s importante en los \u00faltimos 30 a\u00f1os\u00bb<\/h3>\n<\/p>\n<\/section>\n<\/div>\n<\/div>\n","protected":false},"excerpt":{"rendered":"<p>18\/03\/2026 21:29hs. En su segundo partido, Cristian Medina no tuvo las mejores sensaciones en Botafogo. No solo porque su equipo perdi\u00f3 2-1 con Palmeiras, sino porque el ex Estudiantes dej\u00f3 a su equipo con 10. Y es que sobre el final del primer tiempo, Jhon Arias se escap\u00f3 solo e iba directo al gol. Ah\u00ed, [&hellip;]<\/p>\n","protected":false},"author":1,"featured_media":133106,"comment_status":"open","ping_status":"closed","sticky":false,"template":"","format":"standard","meta":[],"categories":[16],"tags":[],"_links":{"self":[{"href":"http:\/\/hoycordobaweb.com\/index.php\/wp-json\/wp\/v2\/posts\/133105"}],"collection":[{"href":"http:\/\/hoycordobaweb.com\/index.php\/wp-json\/wp\/v2\/posts"}],"about":[{"href":"http:\/\/hoycordobaweb.com\/index.php\/wp-json\/wp\/v2\/types\/post"}],"author":[{"embeddable":true,"href":"http:\/\/hoycordobaweb.com\/index.php\/wp-json\/wp\/v2\/users\/1"}],"replies":[{"embeddable":true,"href":"http:\/\/hoycordobaweb.com\/index.php\/wp-json\/wp\/v2\/comments?post=133105"}],"version-history":[{"count":0,"href":"http:\/\/hoycordobaweb.com\/index.php\/wp-json\/wp\/v2\/posts\/133105\/revisions"}],"wp:featuredmedia":[{"embeddable":true,"href":"http:\/\/hoycordobaweb.com\/index.php\/wp-json\/wp\/v2\/media\/133106"}],"wp:attachment":[{"href":"http:\/\/hoycordobaweb.com\/index.php\/wp-json\/wp\/v2\/media?parent=133105"}],"wp:term":[{"taxonomy":"category","embeddable":true,"href":"http:\/\/hoycordobaweb.com\/index.php\/wp-json\/wp\/v2\/categories?post=133105"},{"taxonomy":"post_tag","embeddable":true,"href":"http:\/\/hoycordobaweb.com\/index.php\/wp-json\/wp\/v2\/tags?post=133105"}],"curies":[{"name":"wp","href":"https:\/\/api.w.org\/{rel}","templated":true}]}}