{"id":133087,"date":"2026-03-17T21:30:23","date_gmt":"2026-03-17T21:30:23","guid":{"rendered":"https:\/\/www.trendencias.com\/familia-maternidad-y-ninos\/begona-suarez-psicologa-ninos-altas-capacidades-tienen-mayor-conexion-eso-relacionan-ideas-rapido-analizan-profundidad"},"modified":"2026-03-17T21:30:23","modified_gmt":"2026-03-17T21:30:23","slug":"begona-suarez-psicologa-sobre-los-ninos-con-altas-capacidades-tienen-una-mayor-conexion-por-eso-relacionan-ideas-rapido-y-las-analizan-en-profundidad","status":"publish","type":"post","link":"http:\/\/hoycordobaweb.com\/index.php\/2026\/03\/17\/begona-suarez-psicologa-sobre-los-ninos-con-altas-capacidades-tienen-una-mayor-conexion-por-eso-relacionan-ideas-rapido-y-las-analizan-en-profundidad\/","title":{"rendered":"Bego\u00f1a Su\u00e1rez, psic\u00f3loga, sobre los ni\u00f1os con altas capacidades: \u201cTienen una mayor conexi\u00f3n. Por eso relacionan ideas r\u00e1pido y las analizan en profundidad\u201d"},"content":{"rendered":"<div><img src=\"http:\/\/hoycordobaweb.com\/wp-content\/uploads\/2026\/03\/begona-suarez-psicologa-sobre-los-ninos-con-altas-capacidades-tienen-una-mayor-conexion-por-eso-relacionan-ideas-rapido-y-las-analizan-en-profundidad.jpg\" class=\"ff-og-image-inserted\"><\/div>\n<p>Tener altas capacidades no implica sacar unas notas excelentes en el colegio. Es m\u00e1s, seg\u00fan <a rel=\"noopener, noreferrer\" href=\"https:\/\/www.infocop.es\/aumenta-un-2-el-alumnado-con-necesidad-de-apoyo-educativo-especifico\/\">el Consejo General de la Psicolog\u00eda de Espa\u00f1a<\/a>, un 7,3% del alumnado con necesidades espec\u00edficas de apoyo educativo ten\u00eda altas capacidades intelectuales. Olga Carmona y Alejandro Busto, ambos psic\u00f3logos, explican en su libro \u2018<a rel=\"nofollow, sponsored, noopener, noreferrer noopener\" target=\"_blank\" class=\"js-ecommerce\" id=\"link-ecommerce-1\" href=\"https:\/\/www.webedia-afilia.com\/redirect?url=https%3A%2F%2Fwww.casadellibro.com%2Flibro-hijos-con-altas-capacidades%2F9788418582370%2F12266956%3Fsrsltid%3DAfmBOoqFPOF3jexZrL7b-GRY7d0tlan1ScBC_Kdr4SPg1qHqEdKQVKK5&amp;category=familia-maternidad-y-ninos&amp;site=trendencias&amp;ecomPostExpiration=everlasting&amp;postId=652011\" data-vars-affiliate-url=\"https:\/\/www.casadellibro.com\/libro-hijos-con-altas-capacidades\/9788418582370\/12266956?srsltid=AfmBOoqFPOF3jexZrL7b-GRY7d0tlan1ScBC_Kdr4SPg1qHqEdKQVKK5\">Hijos con altas capacidades. El reto de educarlos<\/a>\u2019, que los ni\u00f1os con altas capacidades necesitan una educaci\u00f3n adaptada a sus necesidades espec\u00edficas, pero se perpet\u00faa el estereotipo de \u201cni\u00f1o prodigio\u201d y nos impiden ver su realidad de una forma objetiva y el sistema educativo <a rel=\"noopener, noreferrer\" href=\"https:\/\/daciu.com\/user\/articulos\/2024\/articulo-552-2024-2.pdf\">no siempre se adapta<\/a> a sus necesidades.<\/p>\n<p><!-- BREAK 1 --> <\/p>\n<p>Bego\u00f1a Su\u00e1rez, jefe de servicio de Psicolog\u00eda del <a rel=\"noopener, noreferrer\" href=\"https:\/\/hospitalvaldebebas.sanitas.es\/\">Hospital Blua Sanitas Valdebebas<\/a> y responsable de la Unidad de Altas Capacidades y Neurodivergencias, nos explica que \u201c<strong>el cerebro de las personas con altas capacidades no es simplemente \u2018m\u00e1s inteligente\u2019<\/strong>, sino que procesa la informaci\u00f3n de manera diferente\u201d. Puede existir una mayor conectividad entre distintas \u00e1reas cerebrales, as\u00ed como una activaci\u00f3n m\u00e1s eficiente de las redes asociadas al <a rel=\"noopener, noreferrer\" href=\"https:\/\/www.euroinnova.com\/blog\/que-es-el-pensamiento-complejo?srsltid=AfmBOoo0hpOaIz9wbP2TBKuiijD4wuUaNExWfaWdXHiMlUEhY8dvSeSk\">pensamiento complejo<\/a>.&nbsp;<\/p>\n<p><!-- BREAK 2 --><\/p>\n<p>\u201cEsta organizaci\u00f3n funcional puede facilitar la rapidez para establecer relaciones entre ideas o analizar informaci\u00f3n con profundidad, aunque tambi\u00e9n <strong>suele ir acompa\u00f1ada de una gran sensibilidad cognitiva y emocional<\/strong>\u201d, explica la experta. Cada ni\u00f1o tiene unas habilidades diferentes y aunque pueden presentar <a class=\"text-outboundlink\" href=\"https:\/\/www.trendencias.com\/familia-maternidad-y-ninos\/ninos-altas-capacidades-siempre-tienen-esta-caracteristica-primera-que-detectan-sus-padres\" data-vars-post-title=\"Los ni\u00f1os con altas capacidades siempre tienen esta caracter\u00edstica. Es la primera que detectan sus padres\" data-vars-post-url=\"https:\/\/www.trendencias.com\/familia-maternidad-y-ninos\/ninos-altas-capacidades-siempre-tienen-esta-caracteristica-primera-que-detectan-sus-padres\">algunas caracter\u00edsticas y\/o conductas comunes<\/a>, es completamente independiente y personal para cada uno de ellos.<\/p>\n<p><!-- BREAK 3 --> <\/p>\n<p>Diana Cam\u00edn, psic\u00f3loga sanitaria de Blua de Sanitas, s\u00ed que asegura que hay algo que tienen en com\u00fan y es que las personas con altas capacidades suelen mostrar una activaci\u00f3n cognitiva intensa con temas que les interesan y \u201ctienden a buscar desaf\u00edos que estimulen su pensamiento\u201d, afirma. \u201cEsta <strong>necesidad de profundizar y aprender de forma aut\u00f3noma<\/strong> forma parte de su manera de procesar la informaci\u00f3n\u201d.&nbsp;<\/p>\n<p><!-- BREAK 4 --><\/p>\n<p>Con el objetivo de que el desarrollo de los ni\u00f1os con altas capacidades sea \u00f3ptimo hay que fomentar la educaci\u00f3n emocional desde edades tempranas, como explican Su\u00e1rez y Cam\u00edn, y atender a signos de malestar psicol\u00f3gico, ya que la forma en que se percibe y valida su manera de pensar y de sentir emociones tiene un gran impacto en su bienestar. \u201cCuando un ni\u00f1o o adolescente percibe que piensa o siente de manera distinta y no encuentra un espacio de validaci\u00f3n, <strong>puede desarrollar estrategias de camuflaje para encajar<\/strong>, lo que incrementa el riesgo de agotamiento emocional\u201d, explicaba Cam\u00edn, lo que es <a class=\"text-outboundlink\" href=\"https:\/\/www.trendencias.com\/familia-maternidad-y-ninos\/raquel-mascaraque-divulgadora-experta-neurociencia-ninas-altas-capacidades-estan-infradiagnosticadas\" data-vars-post-title=\"Una experta en neurociencia habla las altas capacidades en ni\u00f1os y en ni\u00f1as: &quot;Enmascaran sus comportamientos para no destacar&quot;\" data-vars-post-url=\"https:\/\/www.trendencias.com\/familia-maternidad-y-ninos\/raquel-mascaraque-divulgadora-experta-neurociencia-ninas-altas-capacidades-estan-infradiagnosticadas\">especialmente patente en las ni\u00f1as que se esfuerzan m\u00e1s por encajar<\/a> socialmente.&nbsp;<\/p>\n<p><!-- BREAK 5 --><\/p>\n<p><em>Nota: algunos de los enlaces de este art\u00edculo son afiliados y pueden reportar un beneficio a Trendencias.<\/em><\/p>\n<p>Fotos | Cortes\u00eda de Sanitas, <a rel=\"noopener, noreferrer\" href=\"https:\/\/unsplash.com\/es\/@joshapplegate?utm_source=unsplash&amp;utm_medium=referral&amp;utm_content=creditCopyText\">Josh Applegate<\/a> en<a rel=\"noopener, noreferrer\" href=\"https:\/\/unsplash.com\/es\/fotos\/chica-sentada-mientras-lee-un-libro-p_KJvKVsH14?utm_source=unsplash&amp;utm_medium=referral&amp;utm_content=creditCopyText\">&nbsp;Unsplash<\/a><\/p>\n<p>En Trendencias | <a class=\"text-outboundlink\" href=\"https:\/\/www.trendencias.com\/propuestas-y-consejos\/107-adivinanzas-originales-respuesta-incluida\" data-vars-post-title=\"112 adivinanzas originales con respuesta incluida\" data-vars-post-url=\"https:\/\/www.trendencias.com\/propuestas-y-consejos\/107-adivinanzas-originales-respuesta-incluida\">112 adivinanzas originales con respuesta incluida<\/a><\/p>\n<p>En Trendencias | <a class=\"text-outboundlink\" href=\"https:\/\/www.trendencias.com\/propuestas-y-consejos\/101-mejores-preguntas-para-conocer-a-alguien\" data-vars-post-title=\"Las 101 mejores preguntas para conocer a alguien\" data-vars-post-url=\"https:\/\/www.trendencias.com\/propuestas-y-consejos\/101-mejores-preguntas-para-conocer-a-alguien\">Las 101 mejores preguntas para conocer a alguien<\/a><\/p>\n","protected":false},"excerpt":{"rendered":"<p>Tener altas capacidades no implica sacar unas notas excelentes en el colegio. Es m\u00e1s, seg\u00fan el Consejo General de la Psicolog\u00eda de Espa\u00f1a, un 7,3% del alumnado con necesidades espec\u00edficas de apoyo educativo ten\u00eda altas capacidades intelectuales. Olga Carmona y Alejandro Busto, ambos psic\u00f3logos, explican en su libro \u2018Hijos con altas capacidades. El reto de [&hellip;]<\/p>\n","protected":false},"author":1,"featured_media":133088,"comment_status":"closed","ping_status":"closed","sticky":false,"template":"","format":"standard","meta":[],"categories":[],"tags":[],"_links":{"self":[{"href":"http:\/\/hoycordobaweb.com\/index.php\/wp-json\/wp\/v2\/posts\/133087"}],"collection":[{"href":"http:\/\/hoycordobaweb.com\/index.php\/wp-json\/wp\/v2\/posts"}],"about":[{"href":"http:\/\/hoycordobaweb.com\/index.php\/wp-json\/wp\/v2\/types\/post"}],"author":[{"embeddable":true,"href":"http:\/\/hoycordobaweb.com\/index.php\/wp-json\/wp\/v2\/users\/1"}],"replies":[{"embeddable":true,"href":"http:\/\/hoycordobaweb.com\/index.php\/wp-json\/wp\/v2\/comments?post=133087"}],"version-history":[{"count":0,"href":"http:\/\/hoycordobaweb.com\/index.php\/wp-json\/wp\/v2\/posts\/133087\/revisions"}],"wp:featuredmedia":[{"embeddable":true,"href":"http:\/\/hoycordobaweb.com\/index.php\/wp-json\/wp\/v2\/media\/133088"}],"wp:attachment":[{"href":"http:\/\/hoycordobaweb.com\/index.php\/wp-json\/wp\/v2\/media?parent=133087"}],"wp:term":[{"taxonomy":"category","embeddable":true,"href":"http:\/\/hoycordobaweb.com\/index.php\/wp-json\/wp\/v2\/categories?post=133087"},{"taxonomy":"post_tag","embeddable":true,"href":"http:\/\/hoycordobaweb.com\/index.php\/wp-json\/wp\/v2\/tags?post=133087"}],"curies":[{"name":"wp","href":"https:\/\/api.w.org\/{rel}","templated":true}]}}