{"id":133083,"date":"2026-03-17T10:07:07","date_gmt":"2026-03-17T10:07:07","guid":{"rendered":"https:\/\/www.mujerhoy.com\/vivir\/decoracion\/tendencias-color-decoracion-primavera-verano-2026-arrasan-casas-elegantes-20260317160259-nt.html"},"modified":"2026-03-17T10:07:07","modified_gmt":"2026-03-17T10:07:07","slug":"cinco-combinaciones-de-colores-inesperadas-que-arrasaran-en-tu-casa-esta-primavera-verano","status":"publish","type":"post","link":"http:\/\/hoycordobaweb.com\/index.php\/2026\/03\/17\/cinco-combinaciones-de-colores-inesperadas-que-arrasaran-en-tu-casa-esta-primavera-verano\/","title":{"rendered":"Cinco combinaciones de colores inesperadas que arrasar\u00e1n en tu casa esta primavera-verano"},"content":{"rendered":"<p><!-- AUTHOR --><\/p>\n<div class=\"voc-author-timesocial \">\n<!-- AUTHOR --><\/p>\n<div class=\"voc-author-timesocial__signature \">\n<!-- IMAGE AUTHOR -->\n<picture class=\"voc-image-signature\">\n<img class=\"voc-image-signature__img\" src=\"http:\/\/hoycordobaweb.com\/wp-content\/uploads\/2026\/03\/cinco-combinaciones-de-colores-inesperadas-que-arrasaran-en-tu-casa-esta-primavera-verano.jpg\" alt=\"Ana Calvo\">\n<\/picture>\n<!-- INFO AUTHOR --><\/p>\n<div class=\"voc-author-timesocial__info\" data-mrf-recirculation=\"Autor\">\n<div class=\"voc-author-info\">\n<author><br \/>\n<a class=\"voc-author\" href=\"https:\/\/www.mujerhoy.com\/autor\/ana-calvo-1186.html\">Ana Calvo<\/a><br \/>\n<\/author><br \/>\n<!-- TIME --><br \/>\n<time datetime=\"2026-03-17T10:07:07Z\" data-timestamp><br \/>\nPublicado \u00b7 <span data-voc-date-modified-short> 17 de marzo de 2026, 11:07 h <\/span><br \/>\n<\/time>\n<\/div>\n<\/div>\n<\/div><\/div>\n<p><!-- COMPONENTS --><\/p>\n<p class=\"voc-paragraph\">Estamos a las puertas de la nueva estaci\u00f3n y este mes de marzo, por fin, nos da una tregua de sol y temperaturas c\u00e1lidas que hacen que, de forma irrefrenable, empecemos a <strong>activar el modo primavera<\/strong> en nuestra vida. Adi\u00f3s, medias y abrigo; hola, caf\u00e9 en una terracita. Y, por supuesto, <a href=\"https:\/\/www.mujerhoy.com\/vivir\/decoracion\/muebles-abuela-inesperada-tendencia-decoracion-arrasa-casas-bonitas-20260227160757-nt.html\" title=\"www.mujerhoy.com\" data-voc-vtm-id=\"in-text-traffic\" data-mrf-link=\"www.mujerhoy.com\">bienvenidas, nuevas tendencias<\/a>.<\/p>\n<p class=\"voc-paragraph\">Esta nueva temporada, <strong>el color manda en decoraci\u00f3n<\/strong>, pero las tendencias apuntan hacia paletas org\u00e1nicas, sofisticadas y muy equilibradas. En esta ocasi\u00f3n, ya no se busca tanto el impacto a primera vista como la armon\u00eda de los espacios que se genera a trav\u00e9s de <a href=\"https:\/\/www.mujerhoy.com\/vivir\/decoracion\/tendencias-decoracion-primavera-muebles-colores-amazon-baratos-20260311162321-nt.html\" title=\"www.mujerhoy.com\" data-voc-vtm-id=\"in-text-traffic\" data-mrf-link=\"www.mujerhoy.com\">colores que dialogan entre s\u00ed de forma natural<\/a>.<\/p>\n<div class=\"v-c-cmp v-c-cmp--t1 \">\n<div class=\"v-cmp-rld v-cmp-rld--2 \">\n<div class=\"v-cnt-m v-cnt-m--m\">\n<div class=\"v-cnt-m__c\">\n<div class=\"v-cnt-m__w v-cnt-m__w--1\">\n<p class=\"v-cnt-m__t\">\nTAMBI\u00c9N TE INTERESA\n<\/p>\n<\/div>\n<\/div>\n<\/div>\n<div class=\"v-g v-g--2-c v-g--bdr-min-xs\">\n<div class=\"v-g__c \">\n<article class=\"v-a v-a--cmp-rld v-a--cmp-rld-2 v-a--p-l\">\n<div class=\"v-a-img-c\">\n<figure class=\"v-a-fig\">\n<a href=\"https:\/\/www.mujerhoy.com\/vivir\/decoracion\/siempreviva-flor-mas-resistente-no-necesita-riego-no-muere-cuidados-faciles-simbolismo-proteccion-buena-suerte-20260307163349-nt.html#vtm_modulosEngag=mod-rel:vivir:noticia:1:cmp:2-not\" class=\"v-a-link\" title=\"Esta flor de mil colores no necesita riego, nunca se muere y protege tu casa de la mala suerte\"><br \/>\n<img loading=\"lazy\" class=\"v-a-img\" src=\"http:\/\/hoycordobaweb.com\/wp-content\/uploads\/2026\/03\/cinco-combinaciones-de-colores-inesperadas-que-arrasaran-en-tu-casa-esta-primavera-verano-1.jpg\" alt=\"Esta flor de mil colores no necesita riego, nunca se muere y protege tu casa de la mala suerte\"><br \/>\n<\/a><br \/>\n<\/figure>\n<\/div>\n<\/article>\n<\/div>\n<div class=\"v-g__c \">\n<article class=\"v-a v-a--cmp-rld v-a--cmp-rld-2 v-a--p-l\">\n<div class=\"v-a-img-c\">\n<figure class=\"v-a-fig\">\n<a href=\"https:\/\/www.mujerhoy.com\/vivir\/decoracion\/ambientador-mercadona-huele-perfume-mas-caro-mundo-casas-ricos-elegantes-20260310153339-nt.html#vtm_modulosEngag=mod-rel:vivir:noticia:2:cmp:2-not\" class=\"v-a-link\" title=\"Este ambientador de 1 euro huele como el perfume m\u00e1s caro del mundo y no falta en las casas m\u00e1s elegantes y lujosas\"><br \/>\n<img loading=\"lazy\" class=\"v-a-img\" src=\"http:\/\/hoycordobaweb.com\/wp-content\/uploads\/2026\/03\/cinco-combinaciones-de-colores-inesperadas-que-arrasaran-en-tu-casa-esta-primavera-verano-2.jpg\" alt=\"Este ambientador de 1 euro huele como el perfume m\u00e1s caro del mundo y no falta en las casas m\u00e1s elegantes y lujosas\"><br \/>\n<\/a><br \/>\n<\/figure>\n<\/div>\n<\/article>\n<\/div>\n<\/div>\n<\/div>\n<\/div>\n<p class=\"voc-paragraph\">En t\u00e9rminos generales, <strong>esta primavera-verano<\/strong> veremos c\u00f3mo los salones se pintan de tonos terrosos, marrones intensos y azules profundos; mientras que los dormitorios apuestan por gamas empolvadas y oscuros suaves; y los verdes vegetales, las notas arcilla, piedra y topo reinar\u00e1n en ba\u00f1os y cocinas. Y un nuevo color comod\u00edn que toma el testigo del blanco: el amarillo mantequilla.<\/p>\n<p><h3 class=\"v-cmp-suh\">\nCinco combinaciones de color para la primavera-verano<br \/>\n<\/h3>\n<\/p>\n<p class=\"voc-paragraph\">Esta apuesta que podr\u00eda parecer poco arriesgada por el color se sofistica y eleva, sin embargo, con <strong>combinaciones inesperadas<\/strong> y del todo inspiradoras que podemos conseguir a trav\u00e9s de mezclas perfectas. Una vez m\u00e1s, no se busca el grito crom\u00e1tico sino el susurro elegante de tonos que crean una melod\u00eda bien afinada en nuestros hogares.<\/p>\n<div class=\"v-c-cmp v-c-cmp--s\">\n<div class=\"v-cmp-m \">\n<article class=\"v-a v-a--cmp-m v-c-cmp--m-z\">\n<div class=\"v-a-img-c \">\n<div class=\"v-a-fig\">\n<button class=\"v-a-link\" popovertarget=\"photo-695\"><br \/>\n<img loading=\"lazy\" src=\"http:\/\/hoycordobaweb.com\/wp-content\/uploads\/2026\/03\/cinco-combinaciones-de-colores-inesperadas-que-arrasaran-en-tu-casa-esta-primavera-verano-3.jpg\" class=\"v-a-img\" width=\"650\" height=\"650\" alt=\"Blanco roto + arena + madera.\" data-voc-vtm-id=\"in-text-traffic\"> <\/button><figcaption class=\"v-fc\">\n<span class=\"v-fc__t\"><br \/>\nBlanco roto + arena + madera.<br \/>\n<\/span><br \/>\n<span class=\"v-fc__p\"><br \/>\nUNSPLASH<br \/>\n<\/span><br \/>\n<\/figcaption><\/div>\n<\/div>\n<div id=\"photo-695\" popover class=\"v-mdl v-mdl--fw\">\n<button class=\"v-x\" popovertarget=\"photo-695\" popovertargetaction=\"hide\"><br \/>\n<span class=\"v-i\"><br \/>\n<svg width=\"24\" height=\"23.996\" viewBox=\"0 0 24 23.996\">\n<path data-name=\"Uni\u00f3n 29\" d=\"M12,14.03,2.031,24,0,21.963,9.968,12,0,2.033,2.031,0,12,9.966,21.969,0,24,2.033,14.032,12,24,21.963,21.969,24Z\" \/>\n<\/svg><br \/>\n<\/span><br \/>\n<\/button><\/p>\n<div class=\"v-mdl__c\">\n<div class=\"v-mdl__w\">\n<img loading=\"lazy\" src=\"http:\/\/hoycordobaweb.com\/wp-content\/uploads\/2026\/03\/cinco-combinaciones-de-colores-inesperadas-que-arrasaran-en-tu-casa-esta-primavera-verano-3.jpg\" class=\"v-mdl__img-z\" width=\"650\" height=\"650\" alt>\n<\/div>\n<\/div>\n<\/div>\n<p><span class=\"v-bdp\"><\/span><br \/>\n<\/article>\n<\/div>\n<\/div>\n<p class=\"voc-paragraph\">La primera es un cl\u00e1sico y, a la vez, una de las combinaciones m\u00e1s refinadas que podemos hacer: la del <strong>blanco roto con tonos arena y madera natural<\/strong>. El blanco puro deja paso a tonos m\u00e1s cremosos y c\u00e1lidos, muy en la l\u00ednea del Cloud Dancer que eligi\u00f3 Pantone como color del a\u00f1o, que aportan una sensaci\u00f3n m\u00e1s acogedora y sofisticada, creando interiores luminosos, tranquilos y atemporales.<\/p>\n<div class=\"v-c-cmp v-c-cmp--s\">\n<div class=\"v-cmp-m \">\n<article class=\"v-a v-a--cmp-m v-c-cmp--m-z\">\n<div class=\"v-a-img-c \">\n<div class=\"v-a-fig\">\n<button class=\"v-a-link\" popovertarget=\"photo-272\"><br \/>\n<img loading=\"lazy\" src=\"http:\/\/hoycordobaweb.com\/wp-content\/uploads\/2026\/03\/cinco-combinaciones-de-colores-inesperadas-que-arrasaran-en-tu-casa-esta-primavera-verano-4.jpg\" class=\"v-a-img\" width=\"650\" height=\"650\" alt=\"Terracotas con detalles en verde.\" data-voc-vtm-id=\"in-text-traffic\"> <\/button><figcaption class=\"v-fc\">\n<span class=\"v-fc__t\"><br \/>\nTerracotas con detalles en verde.<br \/>\n<\/span><br \/>\n<span class=\"v-fc__p\"><br \/>\nUNSPLASH<br \/>\n<\/span><br \/>\n<\/figcaption><\/div>\n<\/div>\n<div id=\"photo-272\" popover class=\"v-mdl v-mdl--fw\">\n<button class=\"v-x\" popovertarget=\"photo-272\" popovertargetaction=\"hide\"><br \/>\n<span class=\"v-i\"><br \/>\n<svg width=\"24\" height=\"23.996\" viewBox=\"0 0 24 23.996\">\n<path data-name=\"Uni\u00f3n 29\" d=\"M12,14.03,2.031,24,0,21.963,9.968,12,0,2.033,2.031,0,12,9.966,21.969,0,24,2.033,14.032,12,24,21.963,21.969,24Z\" \/>\n<\/svg><br \/>\n<\/span><br \/>\n<\/button><\/p>\n<div class=\"v-mdl__c\">\n<div class=\"v-mdl__w\">\n<img loading=\"lazy\" src=\"http:\/\/hoycordobaweb.com\/wp-content\/uploads\/2026\/03\/cinco-combinaciones-de-colores-inesperadas-que-arrasaran-en-tu-casa-esta-primavera-verano-4.jpg\" class=\"v-mdl__img-z\" width=\"650\" height=\"650\" alt>\n<\/div>\n<\/div>\n<\/div>\n<p><span class=\"v-bdp\"><\/span><br \/>\n<\/article>\n<\/div>\n<\/div>\n<p class=\"voc-paragraph\">Otra paleta clave de la temporada mezcla <strong>terracotas y tostados con verdes naturales<\/strong> como el oliva o musgo. Esta una combinaci\u00f3n inspirada en la naturaleza no solo transmite calidez, serenidad y notas de frescura, tambi\u00e9n logra un equilibrio muy elegante y contempor\u00e1neo que, sin embargo, no pasa de moda.<\/p>\n<div class=\"v-c-cmp v-c-cmp--s\">\n<div class=\"v-cmp-m \">\n<article class=\"v-a v-a--cmp-m v-c-cmp--m-z\">\n<div class=\"v-a-img-c \">\n<div class=\"v-a-fig\">\n<button class=\"v-a-link\" popovertarget=\"photo-590\"><br \/>\n<img loading=\"lazy\" src=\"http:\/\/hoycordobaweb.com\/wp-content\/uploads\/2026\/03\/cinco-combinaciones-de-colores-inesperadas-que-arrasaran-en-tu-casa-esta-primavera-verano-5.jpg\" class=\"v-a-img\" width=\"650\" height=\"650\" alt=\"Azul\u00f3n.\" data-voc-vtm-id=\"in-text-traffic\"> <\/button><figcaption class=\"v-fc\">\n<span class=\"v-fc__t\"><br \/>\nAzul\u00f3n.<br \/>\n<\/span><br \/>\n<span class=\"v-fc__p\"><br \/>\nUNSPLASH<br \/>\n<\/span><br \/>\n<\/figcaption><\/div>\n<\/div>\n<div id=\"photo-590\" popover class=\"v-mdl v-mdl--fw\">\n<button class=\"v-x\" popovertarget=\"photo-590\" popovertargetaction=\"hide\"><br \/>\n<span class=\"v-i\"><br \/>\n<svg width=\"24\" height=\"23.996\" viewBox=\"0 0 24 23.996\">\n<path data-name=\"Uni\u00f3n 29\" d=\"M12,14.03,2.031,24,0,21.963,9.968,12,0,2.033,2.031,0,12,9.966,21.969,0,24,2.033,14.032,12,24,21.963,21.969,24Z\" \/>\n<\/svg><br \/>\n<\/span><br \/>\n<\/button><\/p>\n<div class=\"v-mdl__c\">\n<div class=\"v-mdl__w\">\n<img loading=\"lazy\" src=\"http:\/\/hoycordobaweb.com\/wp-content\/uploads\/2026\/03\/cinco-combinaciones-de-colores-inesperadas-que-arrasaran-en-tu-casa-esta-primavera-verano-5.jpg\" class=\"v-mdl__img-z\" width=\"650\" height=\"650\" alt>\n<\/div>\n<\/div>\n<\/div>\n<p><span class=\"v-bdp\"><\/span><br \/>\n<\/article>\n<\/div>\n<\/div>\n<p class=\"voc-paragraph\">Para quienes buscan un ambiente m\u00e1s sofisticado, <strong>el azul en sus tonalidades m\u00e1s intensas<\/strong> se erige como color protagonista de la temporada. Del petr\u00f3leo al cer\u00faleo e, incluso, el pavo real, combinar\u00e1 de maravilla con un beige c\u00e1lido. El primero, aporta car\u00e1cter y sensaci\u00f3n de lujo, mientras que el segundo suaviza el conjunto y mantiene la luminosidad. Un t\u00e1ndem perfecto para salones y dormitorios.<\/p>\n<div class=\"v-c-cmp v-c-cmp--s\">\n<div class=\"v-cmp-m \">\n<article class=\"v-a v-a--cmp-m v-c-cmp--m-z\">\n<div class=\"v-a-img-c \">\n<div class=\"v-a-fig\">\n<button class=\"v-a-link\" popovertarget=\"photo-833\"><br \/>\n<img loading=\"lazy\" src=\"http:\/\/hoycordobaweb.com\/wp-content\/uploads\/2026\/03\/cinco-combinaciones-de-colores-inesperadas-que-arrasaran-en-tu-casa-esta-primavera-verano-6.jpg\" class=\"v-a-img\" width=\"650\" height=\"650\" alt=\"Rosa p\u00e1lido + amarillo vanilla.\" data-voc-vtm-id=\"in-text-traffic\"> <\/button><figcaption class=\"v-fc\">\n<span class=\"v-fc__t\"><br \/>\nRosa p\u00e1lido + amarillo vanilla.<br \/>\n<\/span><br \/>\n<span class=\"v-fc__p\"><br \/>\nUNSPLASH<br \/>\n<\/span><br \/>\n<\/figcaption><\/div>\n<\/div>\n<div id=\"photo-833\" popover class=\"v-mdl v-mdl--fw\">\n<button class=\"v-x\" popovertarget=\"photo-833\" popovertargetaction=\"hide\"><br \/>\n<span class=\"v-i\"><br \/>\n<svg width=\"24\" height=\"23.996\" viewBox=\"0 0 24 23.996\">\n<path data-name=\"Uni\u00f3n 29\" d=\"M12,14.03,2.031,24,0,21.963,9.968,12,0,2.033,2.031,0,12,9.966,21.969,0,24,2.033,14.032,12,24,21.963,21.969,24Z\" \/>\n<\/svg><br \/>\n<\/span><br \/>\n<\/button><\/p>\n<div class=\"v-mdl__c\">\n<div class=\"v-mdl__w\">\n<img loading=\"lazy\" src=\"http:\/\/hoycordobaweb.com\/wp-content\/uploads\/2026\/03\/cinco-combinaciones-de-colores-inesperadas-que-arrasaran-en-tu-casa-esta-primavera-verano-6.jpg\" class=\"v-mdl__img-z\" width=\"650\" height=\"650\" alt>\n<\/div>\n<\/div>\n<\/div>\n<p><span class=\"v-bdp\"><\/span><br \/>\n<\/article>\n<\/div>\n<\/div>\n<p class=\"voc-paragraph\">Si queremos apostar por un ambiente m\u00e1s rom\u00e1ntico, con esos aires cottagecore que vuelven cada a\u00f1o con el buen tiempo, haz tuya la mezcla de <strong>rosa p\u00e1lido con amarillo mantequilla<\/strong>, dos tonos que aportar\u00e1n una energ\u00eda ligera y optimista, perfecta para esta \u00e9poca. Eso s\u00ed, si no quieres crear un efecto demasiado naive, apuesta por esta combinaci\u00f3n en detalles decorativos, textiles o piezas de acento.<\/p>\n<div class=\"v-c-cmp v-c-cmp--s\">\n<div class=\"v-cmp-m \">\n<article class=\"v-a v-a--cmp-m v-c-cmp--m-z\">\n<div class=\"v-a-img-c \">\n<div class=\"v-a-fig\">\n<button class=\"v-a-link\" popovertarget=\"photo-688\"><br \/>\n<img loading=\"lazy\" src=\"http:\/\/hoycordobaweb.com\/wp-content\/uploads\/2026\/03\/cinco-combinaciones-de-colores-inesperadas-que-arrasaran-en-tu-casa-esta-primavera-verano-7.jpg\" class=\"v-a-img\" width=\"650\" height=\"650\" alt=\"Burdeos + crema.\" data-voc-vtm-id=\"in-text-traffic\"> <\/button><figcaption class=\"v-fc\">\n<span class=\"v-fc__t\"><br \/>\nBurdeos + crema.<br \/>\n<\/span><br \/>\n<span class=\"v-fc__p\"><br \/>\nUNSPLASH<br \/>\n<\/span><br \/>\n<\/figcaption><\/div>\n<\/div>\n<div id=\"photo-688\" popover class=\"v-mdl v-mdl--fw\">\n<button class=\"v-x\" popovertarget=\"photo-688\" popovertargetaction=\"hide\"><br \/>\n<span class=\"v-i\"><br \/>\n<svg width=\"24\" height=\"23.996\" viewBox=\"0 0 24 23.996\">\n<path data-name=\"Uni\u00f3n 29\" d=\"M12,14.03,2.031,24,0,21.963,9.968,12,0,2.033,2.031,0,12,9.966,21.969,0,24,2.033,14.032,12,24,21.963,21.969,24Z\" \/>\n<\/svg><br \/>\n<\/span><br \/>\n<\/button><\/p>\n<div class=\"v-mdl__c\">\n<div class=\"v-mdl__w\">\n<img loading=\"lazy\" src=\"http:\/\/hoycordobaweb.com\/wp-content\/uploads\/2026\/03\/cinco-combinaciones-de-colores-inesperadas-que-arrasaran-en-tu-casa-esta-primavera-verano-7.jpg\" class=\"v-mdl__img-z\" width=\"650\" height=\"650\" alt>\n<\/div>\n<\/div>\n<\/div>\n<p><span class=\"v-bdp\"><\/span><br \/>\n<\/article>\n<\/div>\n<\/div>\n<p class=\"voc-paragraph\">Por \u00faltimo, para quienes prefieren interiores con m\u00e1s personalidad, una apuesta sofisticada es la que une un <strong>burdeos profundo combinado con crema<\/strong>. El burdeos aporta intensidad y dramatismo, mientras que el crema equilibra la composici\u00f3n y mantiene una atm\u00f3sfera elegante y envolvente.<\/p>\n","protected":false},"excerpt":{"rendered":"<p>Ana Calvo Publicado \u00b7 17 de marzo de 2026, 11:07 h Estamos a las puertas de la nueva estaci\u00f3n y este mes de marzo, por fin, nos da una tregua de sol y temperaturas c\u00e1lidas que hacen que, de forma irrefrenable, empecemos a activar el modo primavera en nuestra vida. Adi\u00f3s, medias y abrigo; hola, [&hellip;]<\/p>\n","protected":false},"author":1,"featured_media":133084,"comment_status":"closed","ping_status":"closed","sticky":false,"template":"","format":"standard","meta":[],"categories":[],"tags":[],"_links":{"self":[{"href":"http:\/\/hoycordobaweb.com\/index.php\/wp-json\/wp\/v2\/posts\/133083"}],"collection":[{"href":"http:\/\/hoycordobaweb.com\/index.php\/wp-json\/wp\/v2\/posts"}],"about":[{"href":"http:\/\/hoycordobaweb.com\/index.php\/wp-json\/wp\/v2\/types\/post"}],"author":[{"embeddable":true,"href":"http:\/\/hoycordobaweb.com\/index.php\/wp-json\/wp\/v2\/users\/1"}],"replies":[{"embeddable":true,"href":"http:\/\/hoycordobaweb.com\/index.php\/wp-json\/wp\/v2\/comments?post=133083"}],"version-history":[{"count":0,"href":"http:\/\/hoycordobaweb.com\/index.php\/wp-json\/wp\/v2\/posts\/133083\/revisions"}],"wp:featuredmedia":[{"embeddable":true,"href":"http:\/\/hoycordobaweb.com\/index.php\/wp-json\/wp\/v2\/media\/133084"}],"wp:attachment":[{"href":"http:\/\/hoycordobaweb.com\/index.php\/wp-json\/wp\/v2\/media?parent=133083"}],"wp:term":[{"taxonomy":"category","embeddable":true,"href":"http:\/\/hoycordobaweb.com\/index.php\/wp-json\/wp\/v2\/categories?post=133083"},{"taxonomy":"post_tag","embeddable":true,"href":"http:\/\/hoycordobaweb.com\/index.php\/wp-json\/wp\/v2\/tags?post=133083"}],"curies":[{"name":"wp","href":"https:\/\/api.w.org\/{rel}","templated":true}]}}