{"id":133081,"date":"2026-03-17T15:50:07","date_gmt":"2026-03-17T15:50:07","guid":{"rendered":"https:\/\/www.mujerhoy.com\/moda\/tendencias\/vaqueros-tendencia-primavera-flores-modelos-bonitos-20260317182808-nt.html"},"modified":"2026-03-17T15:50:07","modified_gmt":"2026-03-17T15:50:07","slug":"los-vaqueros-que-se-van-a-llevar-esta-primavera-son-de-flores-los-modelos-mas-bonitos","status":"publish","type":"post","link":"http:\/\/hoycordobaweb.com\/index.php\/2026\/03\/17\/los-vaqueros-que-se-van-a-llevar-esta-primavera-son-de-flores-los-modelos-mas-bonitos\/","title":{"rendered":"Los vaqueros que se van a llevar esta primavera son de flores: los modelos m\u00e1s bonitos"},"content":{"rendered":"<p><!-- AUTHOR --><\/p>\n<div class=\"voc-author-timesocial \">\n<!-- AUTHOR --><\/p>\n<div class=\"voc-author-timesocial__signature \">\n<!-- IMAGE AUTHOR -->\n<picture class=\"voc-image-signature\">\n<img class=\"voc-image-signature__img\" src=\"http:\/\/hoycordobaweb.com\/wp-content\/uploads\/2026\/03\/los-vaqueros-que-se-van-a-llevar-esta-primavera-son-de-flores-los-modelos-mas-bonitos.jpg\" alt=\"Raquel Rodr\u00edguez\">\n<\/picture>\n<!-- INFO AUTHOR --> <\/div><\/div>\n<p><!-- COMPONENTS --><\/p>\n<p class=\"voc-paragraph\">Esta primavera, los <a href=\"https:\/\/www.mujerhoy.com\/moda\/no-te-pierdas\/nuevo-zara-vaqueros-tipazo-primavera-20260206113616-nt.html\" title=\"www.mujerhoy.com\" data-voc-vtm-id=\"in-text-traffic\" data-mrf-link=\"www.mujerhoy.com\">pantalones vaqueros <\/a>se ti\u00f1en de color y se convierten en prendas absolutamente protagonistas gracias al que es, sin lugar a dudas, el estampado favorito de la temporada de calor: las flores. S\u00ed, se llevan los<strong> jeans florales <\/strong>y no puedes dejar pasar la oportunidad de hacerte con unos.<\/p>\n<p class=\"voc-paragraph\">Con uno de estos pantalones, solo necesitas una camiseta b\u00e1sica y tu calzado c\u00f3modo favorito para hacerte con un<strong> look interesante, sofisticado<\/strong> y por el que todo el mundo te va a preguntar. Y si te hemos convencido, aqu\u00ed te dejamos los m\u00e1s bonitos que hemos encontrado.<\/p>\n<div class=\"v-c-cmp v-c-cmp--t1 \">\n<div class=\"v-cmp-rld v-cmp-rld--2 \">\n<div class=\"v-cnt-m v-cnt-m--m\">\n<div class=\"v-cnt-m__c\">\n<div class=\"v-cnt-m__w v-cnt-m__w--1\">\n<p class=\"v-cnt-m__t\">\nTAMBI\u00c9N TE INTERESA\n<\/p>\n<\/div>\n<\/div>\n<\/div>\n<div class=\"v-g v-g--2-c v-g--bdr-min-xs\">\n<div class=\"v-g__c \">\n<article class=\"v-a v-a--cmp-rld v-a--cmp-rld-2 v-a--p-l\">\n<div class=\"v-a-img-c\">\n<figure class=\"v-a-fig\">\n<a href=\"https:\/\/www.mujerhoy.com\/moda\/no-te-pierdas\/massimo-dutti-vestido-primavera-nueva-temporada-20260305072923-nt.html#vtm_modulosEngag=mod-rel:moda:noticia:1:cmp:2-not\" class=\"v-a-link\" title=\"Las compras de Massimo Dutti de la semana: bolsos rojos, vestidos midi y camisetas de rayas\"><br \/>\n<img loading=\"lazy\" class=\"v-a-img\" src=\"http:\/\/hoycordobaweb.com\/wp-content\/uploads\/2026\/03\/los-vaqueros-que-se-van-a-llevar-esta-primavera-son-de-flores-los-modelos-mas-bonitos-1.jpg\" alt=\"Las compras de Massimo Dutti de la semana: bolsos rojos, vestidos midi y camisetas de rayas\"><br \/>\n<\/a><br \/>\n<\/figure>\n<\/div>\n<\/article>\n<\/div>\n<div class=\"v-g__c \">\n<article class=\"v-a v-a--cmp-rld v-a--cmp-rld-2 v-a--p-l\">\n<div class=\"v-a-img-c\">\n<figure class=\"v-a-fig\">\n<a href=\"https:\/\/www.mujerhoy.com\/moda\/no-te-pierdas\/nueva-coleccion-woman-el-corte-ingles-looks-entretiempo-20260304121859-nt.html#vtm_modulosEngag=mod-rel:moda:noticia:2:cmp:2-not\" class=\"v-a-link\" title=\"Del caft\u00e1n a la gabardina ligera: la nueva colecci\u00f3n de El Corte Ingl\u00e9s tiene los looks de entretiempo perfectos para diario\"><br \/>\n<img loading=\"lazy\" class=\"v-a-img\" src=\"http:\/\/hoycordobaweb.com\/wp-content\/uploads\/2026\/03\/los-vaqueros-que-se-van-a-llevar-esta-primavera-son-de-flores-los-modelos-mas-bonitos-2.jpg\" alt=\"Del caft\u00e1n a la gabardina ligera: la nueva colecci\u00f3n de El Corte Ingl\u00e9s tiene los looks de entretiempo perfectos para diario\"><br \/>\n<\/a><br \/>\n<\/figure>\n<\/div>\n<\/article>\n<\/div>\n<\/div>\n<\/div>\n<\/div>\n<div class=\"v-c-cmp \">\n<div class=\"v-cmp-m v-cmp-m--t1\">\n<article class=\"v-a v-a--cmp-m v-c-cmp--m-p\">\n<div class=\"v-a-img-c v-a-img-c--fw-xs\">\n<div class=\"v-a-fig\">\n<div class=\"v-a-link\">\n<img loading=\"lazy\" src=\"http:\/\/hoycordobaweb.com\/wp-content\/uploads\/2026\/03\/los-vaqueros-que-se-van-a-llevar-esta-primavera-son-de-flores-los-modelos-mas-bonitos-3.jpg\" class=\"v-a-img\" width=\"650\" height=\"975\" alt data-voc-vtm-id=\"in-text-traffic\">\n<\/div>\n<\/div>\n<\/div>\n<\/article>\n<\/div>\n<\/div>\n<p><h3 class=\"v-cmp-suh\">\nDesigual<br \/>\n<\/h3>\n<\/p>\n<p class=\"voc-paragraph\">Pantal\u00f3n vaquero, de corte ancho en la pierna, con estampaci\u00f3n de flores en color rosa y un dise\u00f1o de cinco bolsillos. Precio: 119 euros.<\/p>\n<div class=\"v-c-cmp \">\n<div class=\"v-cmp-m v-cmp-m--t1\">\n<article class=\"v-a v-a--cmp-m v-c-cmp--m-p\">\n<div class=\"v-a-img-c v-a-img-c--fw-xs\">\n<div class=\"v-a-fig\">\n<div class=\"v-a-link\">\n<img loading=\"lazy\" src=\"http:\/\/hoycordobaweb.com\/wp-content\/uploads\/2026\/03\/los-vaqueros-que-se-van-a-llevar-esta-primavera-son-de-flores-los-modelos-mas-bonitos-4.jpg\" class=\"v-a-img\" width=\"650\" height=\"975\" alt data-voc-vtm-id=\"in-text-traffic\">\n<\/div>\n<\/div>\n<\/div>\n<\/article>\n<\/div>\n<\/div>\n<p><h3 class=\"v-cmp-suh\">\nPol\u00edn et moi<br \/>\n<\/h3>\n<\/p>\n<p class=\"voc-paragraph\">Pantal\u00f3n estampado de flores en color maquillaje, con un dise\u00f1o de tiro alto y bolsillos en la parte frontal. Precio: 59,95 euros.<\/p>\n<div class=\"v-c-cmp \">\n<div class=\"v-cmp-m v-cmp-m--t1\">\n<article class=\"v-a v-a--cmp-m v-c-cmp--m-p\">\n<div class=\"v-a-img-c v-a-img-c--fw-xs\">\n<div class=\"v-a-fig\">\n<div class=\"v-a-link\">\n<img loading=\"lazy\" src=\"http:\/\/hoycordobaweb.com\/wp-content\/uploads\/2026\/03\/los-vaqueros-que-se-van-a-llevar-esta-primavera-son-de-flores-los-modelos-mas-bonitos-5.jpg\" class=\"v-a-img\" width=\"650\" height=\"975\" alt data-voc-vtm-id=\"in-text-traffic\">\n<\/div>\n<\/div>\n<\/div>\n<\/article>\n<\/div>\n<\/div>\n<p><h3 class=\"v-cmp-suh\">\nSeasons by Macabla<br \/>\n<\/h3>\n<\/p>\n<p class=\"voc-paragraph\">Pantal\u00f3n recto con panel delantero en curva. Est\u00e1 confeccionado con un 98% de algod\u00f3n y 2% elastano y tiene un cierre con cremallera y bot\u00f3n met\u00e1lico. Precio: 95 euros.<\/p>\n<div class=\"v-c-cmp \">\n<div class=\"v-cmp-m v-cmp-m--t1\">\n<article class=\"v-a v-a--cmp-m v-c-cmp--m-p\">\n<div class=\"v-a-img-c v-a-img-c--fw-xs\">\n<div class=\"v-a-fig\">\n<div class=\"v-a-link\">\n<img loading=\"lazy\" src=\"http:\/\/hoycordobaweb.com\/wp-content\/uploads\/2026\/03\/los-vaqueros-que-se-van-a-llevar-esta-primavera-son-de-flores-los-modelos-mas-bonitos-6.jpg\" class=\"v-a-img\" width=\"650\" height=\"975\" alt data-voc-vtm-id=\"in-text-traffic\">\n<\/div>\n<\/div>\n<\/div>\n<\/article>\n<\/div>\n<\/div>\n<p><h3 class=\"v-cmp-suh\">\nSophie and Lucir<br \/>\n<\/h3>\n<\/p>\n<p class=\"voc-paragraph\">Jeans de tiro alto con corte recto, confeccionados en denim con un estampado floral azul en todo el tejido. Tienen cinco bolsillos, cierre delantero con cremallera y bot\u00f3n met\u00e1lico, y bajo ligeramente tobillero. Precio: 130 euros.<\/p>\n<div class=\"v-c-cmp \">\n<div class=\"v-cmp-m v-cmp-m--t1\">\n<article class=\"v-a v-a--cmp-m v-c-cmp--m-p\">\n<div class=\"v-a-img-c v-a-img-c--fw-xs\">\n<div class=\"v-a-fig\">\n<div class=\"v-a-link\">\n<img loading=\"lazy\" src=\"http:\/\/hoycordobaweb.com\/wp-content\/uploads\/2026\/03\/los-vaqueros-que-se-van-a-llevar-esta-primavera-son-de-flores-los-modelos-mas-bonitos-7.jpg\" class=\"v-a-img\" width=\"650\" height=\"975\" alt data-voc-vtm-id=\"in-text-traffic\">\n<\/div>\n<\/div>\n<\/div>\n<\/article>\n<\/div>\n<\/div>\n<p><h3 class=\"v-cmp-suh\">\nS\u00e9zane<br \/>\n<\/h3>\n<\/p>\n<p class=\"voc-paragraph\">Jeans de talle alto en denim con un floral estampado en tonos neutros sobre un fondo azul. Tienen la pierna recta de corte ancho y bragueta con cremallera y bot\u00f3n en la cintura. Precio: 125 euros.<\/p>\n<div class=\"v-c-cmp \">\n<div class=\"v-cmp-m v-cmp-m--t1\">\n<article class=\"v-a v-a--cmp-m v-c-cmp--m-p\">\n<div class=\"v-a-img-c v-a-img-c--fw-xs\">\n<div class=\"v-a-fig\">\n<div class=\"v-a-link\">\n<img loading=\"lazy\" src=\"http:\/\/hoycordobaweb.com\/wp-content\/uploads\/2026\/03\/los-vaqueros-que-se-van-a-llevar-esta-primavera-son-de-flores-los-modelos-mas-bonitos-8.jpg\" class=\"v-a-img\" width=\"650\" height=\"975\" alt data-voc-vtm-id=\"in-text-traffic\">\n<\/div>\n<\/div>\n<\/div>\n<\/article>\n<\/div>\n<\/div>\n<p><h3 class=\"v-cmp-suh\">\nSandro<br \/>\n<\/h3>\n<\/p>\n<p class=\"voc-paragraph\">Vaquero recto con estampado de flores de estilo retro y un dise\u00f1o de talle alto con cinco bolsillos. Precio: 215 euros.<\/p>\n<div class=\"v-c-cmp \">\n<div class=\"v-cmp-m v-cmp-m--t1\">\n<article class=\"v-a v-a--cmp-m v-c-cmp--m-p\">\n<div class=\"v-a-img-c v-a-img-c--fw-xs\">\n<div class=\"v-a-fig\">\n<div class=\"v-a-link\">\n<img loading=\"lazy\" src=\"http:\/\/hoycordobaweb.com\/wp-content\/uploads\/2026\/03\/los-vaqueros-que-se-van-a-llevar-esta-primavera-son-de-flores-los-modelos-mas-bonitos-9.jpg\" class=\"v-a-img\" width=\"650\" height=\"975\" alt data-voc-vtm-id=\"in-text-traffic\">\n<\/div>\n<\/div>\n<\/div>\n<\/article>\n<\/div>\n<\/div>\n<p><h3 class=\"v-cmp-suh\">\nGuess<br \/>\n<\/h3>\n<\/p>\n<p class=\"voc-paragraph\">Vaqueros cargo de corte recto estilo 80s. Es un modelo denim de algod\u00f3n r\u00edgido estampado con talle alto y pernera recta. Precio: rebajado a 75 euros.<\/p>\n<div class=\"v-c-cmp v-c-cmp--t1 \">\n<div class=\"v-cmp-rld v-cmp-rld--2 \">\n<div class=\"v-cnt-m v-cnt-m--m\">\n<div class=\"v-cnt-m__c\">\n<div class=\"v-cnt-m__w v-cnt-m__w--1\">\n<p class=\"v-cnt-m__t\">\nTAMBI\u00c9N TE INTERESA\n<\/p>\n<\/div>\n<\/div>\n<\/div>\n<div class=\"v-g v-g--2-c v-g--bdr-min-xs\">\n<div class=\"v-g__c \">\n<article class=\"v-a v-a--cmp-rld v-a--cmp-rld-2 v-a--p-l\">\n<div class=\"v-a-img-c\">\n<figure class=\"v-a-fig\">\n<a href=\"https:\/\/www.mujerhoy.com\/moda\/no-te-pierdas\/vaqueros-zara-30-euros-baratos-20260228203359-nt.html#vtm_modulosEngag=mod-rel:moda:noticia:1:cmp:2-not\" class=\"v-a-link\" title=\"Los vaqueros de primavera que vuelven cada a\u00f1o: por 30 euros y aprobados por las famosas\"><br \/>\n<img loading=\"lazy\" class=\"v-a-img\" src=\"http:\/\/hoycordobaweb.com\/wp-content\/uploads\/2026\/03\/los-vaqueros-que-se-van-a-llevar-esta-primavera-son-de-flores-los-modelos-mas-bonitos-10.jpg\" alt=\"Los vaqueros de primavera que vuelven cada a\u00f1o: por 30 euros y aprobados por las famosas\"><br \/>\n<\/a><br \/>\n<\/figure>\n<\/div>\n<\/article>\n<\/div>\n<div class=\"v-g__c \">\n<article class=\"v-a v-a--cmp-rld v-a--cmp-rld-2 v-a--p-l\">\n<div class=\"v-a-img-c\">\n<figure class=\"v-a-fig\">\n<a href=\"https:\/\/www.mujerhoy.com\/moda\/no-te-pierdas\/cazadoras-vaqueras-especiales-transformar-looks-diario-primavera-20260227163919-nt.html#vtm_modulosEngag=mod-rel:moda:noticia:2:cmp:2-not\" class=\"v-a-link\" title=\"Sabemos d\u00f3nde encontrar las cazadoras vaqueras m\u00e1s especiales para transformar tus looks de diario\"><br \/>\n<img loading=\"lazy\" class=\"v-a-img\" src=\"http:\/\/hoycordobaweb.com\/wp-content\/uploads\/2026\/03\/los-vaqueros-que-se-van-a-llevar-esta-primavera-son-de-flores-los-modelos-mas-bonitos-11.jpg\" alt=\"Sabemos d\u00f3nde encontrar las cazadoras vaqueras m\u00e1s especiales para transformar tus looks de diario\"><br \/>\n<\/a><br \/>\n<\/figure>\n<\/div>\n<\/article>\n<\/div>\n<\/div>\n<\/div>\n<\/div>\n<div class=\"media_block\"><\/div>\n","protected":false},"excerpt":{"rendered":"<p>Esta primavera, los pantalones vaqueros se ti\u00f1en de color y se convierten en prendas absolutamente protagonistas gracias al que es, sin lugar a dudas, el estampado favorito de la temporada de calor: las flores. S\u00ed, se llevan los jeans florales y no puedes dejar pasar la oportunidad de hacerte con unos. Con uno de estos [&hellip;]<\/p>\n","protected":false},"author":1,"featured_media":133082,"comment_status":"closed","ping_status":"closed","sticky":false,"template":"","format":"standard","meta":[],"categories":[],"tags":[],"_links":{"self":[{"href":"http:\/\/hoycordobaweb.com\/index.php\/wp-json\/wp\/v2\/posts\/133081"}],"collection":[{"href":"http:\/\/hoycordobaweb.com\/index.php\/wp-json\/wp\/v2\/posts"}],"about":[{"href":"http:\/\/hoycordobaweb.com\/index.php\/wp-json\/wp\/v2\/types\/post"}],"author":[{"embeddable":true,"href":"http:\/\/hoycordobaweb.com\/index.php\/wp-json\/wp\/v2\/users\/1"}],"replies":[{"embeddable":true,"href":"http:\/\/hoycordobaweb.com\/index.php\/wp-json\/wp\/v2\/comments?post=133081"}],"version-history":[{"count":0,"href":"http:\/\/hoycordobaweb.com\/index.php\/wp-json\/wp\/v2\/posts\/133081\/revisions"}],"wp:featuredmedia":[{"embeddable":true,"href":"http:\/\/hoycordobaweb.com\/index.php\/wp-json\/wp\/v2\/media\/133082"}],"wp:attachment":[{"href":"http:\/\/hoycordobaweb.com\/index.php\/wp-json\/wp\/v2\/media?parent=133081"}],"wp:term":[{"taxonomy":"category","embeddable":true,"href":"http:\/\/hoycordobaweb.com\/index.php\/wp-json\/wp\/v2\/categories?post=133081"},{"taxonomy":"post_tag","embeddable":true,"href":"http:\/\/hoycordobaweb.com\/index.php\/wp-json\/wp\/v2\/tags?post=133081"}],"curies":[{"name":"wp","href":"https:\/\/api.w.org\/{rel}","templated":true}]}}