{"id":133071,"date":"2026-03-18T00:03:52","date_gmt":"2026-03-18T00:03:52","guid":{"rendered":"https:\/\/www.ole.com.ar\/futbol-internacional\/copa-africana-senegal-marruecos-titulo-polemica-escritorio_0_Zxyntiz6DQ.html"},"modified":"2026-03-18T00:03:52","modified_gmt":"2026-03-18T00:03:52","slug":"preguntas-y-respuestas-del-escritoriazo-que-le-dio-el-titulo-a-marruecos","status":"publish","type":"post","link":"http:\/\/hoycordobaweb.com\/index.php\/2026\/03\/18\/preguntas-y-respuestas-del-escritoriazo-que-le-dio-el-titulo-a-marruecos\/","title":{"rendered":"Preguntas y respuestas del escritoriazo que le dio el t\u00edtulo a Marruecos"},"content":{"rendered":"<p><img src=\"http:\/\/hoycordobaweb.com\/wp-content\/uploads\/2026\/03\/preguntas-y-respuestas-del-escritoriazo-que-le-dio-el-titulo-a-marruecos.jpg\"><\/p>\n<p><time class=\"createDate\" datetime=\"2026-03-17T21:03:52-03:00\">17\/03\/2026 21:03hs.<\/time><\/p>\n<div id=\"storyBody\">\n<div id=\"element-body-0\" class=\"sc-136cd478-0 ekTCfV\" readability=\"36\">\n<p>En un bombazo hist\u00f3rico, la Confederaci\u00f3n Africana de Naciones <strong>le sac\u00f3 el t\u00edtulo a Senegal y se le dio a Marruecos.<\/strong> La entidad se bas\u00f3 en el reclamo del seleccionado marroqu\u00ed por el momento en el que el plantel senegal\u00e9s abandon\u00f3 el terreno de juego a modo de protesta por el penal que luego desperdici\u00f3 Brahim D\u00edaz. <\/p>\n<\/div>\n<div id=\"element-body-1\" class=\"sc-136cd478-0 ekTCfV\" readability=\"35\">\n<p>Es por eso que, en Ol\u00e9, a continuaci\u00f3n te dejamos en detalle <strong> preguntas y respuestas sobre todo lo sucedido.<\/strong> Un hecho que ya pas\u00f3 a la historia y ser\u00e1 dif\u00edcil de olvidar. <\/p>\n<\/div>\n<div id=\"element-body-2\">\n<div> <meta charset=\"UTF-8\"> <meta name=\"viewport\" content=\"width=device-width, initial-scale=1.0\"> <title>El escritoriazo que le dio el t\u00edtulo a Marruecos<\/title> <link href=\"https:\/\/fonts.googleapis.com\/css2?family=Barlow+Condensed:wght@400;700;900&amp;family=Barlow:wght@400;600;700&amp;display=swap\" rel=\"stylesheet\">\n<div class=\"cards-zona\">\n<div class=\"card active\" id=\"card-1\" readability=\"8\">\n<div class=\"card-inner\" readability=\"11\">\n<p>01<\/p>\n<p>1<\/p>\n<p>\u00bfQu\u00e9 decidi\u00f3 exactamente la CAF?<\/p>\n<p>La <strong>Confederaci\u00f3n Africana de F\u00fatbol<\/strong> tom\u00f3 una resoluci\u00f3n in\u00e9dita: anul\u00f3 el resultado de la final que Senegal hab\u00eda ganado en el campo y declar\u00f3 vencedor a <span class=\"kw\">Marruecos por 3-0 administrativo<\/span>. La decisi\u00f3n fue adoptada por la Junta de Apelaciones.<\/p>\n<\/p><\/div><\/div>\n<div class=\"card\" id=\"card-2\" readability=\"9\">\n<div class=\"card-inner\" readability=\"13\">\n<p>02<\/p>\n<p>2<\/p>\n<p>\u00bfPor qu\u00e9 se considera \u00abincomparecencia\u00bb?<\/p>\n<p>Aunque el equipo volvi\u00f3 a jugar, la CAF entendi\u00f3 que el <span class=\"kw-rojo\">retiro del campo<\/span> durante varios minutos constituye una infracci\u00f3n grave que encuadra en las normas de incomparecencia, sin importar la reanudaci\u00f3n posterior.<\/p>\n<\/p><\/div><\/div>\n<div class=\"card\" id=\"card-3\" readability=\"8.5\">\n<div class=\"card-inner\" readability=\"12\">\n<p>03<\/p>\n<p>3<\/p>\n<p>\u00bfQu\u00e9 ocurri\u00f3 en la final dentro del campo?<\/p>\n<p>Se pit\u00f3 un penal para Marruecos, Senegal se retir\u00f3 en protesta y regres\u00f3 tras minutos. El penal fue <strong>fallado por Brahim D\u00edaz<\/strong> y Senegal gan\u00f3 1-0 en el tiempo extra. Ese resultado hoy ha sido borrado.<\/p>\n<\/p><\/div><\/div>\n<div class=\"card\" id=\"card-4\" readability=\"8.5\">\n<div class=\"card-inner\" readability=\"12\">\n<p>04<\/p>\n<p>4<\/p>\n<p>\u00bfQu\u00e9 art\u00edculos se utilizaron?<\/p>\n<p>El organismo se apoy\u00f3 en los <span class=\"kw\">art\u00edculos 82 y 84<\/span> del reglamento de la Copa Africana, que dictan las consecuencias del abandono, permitiendo otorgar el <strong>3-0 administrativo<\/strong>.<\/p>\n<\/p><\/div><\/div>\n<div class=\"card\" id=\"card-5\" readability=\"7.5\">\n<div class=\"card-inner\" readability=\"10\">\n<p>05<\/p>\n<p>5<\/p>\n<p>\u00bfPor qu\u00e9 este fallo es hist\u00f3rico?<\/p>\n<p>Porque es casi inexistente que se <span class=\"kw-rojo\">modifique el campe\u00f3n<\/span> semanas despu\u00e9s de que se levantara el trofeo. La decisi\u00f3n de la CAF reescribe de forma retroactiva la historia oficial.<\/p>\n<\/p><\/div><\/div>\n<div class=\"card\" id=\"card-6\" readability=\"7.5\">\n<div class=\"card-inner\" readability=\"10\">\n<p>06<\/p>\n<p>6<\/p>\n<p>\u00bfQu\u00e9 rol tuvo la apelaci\u00f3n de Marruecos?<\/p>\n<p>Fue determinante. La <strong>Federaci\u00f3n Marroqu\u00ed<\/strong> argument\u00f3 abandono de campo y la Junta de Apelaciones valid\u00f3 su postura por encima de la decisi\u00f3n original del Comit\u00e9 Disciplinario.<\/p>\n<\/p><\/div><\/div>\n<div class=\"card\" id=\"card-7\" readability=\"8.5\">\n<div class=\"card-inner\" readability=\"12\">\n<p>07<\/p>\n<p>7<\/p>\n<p>\u00bfQu\u00e9 se decidi\u00f3 previamente?<\/p>\n<p>Originalmente, el <strong>Comit\u00e9 Disciplinario<\/strong> sancion\u00f3 a los equipos pero mantuvo el resultado. Fue la instancia superior la que revirti\u00f3 todo, priorizando el reglamento literal.<\/p>\n<\/p><\/div><\/div>\n<div class=\"card\" id=\"card-8\" readability=\"8\">\n<div class=\"card-inner\" readability=\"11\">\n<p>08<\/p>\n<p>8<\/p>\n<p>\u00bfQu\u00e9 otras sanciones incluy\u00f3 el fallo?<\/p>\n<p>Se redujeron multas a Marruecos por l\u00e1seres, pero se mantuvieron cargos por interferencia en el VAR y la suspensi\u00f3n de <strong>Isma\u00ebl Saibari<\/strong>.<\/p>\n<\/p><\/div><\/div>\n<div class=\"card\" id=\"card-9\" readability=\"7.5\">\n<div class=\"card-inner\" readability=\"10\">\n<p>09<\/p>\n<p>9<\/p>\n<p>\u00bfQu\u00e9 margen tiene Senegal ahora?<\/p>\n<p>Senegal puede recurrir al <span class=\"kw\">TAS<\/span> en Suiza. El tribunal internacional tiene la autoridad para anular la decisi\u00f3n de la CAF si considera que la sanci\u00f3n fue desproporcionada.<\/p>\n<\/p><\/div><\/div>\n<div class=\"card\" id=\"card-10\" readability=\"6\">\n<div class=\"card-inner\" readability=\"15.5\">\n<p>10<\/p>\n<p>10<\/p>\n<p>\u00bfCu\u00e1l es la postura oficial de Marruecos?<\/p>\n<div class=\"card-respuesta\" readability=\"22\"> Tras conocerse el fallo, la <strong>FRMF<\/strong> emiti\u00f3 un comunicado institucional aclarando que su intenci\u00f3n no fue deportiva, sino reglamentaria: <\/p>\n<p> <strong>Rabat, 17 de marzo de 2026<\/strong> \u2014 La Real Federaci\u00f3n Marroqu\u00ed de F\u00fatbol ha tomado nota de la decisi\u00f3n emitida por el Comit\u00e9 de Apelaci\u00f3n de la CAF. La Federaci\u00f3n desea recordar que su planteamiento nunca ha tenido por objeto cuestionar el rendimiento deportivo, sino \u00fanicamente solicitar la aplicaci\u00f3n del reglamento. Reafirmamos nuestro compromiso con el respeto de las normas y la estabilidad en las competiciones africanas. <\/p>\n<p>Se espera un <strong>comunicado oficial completo este mi\u00e9rcoles<\/strong>, tras reunir a sus \u00f3rganos de gobierno.<\/p>\n<\/p><\/div><\/div><\/div><\/div>\n<p> <!-- \u2500\u2500 NAV \u2500\u2500 --><\/p>\n<div class=\"nav-zona\"> <button class=\"nav-btn\" id=\"btn-prev\" onclick=\"navegar(-1)\" disabled> <svg viewBox=\"0 0 12 12\" width=\"12\" fill=\"none\"><path d=\"M8 1L3 6L8 11\" stroke=\"currentColor\" stroke-width=\"2\" stroke-linecap=\"round\" stroke-linejoin=\"round\" \/><\/svg> Anterior <\/button> <button class=\"nav-btn\" id=\"btn-next\" onclick=\"navegar(1)\"> Siguiente <svg viewBox=\"0 0 12 12\" width=\"12\" fill=\"none\"><path d=\"M4 1L9 6L4 11\" stroke=\"currentColor\" stroke-width=\"2\" stroke-linecap=\"round\" stroke-linejoin=\"round\" \/><\/svg> <\/button>\n<\/div>\n<p> <!-- \u2500\u2500 \u00cdNDICE \u2500\u2500 --><\/p>\n<div class=\"indice-zona\"> <button class=\"indice-toggle\" id=\"indice-toggle\" onclick=\"toggleIndice()\"> <span>\u00cdndice de claves<\/span> <svg viewBox=\"0 0 14 14\" width=\"14\" fill=\"none\"><path d=\"M2 4L7 10L12 4\" stroke=\"currentColor\" stroke-width=\"2\" stroke-linecap=\"round\" stroke-linejoin=\"round\" \/><\/svg> <\/button> <\/div><\/div>\n<\/div>\n<div id=\"element-body-3\" class=\"sc-a7166897-0 eoLsBE\" readability=\"31.5\">\n<section readability=\"3\"><picture><img alt=\"Escritoriazo hist\u00f3rico: le dan por perdida la final de la Copa Africana a Senegal y Marruecos es campe\u00f3n\" loading=\"lazy\" width=\"290\" height=\"290\" decoding=\"async\" data-nimg=\"1\" src=\"http:\/\/hoycordobaweb.com\/wp-content\/uploads\/2026\/03\/preguntas-y-respuestas-del-escritoriazo-que-le-dio-el-titulo-a-marruecos-2.jpg\"><\/picture>\n<p><span>Mir\u00e1 tambi\u00e9n<\/span><\/p>\n<hr>\n<h3>Escritoriazo hist\u00f3rico: le dan por perdida la final de la Copa Africana a Senegal y Marruecos es campe\u00f3n<\/h3>\n<\/p>\n<\/section>\n<\/div>\n<div id=\"element-body-4\" class=\"sc-a7166897-0 eoLsBE\" readability=\"31\">\n<section readability=\"2\"><picture><img alt=\"Las reacciones en Senegal y Marruecos tras el hist\u00f3rico escritoriazo\" loading=\"lazy\" width=\"290\" height=\"290\" decoding=\"async\" data-nimg=\"1\" src=\"http:\/\/hoycordobaweb.com\/wp-content\/uploads\/2026\/03\/preguntas-y-respuestas-del-escritoriazo-que-le-dio-el-titulo-a-marruecos-3.jpg\"><\/picture>\n<p><span>Mir\u00e1 tambi\u00e9n<\/span><\/p>\n<hr>\n<h3>Las reacciones en Senegal y Marruecos tras el hist\u00f3rico escritoriazo<\/h3>\n<\/p>\n<\/section>\n<\/div>\n<div id=\"element-body-5\" class=\"sc-a7166897-0 eoLsBE\" readability=\"31\">\n<section readability=\"2\"><picture><img alt=\"Los fundamentos del pol\u00e9mico fallo en la Copa Africana \" loading=\"lazy\" width=\"290\" height=\"290\" decoding=\"async\" data-nimg=\"1\" src=\"http:\/\/hoycordobaweb.com\/wp-content\/uploads\/2026\/03\/preguntas-y-respuestas-del-escritoriazo-que-le-dio-el-titulo-a-marruecos-4.jpg\"><\/picture>\n<p><span>Mir\u00e1 tambi\u00e9n<\/span><\/p>\n<hr>\n<h3>Los fundamentos del pol\u00e9mico fallo en la Copa Africana <\/h3>\n<\/p>\n<\/section>\n<\/div>\n<\/div>\n","protected":false},"excerpt":{"rendered":"<p>17\/03\/2026 21:03hs. En un bombazo hist\u00f3rico, la Confederaci\u00f3n Africana de Naciones le sac\u00f3 el t\u00edtulo a Senegal y se le dio a Marruecos. La entidad se bas\u00f3 en el reclamo del seleccionado marroqu\u00ed por el momento en el que el plantel senegal\u00e9s abandon\u00f3 el terreno de juego a modo de protesta por el penal que [&hellip;]<\/p>\n","protected":false},"author":1,"featured_media":133072,"comment_status":"open","ping_status":"closed","sticky":false,"template":"","format":"standard","meta":[],"categories":[16],"tags":[],"_links":{"self":[{"href":"http:\/\/hoycordobaweb.com\/index.php\/wp-json\/wp\/v2\/posts\/133071"}],"collection":[{"href":"http:\/\/hoycordobaweb.com\/index.php\/wp-json\/wp\/v2\/posts"}],"about":[{"href":"http:\/\/hoycordobaweb.com\/index.php\/wp-json\/wp\/v2\/types\/post"}],"author":[{"embeddable":true,"href":"http:\/\/hoycordobaweb.com\/index.php\/wp-json\/wp\/v2\/users\/1"}],"replies":[{"embeddable":true,"href":"http:\/\/hoycordobaweb.com\/index.php\/wp-json\/wp\/v2\/comments?post=133071"}],"version-history":[{"count":0,"href":"http:\/\/hoycordobaweb.com\/index.php\/wp-json\/wp\/v2\/posts\/133071\/revisions"}],"wp:featuredmedia":[{"embeddable":true,"href":"http:\/\/hoycordobaweb.com\/index.php\/wp-json\/wp\/v2\/media\/133072"}],"wp:attachment":[{"href":"http:\/\/hoycordobaweb.com\/index.php\/wp-json\/wp\/v2\/media?parent=133071"}],"wp:term":[{"taxonomy":"category","embeddable":true,"href":"http:\/\/hoycordobaweb.com\/index.php\/wp-json\/wp\/v2\/categories?post=133071"},{"taxonomy":"post_tag","embeddable":true,"href":"http:\/\/hoycordobaweb.com\/index.php\/wp-json\/wp\/v2\/tags?post=133071"}],"curies":[{"name":"wp","href":"https:\/\/api.w.org\/{rel}","templated":true}]}}