{"id":133063,"date":"2026-03-18T01:14:50","date_gmt":"2026-03-18T01:14:50","guid":{"rendered":"https:\/\/www.ole.com.ar\/futbol-primera\/kudelka-newells-lanus-goleada_0_04WKmCAFui.html"},"modified":"2026-03-18T01:14:50","modified_gmt":"2026-03-18T01:14:50","slug":"kudelka-durisimo-tras-la-derrota-siento-verguenza","status":"publish","type":"post","link":"http:\/\/hoycordobaweb.com\/index.php\/2026\/03\/18\/kudelka-durisimo-tras-la-derrota-siento-verguenza\/","title":{"rendered":"Kudelka dur\u00edsimo tras la derrota: \u00abSiento verg\u00fcenza\u00bb"},"content":{"rendered":"<p><img src=\"http:\/\/hoycordobaweb.com\/wp-content\/uploads\/2026\/03\/kudelka-durisimo-tras-la-derrota-siento-verguenza.jpg\"><\/p>\n<p><span class=\"createDate\">17\/03\/2026 22:14hs.<\/span><time class=\"modificatedDate\" datetime=\"2026-03-17T22:26:32-03:00\"> Actualizado al 17\/03\/2026 22:26hs.<\/time><\/p>\n<div id=\"storyBody\">\n<div id=\"element-body-0\" class=\"sc-136cd478-0 ekTCfV\" readability=\"33.858208955224\">\n<p><strong><a href=\"https:\/\/www.ole.com.ar\/tema\/frank-dario-kudelka.html\" title=\"Frank Dar\u00edo Kudelka\" alt=\"Frank Dar\u00edo Kudelka\" class=\"slug\">Frank Dar\u00edo Kudelka<\/a><\/strong> cambi\u00f3 su habitual perfil de prudencia en las declaraciones p\u00fablicas tras la goleada que sufri\u00f3 <strong><a href=\"https:\/\/www.ole.com.ar\/tema\/newell-s.html\" title=\"Newell's\" alt=\"Newell's\" class=\"slug\">Newell&#8217;s<\/a><\/strong>, <a href=\"https:\/\/www.ole.com.ar\/futbol-primera\/lanus-newells-torneo-apertura_0_dO5fsyAnHM.html\" target=\"_self\" title=\"5 a 0 ante Lan\u00fas \" alt=\"5 a 0 ante Lan\u00fas \" rel=\"noopener noreferrer\">5 a 0 ante Lan\u00fas<\/a> en la Fortaleza, por el torneo <strong><a href=\"https:\/\/www.ole.com.ar\/tema\/torneo-apertura.html\" title=\"Torneo Apertura\" alt=\"Torneo Apertura\" class=\"slug\">Apertura<\/a><\/strong>. <strong>El entrenador expuso una feroz autocr\u00edtica, que incluy\u00f3 fuert\u00edsimos cuestionamientos a sus futbolistas. <\/strong>Pocos minutos despu\u00e9s de sus palabras, <strong> renunci\u00f3 Roberto Sensini al cargo de director deportivo del club.<\/strong><\/p>\n<\/div>\n<div id=\"element-body-1\" class=\"sc-136cd478-0 ekTCfV\" readability=\"43\">\n<p>\u00abNo presentamos batalla y estas cosas se pagan con equipos de esta envergadura. Yo vislumbraba que hab\u00edamos progresado en el partido anterior, <strong>hoy sucumbimos en lo individual y colectivo<\/strong>. Hace 15 d\u00edas que estoy a cargo. No pensaba que esto pod\u00eda pasar., no con esta postura. Es algo que como entrenador&#8230; <strong>Siento verg\u00fcenza porque no puedo aceptar que mi equipo juegue de esta manera.<\/strong> Puede ser superado, pero con ideales colectivos. No tengo mucho m\u00e1s que decir, cuestiones t\u00e1cticas no hay. Digo que no soy hincha de Newell&#8217;s, pero s\u00e9 en la instituci\u00f3n que estoy. <strong>Esto me saca de mis cabales<\/strong>, hablo con tranquilidad. No podemos jugar un partido as\u00ed con esta camiseta. <strong>Pod\u00e9s perder, pero no jugar un partido as\u00ed\u00bb<\/strong>, afirm\u00f3 el DT.<\/p>\n<\/div>\n<div id=\"element-body-2\" class=\"sc-136cd478-0 ekTCfV\" readability=\"37\">\n<p>\u201cFue una verg\u00fcenza lo que hicimos en la cancha, <strong>no estamos a la altura de la camiseta que vestimos.<\/strong> Jugamos contra uno de los mejores equipos de la Argentina, pero perder as\u00ed es inadmisible. <strong>No pusimos el alma en la cancha\u201d, agreg\u00f3.<\/strong><\/p>\n<\/div>\n<div id=\"element-body-3\" class=\"sc-136cd478-0 ekTCfV\" readability=\"47\">\n<p>\u201cMago no soy. El alma por la camiseta la tenemos que poner cada uno de nosotros en el lugar que te toca. Debemos saber en qu\u00e9 lugar estamos, debemos saber la historia de la instituci\u00f3n. Esto se lo dije a mis jugadores. No tiro en cana a nadie. Me involucro. Podr\u00eda mirar para otro lado y decir que estoy hace dos semanas, pero no va en m\u00ed, no es mi esencia. Hay una dif\u00edcil misi\u00f3n de llegar a la otra orilla, la terminaci\u00f3n este campeonato. <strong>Verdaderamente estoy con un equipo que no lo podes hacer reaccionar.<\/strong> Es muy visible eso. Tampoco abundar\u00eda en detalles de irrespetuosidad hacia nosotros mismos. Pero s\u00ed algo criterioso y claro: <strong>no pod\u00e9s jugar de esta manera. No hay argumentos ni fundamentos.<\/strong> No voy al extremo de la violencia. Estoy para dar la cara, si no me quedo en el vestuario y digo que estoy resfriado. Redoblo lo que dije, va a ser muy dif\u00edcil. <strong>Si es que llegamos, lo digo entre comillas, a las tant\u00edsimas fechas que faltan. <\/strong>Hablo desde la otra orilla, hay que reestructurar, mientras tanto hay que competir, pero no de esta manera\u201d, agreg\u00f3 Frank.<\/p>\n<\/div>\n<div id=\"element-body-4\" class=\"sc-136cd478-0 ekTCfV\" readability=\"38\">\n<p>\u00abEn Lan\u00fas, con muchas fechas por delante, me pas\u00f3 algo similar. Depu\u00e9s, consolidamos y organizamos al equipo que lleg\u00f3 a zona de clasificaci\u00f3n de Copas. Lo veo muy emparentado a esa situaci\u00f3n. Me parte el alma esto. Hoy no pusimos el alma\u00bb, sostuvo.<\/p>\n<\/div>\n<div id=\"element-body-5\" class=\"sc-136cd478-0 ekTCfV\" readability=\"49\">\n<p><strong>\u00abNo estoy abatido, estoy shockeado.<\/strong> Esperaba un partido dif\u00edcil, por lo que dije del rival, lo que considero, uno de los mejores del f\u00fatbol argentino. Pero no ameritaba jugar de esta manera, eso me shocke\u00f3 un poco. El rival te puede hacer cometer un error, <strong>pero persistir en el error es porque estamos bajo un aspecto atencional muy bajo<\/strong>, no entendimiento de los momentos del equipo y de toma de decisiones individuales y colectivas <strong>con mucha repetici\u00f3n de errores, en forma constante.<\/strong> Yo hoy vi un equipo, que me hago cargo, cuando a vos no te salen las cosas y el otro te supera ten\u00e9s que correr m\u00e1s, ten\u00e9s que agruparte mejor. <strong>Necesit\u00e1s enjundia y valent\u00eda para tomar decisiones y para no equivocarte.<\/strong> Hoy vi que ante el primer cimbronazo el equipo se retira. Antes el equipo reaccion\u00f3 tras los goles rivales, hoy se entreg\u00f3 ante el primer rev\u00e9s. Eso es el foco m\u00e1s puntual\u00bb, asegur\u00f3, con la voz sentida.<\/p>\n<\/div>\n<div id=\"element-body-6\" class=\"sc-136cd478-0 ekTCfV\" readability=\"43\">\n<p>\u00bb <strong>En el entretiempo cambiamos en el sistema m\u00e1s para proteger que para atacar, y aun as\u00ed nos golearon.<\/strong> Esto lo cuento porque lo hablamos con los jugadores. Todos los duelos los perdimos. En lo a\u00e9reo, en la recuperaci\u00f3n, en el rebote la pelota siempre fue del rival. Hoy perdimos todos duelos desde el primer minuto. No hab\u00eda forma de presionar cuando el rival ten\u00eda la pelota. Las a\u00e9reas, las poquitas que ganamos, fueron todas de rebote para el rival. Hay una gran carencia motivacional. Pero yo voy a la endeblez que tenemos ante el primer gol, qued\u00e1s siempre largo, nunca asociado\u00bb, sostuvo.<\/p>\n<\/div>\n<div class=\"custom-embedhtml\" id=\"element-body-7\" readability=\"25.949339207048\">\n<blockquote class=\"twitter-tweet\" readability=\"4.942731277533\">\n<p lang=\"es\" dir=\"ltr\">El Club Atl\u00e9tico Newell\u2019s Old Boys informa que Roberto Sensini ha dejado de ser el director deportivo de la instituci\u00f3n tras presentar su renuncia. <a href=\"https:\/\/t.co\/FfDiqEEvDa\">pic.twitter.com\/FfDiqEEvDa<\/a><\/p>\n<p>\u2014 Newell\u2019s Old Boys (@Newells) <a href=\"https:\/\/twitter.com\/Newells\/status\/2034070609873825889?ref_src=twsrc%5Etfw\">March 18, 2026<\/a><\/p><\/blockquote><\/div>\n<p><h2><strong>El resumen de la goleada de Lan\u00fas a Newell&#8217;s<\/strong><\/h2>\n<\/p>\n<div id=\"element-body-9\" class=\"sc-ef81c825-1 evSCNc\"><figcaption class=\"JWvideoNota_title\">\n<p>Video: ESPN<\/p>\n<\/figcaption><\/div>\n<div class=\"sc-e7b891c4-0 ifHnQL image-embed\" id=\"element-body-10\"><img alt=\"El grito de Dylan Aquino: el pibe de los tres goles de Lan\u00fas a Newell's (Fotobaires).\" loading=\"lazy\" width=\"720\" height=\"100\" decoding=\"async\" data-nimg=\"1\" src=\"http:\/\/hoycordobaweb.com\/wp-content\/uploads\/2026\/03\/kudelka-durisimo-tras-la-derrota-siento-verguenza-2.jpg\"><span class=\"epigraphe\">El grito de Dylan Aquino: el pibe de los tres goles de Lan\u00fas a Newell&#8217;s (Fotobaires).<\/span><\/div>\n<div class=\"sc-e7b891c4-0 ifHnQL image-embed\" id=\"element-body-11\"><img alt=\"Lan\u00fas gole\u00f3 a Newell's (DIEGO HALIASZ \/ PRENSA LAN\u00daS).\" loading=\"lazy\" width=\"720\" height=\"100\" decoding=\"async\" data-nimg=\"1\" src=\"http:\/\/hoycordobaweb.com\/wp-content\/uploads\/2026\/03\/kudelka-durisimo-tras-la-derrota-siento-verguenza-3.jpg\"><span class=\"epigraphe\">Lan\u00fas gole\u00f3 a Newell&#8217;s (DIEGO HALIASZ \/ PRENSA LAN\u00daS).<\/span><\/div>\n<\/div>\n","protected":false},"excerpt":{"rendered":"<p>17\/03\/2026 22:14hs. Actualizado al 17\/03\/2026 22:26hs. Frank Dar\u00edo Kudelka cambi\u00f3 su habitual perfil de prudencia en las declaraciones p\u00fablicas tras la goleada que sufri\u00f3 Newell&#8217;s, 5 a 0 ante Lan\u00fas en la Fortaleza, por el torneo Apertura. El entrenador expuso una feroz autocr\u00edtica, que incluy\u00f3 fuert\u00edsimos cuestionamientos a sus futbolistas. Pocos minutos despu\u00e9s de sus [&hellip;]<\/p>\n","protected":false},"author":1,"featured_media":133064,"comment_status":"open","ping_status":"closed","sticky":false,"template":"","format":"standard","meta":[],"categories":[16],"tags":[],"_links":{"self":[{"href":"http:\/\/hoycordobaweb.com\/index.php\/wp-json\/wp\/v2\/posts\/133063"}],"collection":[{"href":"http:\/\/hoycordobaweb.com\/index.php\/wp-json\/wp\/v2\/posts"}],"about":[{"href":"http:\/\/hoycordobaweb.com\/index.php\/wp-json\/wp\/v2\/types\/post"}],"author":[{"embeddable":true,"href":"http:\/\/hoycordobaweb.com\/index.php\/wp-json\/wp\/v2\/users\/1"}],"replies":[{"embeddable":true,"href":"http:\/\/hoycordobaweb.com\/index.php\/wp-json\/wp\/v2\/comments?post=133063"}],"version-history":[{"count":0,"href":"http:\/\/hoycordobaweb.com\/index.php\/wp-json\/wp\/v2\/posts\/133063\/revisions"}],"wp:featuredmedia":[{"embeddable":true,"href":"http:\/\/hoycordobaweb.com\/index.php\/wp-json\/wp\/v2\/media\/133064"}],"wp:attachment":[{"href":"http:\/\/hoycordobaweb.com\/index.php\/wp-json\/wp\/v2\/media?parent=133063"}],"wp:term":[{"taxonomy":"category","embeddable":true,"href":"http:\/\/hoycordobaweb.com\/index.php\/wp-json\/wp\/v2\/categories?post=133063"},{"taxonomy":"post_tag","embeddable":true,"href":"http:\/\/hoycordobaweb.com\/index.php\/wp-json\/wp\/v2\/tags?post=133063"}],"curies":[{"name":"wp","href":"https:\/\/api.w.org\/{rel}","templated":true}]}}