{"id":133058,"date":"2026-03-17T13:23:28","date_gmt":"2026-03-17T13:23:28","guid":{"rendered":"https:\/\/ladecimaweb.com\/?p=33940"},"modified":"2026-03-17T13:23:28","modified_gmt":"2026-03-17T13:23:28","slug":"cae-el-consumo-en-argentina-bajo-19-interanual-en-febrero","status":"publish","type":"post","link":"http:\/\/hoycordobaweb.com\/index.php\/2026\/03\/17\/cae-el-consumo-en-argentina-bajo-19-interanual-en-febrero\/","title":{"rendered":"Cae el consumo en Argentina: baj\u00f3 1,9% interanual en febrero"},"content":{"rendered":"<div class=\"boldgrid-section\">\n<div class=\"container\">\n<div class=\"row\">\n<div class=\"col-md-12 col-xs-12 col-sm-12\">\n<p data-start=\"135\" data-end=\"282\"><span class=\"BZ_Pyq_fadeIn\">El <\/span><span class=\"BZ_Pyq_fadeIn\">consumo <\/span><span class=\"BZ_Pyq_fadeIn\">privado <\/span><span class=\"BZ_Pyq_fadeIn\">registr\u00f3 <\/span><span class=\"BZ_Pyq_fadeIn\">en <\/span><span class=\"BZ_Pyq_fadeIn\">febrero <\/span><span class=\"BZ_Pyq_fadeIn\">de <\/span><span class=\"BZ_Pyq_fadeIn\">2026 <\/span><span class=\"BZ_Pyq_fadeIn\">una <\/span><span class=\"BZ_Pyq_fadeIn\">ca\u00edda <\/span><span class=\"BZ_Pyq_fadeIn\">del <\/span><strong data-start=\"196\" data-end=\"215\"><span class=\"BZ_Pyq_fadeIn\">1,9% <\/span><span class=\"BZ_Pyq_fadeIn\">interanual<\/span><\/strong><span class=\"BZ_Pyq_fadeIn\">, <\/span><span class=\"BZ_Pyq_fadeIn\">acumulando <\/span><span class=\"BZ_Pyq_fadeIn\">tres <\/span><span class=\"BZ_Pyq_fadeIn\">meses <\/span><span class=\"BZ_Pyq_fadeIn\">consecutivos <\/span><span class=\"BZ_Pyq_fadeIn\">en <\/span><span class=\"BZ_Pyq_fadeIn\">baja, <\/span><span class=\"BZ_Pyq_fadeIn\">seg\u00fan <\/span><span class=\"BZ_Pyq_fadeIn\">datos <\/span><span class=\"BZ_Pyq_fadeIn\">privados.<\/span><\/p>\n<p data-start=\"284\" data-end=\"422\"><span class=\"BZ_Pyq_fadeIn\">En <\/span><span class=\"BZ_Pyq_fadeIn\">el <\/span><span class=\"BZ_Pyq_fadeIn\">primer <\/span><span class=\"BZ_Pyq_fadeIn\">bimestre, <\/span><span class=\"BZ_Pyq_fadeIn\">la <\/span><span class=\"BZ_Pyq_fadeIn\">contracci\u00f3n <\/span><span class=\"BZ_Pyq_fadeIn\">fue <\/span><span class=\"BZ_Pyq_fadeIn\">del <\/span><strong data-start=\"330\" data-end=\"338\"><span class=\"BZ_Pyq_fadeIn\">1,7%<\/span><\/strong><span class=\"BZ_Pyq_fadeIn\">, <\/span><span class=\"BZ_Pyq_fadeIn\">aunque <\/span><span class=\"BZ_Pyq_fadeIn\">en <\/span><span class=\"BZ_Pyq_fadeIn\">la <\/span><span class=\"BZ_Pyq_fadeIn\">comparaci\u00f3n <\/span><span class=\"BZ_Pyq_fadeIn\">mensual <\/span><span class=\"BZ_Pyq_fadeIn\">hubo <\/span><span class=\"BZ_Pyq_fadeIn\">una <\/span><span class=\"BZ_Pyq_fadeIn\">leve <\/span><span class=\"BZ_Pyq_fadeIn\">suba <\/span><span class=\"BZ_Pyq_fadeIn\">del <\/span><strong data-start=\"396\" data-end=\"404\"><span class=\"BZ_Pyq_fadeIn\">1,1%<\/span><\/strong><span class=\"BZ_Pyq_fadeIn\"> <\/span><span class=\"BZ_Pyq_fadeIn\">respecto <\/span><span class=\"BZ_Pyq_fadeIn\">a <\/span><span class=\"BZ_Pyq_fadeIn\">enero.<\/span><\/p>\n<p data-start=\"424\" data-end=\"448\"><span class=\"BZ_Pyq_fadeIn\">Entre <\/span><span class=\"BZ_Pyq_fadeIn\">los <\/span><span class=\"BZ_Pyq_fadeIn\">indicadores:<\/span><\/p>\n<ul data-start=\"449\" data-end=\"554\">\n<li data-section-id=\"xnxia6\" data-start=\"449\" data-end=\"467\">\n<p data-start=\"451\" data-end=\"467\"><strong data-start=\"451\" data-end=\"459\"><span class=\"BZ_Pyq_fadeIn\">IVA:<\/span><\/strong><span class=\"BZ_Pyq_fadeIn\"> &#8211;<\/span><span class=\"BZ_Pyq_fadeIn\">3,5%<\/span><\/p>\n<\/li>\n<li data-section-id=\"ndbd0t\" data-start=\"468\" data-end=\"497\">\n<p data-start=\"470\" data-end=\"497\"><strong data-start=\"470\" data-end=\"489\"><span class=\"BZ_Pyq_fadeIn\">Patentamientos:<\/span><\/strong><span class=\"BZ_Pyq_fadeIn\"> &#8211;<\/span><span class=\"BZ_Pyq_fadeIn\">3,4%<\/span><\/p>\n<\/li>\n<li data-section-id=\"67zlo1\" data-start=\"498\" data-end=\"526\">\n<p data-start=\"500\" data-end=\"526\"><strong data-start=\"500\" data-end=\"517\"><span class=\"BZ_Pyq_fadeIn\">Carne <\/span><span class=\"BZ_Pyq_fadeIn\">vacuna:<\/span><\/strong><span class=\"BZ_Pyq_fadeIn\"> &#8211;<\/span><span class=\"BZ_Pyq_fadeIn\">14,7%<\/span><\/p>\n<\/li>\n<li data-section-id=\"ekcknp\" data-start=\"527\" data-end=\"554\">\n<p data-start=\"529\" data-end=\"554\"><strong data-start=\"529\" data-end=\"545\"><span class=\"BZ_Pyq_fadeIn\">Carne <\/span><span class=\"BZ_Pyq_fadeIn\">aviar:<\/span><\/strong><span class=\"BZ_Pyq_fadeIn\"> &#8211;<\/span><span class=\"BZ_Pyq_fadeIn\">11,5%<\/span><\/p>\n<\/li>\n<\/ul>\n<p data-start=\"556\" data-end=\"655\"><span class=\"BZ_Pyq_fadeIn\">Tambi\u00e9n <\/span><span class=\"BZ_Pyq_fadeIn\">se <\/span><span class=\"BZ_Pyq_fadeIn\">desaceler\u00f3 <\/span><span class=\"BZ_Pyq_fadeIn\">el <\/span><span class=\"BZ_Pyq_fadeIn\">uso <\/span><span class=\"BZ_Pyq_fadeIn\">de <\/span><span class=\"BZ_Pyq_fadeIn\">tarjetas, <\/span><span class=\"BZ_Pyq_fadeIn\">mientras <\/span><span class=\"BZ_Pyq_fadeIn\">que <\/span><strong data-start=\"611\" data-end=\"654\"><span class=\"BZ_Pyq_fadeIn\">las <\/span><span class=\"BZ_Pyq_fadeIn\">motos <\/span><span class=\"BZ_Pyq_fadeIn\">crecieron <\/span><span class=\"BZ_Pyq_fadeIn\">un <\/span><span class=\"BZ_Pyq_fadeIn\">72,3% <\/span><span class=\"BZ_Pyq_fadeIn\">interanual<\/span><\/strong><span class=\"BZ_Pyq_fadeIn\">.<\/span><\/p>\n<p data-start=\"657\" data-end=\"742\" data-is-last-node=\"\" data-is-only-node=\"\"><span class=\"BZ_Pyq_fadeIn\">El <\/span><span class=\"BZ_Pyq_fadeIn\">informe <\/span><span class=\"BZ_Pyq_fadeIn\">corresponde <\/span><span class=\"BZ_Pyq_fadeIn\">al <\/span><span class=\"BZ_Pyq_fadeIn\">\u00cdndice <\/span><span class=\"BZ_Pyq_fadeIn\">de <\/span><span class=\"BZ_Pyq_fadeIn\">Consumo <\/span><span class=\"BZ_Pyq_fadeIn\">Privado <\/span><span class=\"BZ_Pyq_fadeIn\">de <\/span><span class=\"BZ_Pyq_fadeIn\">la <\/span><strong data-start=\"715\" data-end=\"741\"><span class=\"BZ_Pyq_fadeIn\">Universidad <\/span><span class=\"BZ_Pyq_fadeIn\">de <\/span><span class=\"BZ_Pyq_fadeIn\">Palermo<\/span><\/strong><span class=\"BZ_Pyq_fadeIn\">.<\/span><\/p>\n<p data-start=\"657\" data-end=\"742\" data-is-last-node=\"\" data-is-only-node=\"\">&nbsp;<\/p>\n<div class=\"ubm_banner\"><a href=\"https:\/\/youtu.be\/0tZbALed_rw\" target=\"_blank\" rel=\"dofollow noopener noreferrer\"><img src=\"http:\/\/hoycordobaweb.com\/wp-content\/uploads\/2026\/03\/cae-el-consumo-en-argentina-bajo-19-interanual-en-febrero.gif\" alt=\"\"><\/a><\/div>\n<\/div>\n<\/div>\n<\/div>\n<\/div>\n<p>La entrada <a rel=\"nofollow\" href=\"https:\/\/ladecimaweb.com\/cae-el-consumo-en-argentina-bajo-19-interanual-en-febrero\/\">Cae el consumo en Argentina: baj\u00f3 1,9% interanual en febrero<\/a> se public\u00f3 primero en <a rel=\"nofollow\" href=\"https:\/\/ladecimaweb.com\">LaDecima<\/a>.<\/p>\n","protected":false},"excerpt":{"rendered":"<p>El consumo privado registr\u00f3 en febrero de 2026 una ca\u00edda del 1,9% interanual, acumulando tres meses consecutivos en baja, seg\u00fan datos privados. En el primer bimestre, la contracci\u00f3n fue del 1,7%, aunque en la comparaci\u00f3n mensual hubo una leve suba del 1,1% respecto a enero. Entre los indicadores: IVA: &#8211;3,5% Patentamientos: &#8211;3,4% Carne vacuna: &#8211;14,7% [&hellip;]<\/p>\n","protected":false},"author":1,"featured_media":0,"comment_status":"closed","ping_status":"closed","sticky":false,"template":"","format":"standard","meta":[],"categories":[32],"tags":[],"_links":{"self":[{"href":"http:\/\/hoycordobaweb.com\/index.php\/wp-json\/wp\/v2\/posts\/133058"}],"collection":[{"href":"http:\/\/hoycordobaweb.com\/index.php\/wp-json\/wp\/v2\/posts"}],"about":[{"href":"http:\/\/hoycordobaweb.com\/index.php\/wp-json\/wp\/v2\/types\/post"}],"author":[{"embeddable":true,"href":"http:\/\/hoycordobaweb.com\/index.php\/wp-json\/wp\/v2\/users\/1"}],"replies":[{"embeddable":true,"href":"http:\/\/hoycordobaweb.com\/index.php\/wp-json\/wp\/v2\/comments?post=133058"}],"version-history":[{"count":0,"href":"http:\/\/hoycordobaweb.com\/index.php\/wp-json\/wp\/v2\/posts\/133058\/revisions"}],"wp:attachment":[{"href":"http:\/\/hoycordobaweb.com\/index.php\/wp-json\/wp\/v2\/media?parent=133058"}],"wp:term":[{"taxonomy":"category","embeddable":true,"href":"http:\/\/hoycordobaweb.com\/index.php\/wp-json\/wp\/v2\/categories?post=133058"},{"taxonomy":"post_tag","embeddable":true,"href":"http:\/\/hoycordobaweb.com\/index.php\/wp-json\/wp\/v2\/tags?post=133058"}],"curies":[{"name":"wp","href":"https:\/\/api.w.org\/{rel}","templated":true}]}}