{"id":133040,"date":"2026-03-16T12:53:57","date_gmt":"2026-03-16T12:53:57","guid":{"rendered":"https:\/\/www.mujerhoy.com\/moda\/no-te-pierdas\/vestido-yolanda-diaz-premios-oscar-2026-purificacion-garcia-20260316112208-nt.html"},"modified":"2026-03-16T12:53:57","modified_gmt":"2026-03-16T12:53:57","slug":"el-vestido-de-yolanda-diaz-en-los-premios-oscar-2026-moda-gallega-en-los-angeles-con-un-look-muy-elegante","status":"publish","type":"post","link":"http:\/\/hoycordobaweb.com\/index.php\/2026\/03\/16\/el-vestido-de-yolanda-diaz-en-los-premios-oscar-2026-moda-gallega-en-los-angeles-con-un-look-muy-elegante\/","title":{"rendered":"El vestido de Yolanda D\u00edaz en los Premios Oscar 2026: moda gallega en Los \u00c1ngeles con un look muy elegante"},"content":{"rendered":"<p><!-- AUTHOR --><\/p>\n<div class=\"voc-author-timesocial \">\n<!-- AUTHOR --><\/p>\n<div class=\"voc-author-timesocial__signature \">\n<!-- IMAGE AUTHOR -->\n<picture class=\"voc-image-signature\">\n<img class=\"voc-image-signature__img\" src=\"http:\/\/hoycordobaweb.com\/wp-content\/uploads\/2026\/03\/el-vestido-de-yolanda-diaz-en-los-premios-oscar-2026-moda-gallega-en-los-angeles-con-un-look-muy-elegante.jpg\" alt=\"Raquel Rodr\u00edguez\">\n<\/picture>\n<!-- INFO AUTHOR --> <\/div><\/div>\n<p><!-- COMPONENTS --><\/p>\n<p class=\"voc-paragraph\">Adem\u00e1s del nominado <a href=\"https:\/\/www.mujerhoy.com\/actualidad\/oliver-laxe-director-festival-cannes-exito-sirat-yolanda-diaz-20250524081932-nt.html\" title=\"www.mujerhoy.com\" data-voc-vtm-id=\"in-text-traffic\" data-mrf-link=\"www.mujerhoy.com\">Oliver Laxe <\/a>y de otros actores como Javier Bardem, Manu R\u00edos o Ar\u00f3n Piper, <a href=\"https:\/\/www.mujerhoy.com\/celebrities\/alfombra-roja\/premios-oscar-2026-alfombra-roja-mejores-looks-famosas-20260315230059-nt.html\" title=\"www.mujerhoy.com\" data-voc-vtm-id=\"in-text-traffic\" data-mrf-link=\"www.mujerhoy.com\">la alfombra roja de los Premios Oscar <\/a>tuvo una representante espa\u00f1ola inesperada: Yolanda D\u00edaz. S\u00ed, la Vicepresidenta del Gobierno no quiso perderse la fiesta del cine de Hollywood y fue una de las asistentes a la cita con <strong>el objetivo de apoyar al cine espa\u00f1ol<\/strong>, que hab\u00eda recibido dos nominaciones en dos categor\u00edas con la pel\u00edcula Sirat.<\/p>\n<p class=\"voc-paragraph\">Acompa\u00f1ada por Jos\u00e9 L\u00f3pez, conselleiro de Cultura, Lingua e Xuventude de la Xunta de Galicia, Yolanda D\u00edaz se convirti\u00f3 en toda una estrella de Hollywood al tener la oportunidad de presenciar una de las galas de premios m\u00e1s trascendentales del a\u00f1o. Viaj\u00f3 a Los \u00c1ngeles y, aunque lo hizo en calidad de acompa\u00f1ante y<strong> no pas\u00f3 por la tan aclamada red carpet<\/strong>, su look se ha convertido en uno de los m\u00e1s buscados del evento.<\/p>\n<div class=\"v-c-cmp v-c-cmp--t1 \">\n<div class=\"v-cmp-rld v-cmp-rld--2 \">\n<div class=\"v-cnt-m v-cnt-m--m\">\n<div class=\"v-cnt-m__c\">\n<div class=\"v-cnt-m__w v-cnt-m__w--1\">\n<p class=\"v-cnt-m__t\">\nTAMBI\u00c9N TE INTERESA\n<\/p>\n<\/div>\n<\/div>\n<\/div>\n<div class=\"v-g v-g--2-c v-g--bdr-min-xs\">\n<div class=\"v-g__c \">\n<article class=\"v-a v-a--cmp-rld v-a--cmp-rld-2 v-a--p-l\">\n<div class=\"v-a-img-c\">\n<figure class=\"v-a-fig\">\n<a href=\"https:\/\/www.mujerhoy.com\/celebrities\/lista-completa-ganadores-premios-oscar-2026-decepcion-perdedores-20260316075035-nt.html#vtm_modulosEngag=mod-rel:moda:noticia:1:cmp:2-not\" class=\"v-a-link\" title=\"La lista de ganadores de los Oscar 2026: arrasa Una batalla tras otra, decepciona Marty Supreme y pierde Sir\u00e2t\"><br \/>\n<img loading=\"lazy\" class=\"v-a-img\" src=\"http:\/\/hoycordobaweb.com\/wp-content\/uploads\/2026\/03\/el-vestido-de-yolanda-diaz-en-los-premios-oscar-2026-moda-gallega-en-los-angeles-con-un-look-muy-elegante-1.jpg\" alt=\"La lista de ganadores de los Oscar 2026: arrasa Una batalla tras otra, decepciona Marty Supreme y pierde Sir\u00e2t\"><br \/>\n<\/a><br \/>\n<\/figure>\n<\/div>\n<\/article>\n<\/div>\n<div class=\"v-g__c \">\n<article class=\"v-a v-a--cmp-rld v-a--cmp-rld-2 v-a--p-l\">\n<div class=\"v-a-img-c\">\n<figure class=\"v-a-fig\">\n<a href=\"https:\/\/www.mujerhoy.com\/moda\/no-te-pierdas\/premios-oscar-anne-hathaway-look-alfombra-roja-vestido-valentino-flores-20260316005344-nt.html#vtm_modulosEngag=mod-rel:moda:noticia:2:cmp:2-not\" class=\"v-a-link\" title=\"Anne Hathaway rinde homenaje a Valentino con un vestido floral en la alfombra roja de los Premios Oscar\"><br \/>\n<img loading=\"lazy\" class=\"v-a-img\" src=\"http:\/\/hoycordobaweb.com\/wp-content\/uploads\/2026\/03\/el-vestido-de-yolanda-diaz-en-los-premios-oscar-2026-moda-gallega-en-los-angeles-con-un-look-muy-elegante-2.jpg\" alt=\"Anne Hathaway rinde homenaje a Valentino con un vestido floral en la alfombra roja de los Premios Oscar\"><br \/>\n<\/a><br \/>\n<\/figure>\n<\/div>\n<\/article>\n<\/div>\n<\/div>\n<\/div>\n<\/div>\n<p class=\"voc-paragraph\">Y es que, a pesar de que se enfrentaba estil\u00edsticamente a mujeres como Nicole Kidman, Demi Moore, Emma Stone o Elle Fanning, Yolanda D\u00edaz no quiso perder la oportunidad de aportar su punto elegante y de ense\u00f1ar fuera de nuestras fronteras por qu\u00e9 es considerada<strong> una de las pol\u00edticas que mejor visten<\/strong>.<\/p>\n<p class=\"voc-paragraph\">En los \u00faltimos tiempos, la ministra de Trabajo ha acaparado titulares gracias a los estilismos que escoge para todos y cada uno de los eventos a los que acude como representante pol\u00edtica. Su estilo ha evolucionado de manera notable y se ha convertido en una de <strong>esas mujeres elegantes<\/strong> en las que inspirarse cuando no sabes qu\u00e9 ponerte si buscas algo correcto, cl\u00e1sico y favorecedor.<\/p>\n<p class=\"voc-paragraph\">Le gusta apostar por la<strong> moda espa\u00f1ola<\/strong> y son muchas las ocasiones en las que elige firmas emergentes y opciones muy f\u00e1ciles de copiar. Prefiere las siluetas que marcan la cintura, los cortes midi y los colores pastel, que resultan especialmente favorecedores. Adem\u00e1s, suele apostar por complementos que marcan la diferencia, como unos buenos pendientes o unos zapatos especiales.<\/p>\n<p><h3 class=\"v-cmp-suh\">\nUn vestido de Purificaci\u00f3n Garc\u00eda<br \/>\n<\/h3>\n<\/p>\n<p class=\"voc-paragraph\">Para la 98.\u00aa edici\u00f3n de los Premios Oscar, Yolanda D\u00edaz ha seguido esta t\u00f3nica que viene utilizando en los \u00faltimos a\u00f1os y se ha decantado por un<strong> dise\u00f1o de Purificaci\u00f3n Garc\u00eda<\/strong>. Seg\u00fan ha desvelado EFE, la pol\u00edtica apost\u00f3 por la moda espa\u00f1ola, llev\u00e1ndola as\u00ed a una cita en la que las firmas de lujo eran las absolutas protagonistas.<\/p>\n<p class=\"voc-paragraph\">Aunque no pos\u00f3 en la alfombra roja y no hay im\u00e1genes de ella en el photocall, hemos podido saber que se trataba de un dise\u00f1o <strong>en color beige que acompa\u00f1\u00f3 con una pashmina<\/strong> que cubr\u00eda sus hombros. Una elecci\u00f3n elegante y acertada que complet\u00f3 con unos <strong>pendientes de aro en forma de sol <\/strong>y que estaba repleta de significado.<\/p>\n<p class=\"voc-paragraph\">Y es que no solo se decant\u00f3 por moda espa\u00f1ola, sino tambi\u00e9n por <strong>moda gallega<\/strong>, al igual que el propio Oliver Laxe, que eligi\u00f3 un traje de chaqueta de cuello mao de Adolfo Dom\u00ednguez. Una elecci\u00f3n cargada de simbolismo que no ha estado exenta de pol\u00e9mica y que ha llevado a Yolanda D\u00edaz a convertirse, por una noche, en una estrella de Hollywood m\u00e1s.<\/p>\n<div class=\"v-c-cmp v-c-cmp--t1 \">\n<div class=\"v-cmp-rld v-cmp-rld--2 \">\n<div class=\"v-cnt-m v-cnt-m--m\">\n<div class=\"v-cnt-m__c\">\n<div class=\"v-cnt-m__w v-cnt-m__w--1\">\n<p class=\"v-cnt-m__t\">\nTAMBI\u00c9N TE INTERESA\n<\/p>\n<\/div>\n<\/div>\n<\/div>\n<div class=\"v-g v-g--2-c v-g--bdr-min-xs\">\n<div class=\"v-g__c \">\n<article class=\"v-a v-a--cmp-rld v-a--cmp-rld-2 v-a--p-l\">\n<div class=\"v-a-img-c\">\n<figure class=\"v-a-fig\">\n<a href=\"https:\/\/www.mujerhoy.com\/moda\/no-te-pierdas\/premios-oscar-nicole-kidman-vestido-chanel-cintura-peplum-20260316013052-nt.html#vtm_modulosEngag=mod-rel:moda:noticia:1:cmp:2-not\" class=\"v-a-link\" title=\"Nicole Kidman reivindica el poder del peplum en los Premios Oscar con un vestido de Chanel\"><br \/>\n<img loading=\"lazy\" class=\"v-a-img\" src=\"http:\/\/hoycordobaweb.com\/wp-content\/uploads\/2026\/03\/el-vestido-de-yolanda-diaz-en-los-premios-oscar-2026-moda-gallega-en-los-angeles-con-un-look-muy-elegante-3.jpg\" alt=\"Nicole Kidman reivindica el poder del peplum en los Premios Oscar con un vestido de Chanel\"><br \/>\n<\/a><br \/>\n<\/figure>\n<\/div>\n<\/article>\n<\/div>\n<div class=\"v-g__c \">\n<article class=\"v-a v-a--cmp-rld v-a--cmp-rld-2 v-a--p-l\">\n<div class=\"v-a-img-c\">\n<figure class=\"v-a-fig\">\n<a href=\"https:\/\/www.mujerhoy.com\/moda\/no-te-pierdas\/emma-stone-premios-oscar-vestido-louis-vuitton-20260316235930-nt.html#vtm_modulosEngag=mod-rel:moda:noticia:2:cmp:2-not\" class=\"v-a-link\" title=\"Emma Stone deslumbra en los Premios Oscar con un vestido de Louis Vuitton muy sofisticado\"><br \/>\n<img loading=\"lazy\" class=\"v-a-img\" src=\"http:\/\/hoycordobaweb.com\/wp-content\/uploads\/2026\/03\/el-vestido-de-yolanda-diaz-en-los-premios-oscar-2026-moda-gallega-en-los-angeles-con-un-look-muy-elegante-4.jpg\" alt=\"Emma Stone deslumbra en los Premios Oscar con un vestido de Louis Vuitton muy sofisticado\"><br \/>\n<\/a><br \/>\n<\/figure>\n<\/div>\n<\/article>\n<\/div>\n<\/div>\n<\/div>\n<\/div>\n<div class=\"media_block\"><\/div>\n","protected":false},"excerpt":{"rendered":"<p>Adem\u00e1s del nominado Oliver Laxe y de otros actores como Javier Bardem, Manu R\u00edos o Ar\u00f3n Piper, la alfombra roja de los Premios Oscar tuvo una representante espa\u00f1ola inesperada: Yolanda D\u00edaz. S\u00ed, la Vicepresidenta del Gobierno no quiso perderse la fiesta del cine de Hollywood y fue una de las asistentes a la cita con [&hellip;]<\/p>\n","protected":false},"author":1,"featured_media":133041,"comment_status":"closed","ping_status":"closed","sticky":false,"template":"","format":"standard","meta":[],"categories":[],"tags":[],"_links":{"self":[{"href":"http:\/\/hoycordobaweb.com\/index.php\/wp-json\/wp\/v2\/posts\/133040"}],"collection":[{"href":"http:\/\/hoycordobaweb.com\/index.php\/wp-json\/wp\/v2\/posts"}],"about":[{"href":"http:\/\/hoycordobaweb.com\/index.php\/wp-json\/wp\/v2\/types\/post"}],"author":[{"embeddable":true,"href":"http:\/\/hoycordobaweb.com\/index.php\/wp-json\/wp\/v2\/users\/1"}],"replies":[{"embeddable":true,"href":"http:\/\/hoycordobaweb.com\/index.php\/wp-json\/wp\/v2\/comments?post=133040"}],"version-history":[{"count":0,"href":"http:\/\/hoycordobaweb.com\/index.php\/wp-json\/wp\/v2\/posts\/133040\/revisions"}],"wp:featuredmedia":[{"embeddable":true,"href":"http:\/\/hoycordobaweb.com\/index.php\/wp-json\/wp\/v2\/media\/133041"}],"wp:attachment":[{"href":"http:\/\/hoycordobaweb.com\/index.php\/wp-json\/wp\/v2\/media?parent=133040"}],"wp:term":[{"taxonomy":"category","embeddable":true,"href":"http:\/\/hoycordobaweb.com\/index.php\/wp-json\/wp\/v2\/categories?post=133040"},{"taxonomy":"post_tag","embeddable":true,"href":"http:\/\/hoycordobaweb.com\/index.php\/wp-json\/wp\/v2\/tags?post=133040"}],"curies":[{"name":"wp","href":"https:\/\/api.w.org\/{rel}","templated":true}]}}