{"id":133038,"date":"2026-03-16T16:20:39","date_gmt":"2026-03-16T16:20:39","guid":{"rendered":"https:\/\/www.mujerhoy.com\/moda\/no-te-pierdas\/mejores-basicos-atemporales-massimo-dutti-primavera-20260316114809-nt.html"},"modified":"2026-03-16T16:20:39","modified_gmt":"2026-03-16T16:20:39","slug":"seis-basicos-atemporales-de-massimo-dutti-que-me-han-puesto-de-buen-humor-perfectos-para-looks-de-primavera","status":"publish","type":"post","link":"http:\/\/hoycordobaweb.com\/index.php\/2026\/03\/16\/seis-basicos-atemporales-de-massimo-dutti-que-me-han-puesto-de-buen-humor-perfectos-para-looks-de-primavera\/","title":{"rendered":"Seis b\u00e1sicos atemporales de Massimo Dutti que me han puesto de buen humor: perfectos para looks de primavera"},"content":{"rendered":"<p><!-- AUTHOR --><\/p>\n<div class=\"voc-author-timesocial \">\n<!-- AUTHOR --><\/p>\n<div class=\"voc-author-timesocial__signature \">\n<!-- IMAGE AUTHOR -->\n<picture class=\"voc-image-signature\">\n<img class=\"voc-image-signature__img\" src=\"http:\/\/hoycordobaweb.com\/wp-content\/uploads\/2026\/03\/seis-basicos-atemporales-de-massimo-dutti-que-me-han-puesto-de-buen-humor-perfectos-para-looks-de-primavera.jpg\" alt=\"Lauren Izquierdo\">\n<\/picture>\n<!-- INFO AUTHOR --> <\/div><\/div>\n<p><!-- COMPONENTS --><\/p>\n<p class=\"voc-paragraph\">Con la <strong>primavera a la vuelta de la esquina<\/strong>, yo solo soy capaz de pensar en mis <a href=\"https:\/\/www.mujerhoy.com\/moda\/no-te-pierdas\/vestidos-entretiempo-bonitos-primavera-20260224165159-nt.html\" title=\"www.mujerhoy.com\" data-voc-vtm-id=\"in-text-traffic\" data-mrf-link=\"www.mujerhoy.com\">looks de entretiempo<\/a>. Atr\u00e1s quedaron los anoraks y abrigos de lana fr\u00eda para dar lugar a estilismos que <a href=\"https:\/\/www.mujerhoy.com\/moda\/no-te-pierdas\/vestir-capas-no-quieres-renunciar-estilo-trucos-experto-20260115135534-nt.html\" title=\"www.mujerhoy.com\" data-voc-vtm-id=\"in-text-traffic\" data-mrf-link=\"www.mujerhoy.com\">funcionan a base de capas<\/a>, colores neutros y las <a href=\"https:\/\/www.mujerhoy.com\/moda\/no-te-pierdas\/como-crear-armario-capsula-calidad-trucos-basicos-20260127151911-nt.html\" title=\"www.mujerhoy.com\" data-voc-vtm-id=\"in-text-traffic\" data-mrf-link=\"www.mujerhoy.com\">mejores piezas de un armario c\u00e1psula. <\/a><\/p>\n<p class=\"voc-paragraph\">Con esto en mente, lo m\u00e1s <strong>com\u00fan<\/strong> es querer remodelar nuestro arsenal, aunque sea simplemente para buscar cu\u00e1les ser\u00e1n nuestros pr\u00f3ximos ases bajo la manga en esos d\u00edas de <strong>poca inspiraci\u00f3n<\/strong>. Y no hay mejor templo al que recurrir que <strong>Massimo Dutti<\/strong>. <\/p>\n<div class=\"v-c-cmp v-c-cmp--t1 \">\n<div class=\"v-cmp-rld v-cmp-rld--2 \">\n<div class=\"v-cnt-m v-cnt-m--m\">\n<div class=\"v-cnt-m__c\">\n<div class=\"v-cnt-m__w v-cnt-m__w--1\">\n<p class=\"v-cnt-m__t\">\nTAMBI\u00c9N TE INTERESA\n<\/p>\n<\/div>\n<\/div>\n<\/div>\n<div class=\"v-g v-g--2-c v-g--bdr-min-xs\">\n<div class=\"v-g__c \">\n<article class=\"v-a v-a--cmp-rld v-a--cmp-rld-2 v-a--p-l\">\n<div class=\"v-a-img-c\">\n<figure class=\"v-a-fig\">\n<a href=\"https:\/\/www.mujerhoy.com\/moda\/no-te-pierdas\/blazers-negras-unico-basico-necesitas-elevar-estilismo-20260222144723-nt.html#vtm_modulosEngag=mod-rel:moda:noticia:1:cmp:2-not\" class=\"v-a-link\" title=\"Blazers negras, el \u00fanico b\u00e1sico que necesitas para elevar cualquier estilismo\"><br \/>\n<img loading=\"lazy\" class=\"v-a-img\" src=\"http:\/\/hoycordobaweb.com\/wp-content\/uploads\/2026\/03\/seis-basicos-atemporales-de-massimo-dutti-que-me-han-puesto-de-buen-humor-perfectos-para-looks-de-primavera-1.jpg\" alt=\"Blazers negras, el \u00fanico b\u00e1sico que necesitas para elevar cualquier estilismo\"><br \/>\n<\/a><br \/>\n<\/figure>\n<\/div>\n<\/article>\n<\/div>\n<div class=\"v-g__c \">\n<article class=\"v-a v-a--cmp-rld v-a--cmp-rld-2 v-a--p-l\">\n<div class=\"v-a-img-c\">\n<figure class=\"v-a-fig\">\n<a href=\"https:\/\/www.mujerhoy.com\/moda\/no-te-pierdas\/zapatos-nuevos-basicos-baratos-zara-20260221112815-nt.html#vtm_modulosEngag=mod-rel:moda:noticia:2:cmp:2-not\" class=\"v-a-link\" title=\"Los zapatos m\u00e1s originales que te resolver\u00e1n todos los looks de primavera\"><br \/>\n<img loading=\"lazy\" class=\"v-a-img\" src=\"http:\/\/hoycordobaweb.com\/wp-content\/uploads\/2026\/03\/seis-basicos-atemporales-de-massimo-dutti-que-me-han-puesto-de-buen-humor-perfectos-para-looks-de-primavera-2.jpg\" alt=\"Los zapatos m\u00e1s originales que te resolver\u00e1n todos los looks de primavera\"><br \/>\n<\/a><br \/>\n<\/figure>\n<\/div>\n<\/article>\n<\/div>\n<\/div>\n<\/div>\n<\/div>\n<p class=\"voc-paragraph\">La hermana m\u00e1s elegante de Zara lo ha vuelto a hacer a trav\u00e9s de <strong>novedades<\/strong> que rescatan lo mejor las <strong>tendencias m\u00e1s elegantes y ponibles<\/strong>, y la atemporalidad de las prendas de calidad que cautivan a cl\u00e1sicas, pr\u00e1cticas y modernas. Desde chaquetas de piel hasta los <strong>pantalones bloomer<\/strong> que no faltan en ning\u00fan armario de primavera, podr\u00e1s construir propuestas limpias, sencillas y perfectas para arrasar all\u00e1 donde vayas.<\/p>\n<p><h3 class=\"v-cmp-suh\">\nEn mi r\u00e1nking: b\u00e1sicos de Massimo Dutti<br \/>\n<\/h3>\n<\/p>\n<div class=\"v-c-cmp v-c-cmp--s\">\n<div class=\"v-cmp-m \">\n<article class=\"v-a v-a--cmp-m v-c-cmp--m-z\">\n<div class=\"v-a-img-c \">\n<div class=\"v-a-fig\">\n<button class=\"v-a-link\" popovertarget=\"photo-190\"><br \/>\n<img loading=\"lazy\" src=\"http:\/\/hoycordobaweb.com\/wp-content\/uploads\/2026\/03\/seis-basicos-atemporales-de-massimo-dutti-que-me-han-puesto-de-buen-humor-perfectos-para-looks-de-primavera-3.jpg\" class=\"v-a-img\" width=\"650\" height=\"650\" alt=\"Chaqueta de piel marr\u00f3n, 299 euros.\" data-voc-vtm-id=\"in-text-traffic\"> <\/button><figcaption class=\"v-fc\">\n<span class=\"v-fc__t\"><br \/>\nChaqueta de piel marr\u00f3n, 299 euros.<br \/>\n<\/span><br \/>\n<\/figcaption><\/div>\n<\/div>\n<div id=\"photo-190\" popover class=\"v-mdl v-mdl--fw\">\n<button class=\"v-x\" popovertarget=\"photo-190\" popovertargetaction=\"hide\"><br \/>\n<span class=\"v-i\"><br \/>\n<svg width=\"24\" height=\"23.996\" viewBox=\"0 0 24 23.996\">\n<path data-name=\"Uni\u00f3n 29\" d=\"M12,14.03,2.031,24,0,21.963,9.968,12,0,2.033,2.031,0,12,9.966,21.969,0,24,2.033,14.032,12,24,21.963,21.969,24Z\" \/>\n<\/svg><br \/>\n<\/span><br \/>\n<\/button><\/p>\n<div class=\"v-mdl__c\">\n<div class=\"v-mdl__w\">\n<img loading=\"lazy\" src=\"http:\/\/hoycordobaweb.com\/wp-content\/uploads\/2026\/03\/seis-basicos-atemporales-de-massimo-dutti-que-me-han-puesto-de-buen-humor-perfectos-para-looks-de-primavera-3.jpg\" class=\"v-mdl__img-z\" width=\"650\" height=\"650\" alt>\n<\/div>\n<\/div>\n<\/div>\n<p><span class=\"v-bdp\"><\/span><br \/>\n<\/article>\n<\/div>\n<\/div>\n<p class=\"voc-paragraph\"><strong>Chaqueta de piel marr\u00f3n, 299 euros.<\/strong> Esta chaqueta es una de esas prendas que solucionan cualquier look. Su corte limpio y ligeramente oversize te dar\u00e1 un toque moderno lo lleves con vaqueros, vestidos femeninos o faldas de tablas. Adem\u00e1s, es una inversi\u00f3n que no pasar\u00e1 de moda con el paso de los a\u00f1os.<\/p>\n<div class=\"v-c-cmp v-c-cmp--s\">\n<div class=\"v-cmp-m \">\n<article class=\"v-a v-a--cmp-m v-c-cmp--m-z\">\n<div class=\"v-a-img-c \">\n<div class=\"v-a-fig\">\n<button class=\"v-a-link\" popovertarget=\"photo-723\"><br \/>\n<img loading=\"lazy\" src=\"http:\/\/hoycordobaweb.com\/wp-content\/uploads\/2026\/03\/seis-basicos-atemporales-de-massimo-dutti-que-me-han-puesto-de-buen-humor-perfectos-para-looks-de-primavera-4.jpg\" class=\"v-a-img\" width=\"650\" height=\"650\" alt=\"Pantal\u00f3n sastre beige, 89,95 euros.\" data-voc-vtm-id=\"in-text-traffic\"> <\/button><figcaption class=\"v-fc\">\n<span class=\"v-fc__t\"><br \/>\nPantal\u00f3n sastre beige, 89,95 euros.<br \/>\n<\/span><br \/>\n<\/figcaption><\/div>\n<\/div>\n<div id=\"photo-723\" popover class=\"v-mdl v-mdl--fw\">\n<button class=\"v-x\" popovertarget=\"photo-723\" popovertargetaction=\"hide\"><br \/>\n<span class=\"v-i\"><br \/>\n<svg width=\"24\" height=\"23.996\" viewBox=\"0 0 24 23.996\">\n<path data-name=\"Uni\u00f3n 29\" d=\"M12,14.03,2.031,24,0,21.963,9.968,12,0,2.033,2.031,0,12,9.966,21.969,0,24,2.033,14.032,12,24,21.963,21.969,24Z\" \/>\n<\/svg><br \/>\n<\/span><br \/>\n<\/button><\/p>\n<div class=\"v-mdl__c\">\n<div class=\"v-mdl__w\">\n<img loading=\"lazy\" src=\"http:\/\/hoycordobaweb.com\/wp-content\/uploads\/2026\/03\/seis-basicos-atemporales-de-massimo-dutti-que-me-han-puesto-de-buen-humor-perfectos-para-looks-de-primavera-4.jpg\" class=\"v-mdl__img-z\" width=\"650\" height=\"650\" alt>\n<\/div>\n<\/div>\n<\/div>\n<p><span class=\"v-bdp\"><\/span><br \/>\n<\/article>\n<\/div>\n<\/div>\n<p class=\"voc-paragraph\"><strong>Pantal\u00f3n sastre beige, 89,95 euros.<\/strong> Es un imprescindible. Adem\u00e1s, sienta bien a todas gracias a su dise\u00f1o recto que estiliza la silueta, alarga visualmente las piernas y funciona igual de bien con sandalias, mocasines o zapatillas. Ll\u00e9valo con tops, camisas o sudaderas, sin importar cu\u00e1l sea tu estilo.<\/p>\n<div class=\"v-c-cmp v-c-cmp--s\">\n<div class=\"v-cmp-m \">\n<article class=\"v-a v-a--cmp-m v-c-cmp--m-z\">\n<div class=\"v-a-img-c \">\n<div class=\"v-a-fig\">\n<button class=\"v-a-link\" popovertarget=\"photo-220\"><br \/>\n<img loading=\"lazy\" src=\"http:\/\/hoycordobaweb.com\/wp-content\/uploads\/2026\/03\/seis-basicos-atemporales-de-massimo-dutti-que-me-han-puesto-de-buen-humor-perfectos-para-looks-de-primavera-5.jpg\" class=\"v-a-img\" width=\"650\" height=\"650\" alt=\"Pantal\u00f3n fluido marr\u00f3n, 79,95 euros.\" data-voc-vtm-id=\"in-text-traffic\"> <\/button><figcaption class=\"v-fc\">\n<span class=\"v-fc__t\"><br \/>\nPantal\u00f3n fluido marr\u00f3n, 79,95 euros.<br \/>\n<\/span><br \/>\n<\/figcaption><\/div>\n<\/div>\n<div id=\"photo-220\" popover class=\"v-mdl v-mdl--fw\">\n<button class=\"v-x\" popovertarget=\"photo-220\" popovertargetaction=\"hide\"><br \/>\n<span class=\"v-i\"><br \/>\n<svg width=\"24\" height=\"23.996\" viewBox=\"0 0 24 23.996\">\n<path data-name=\"Uni\u00f3n 29\" d=\"M12,14.03,2.031,24,0,21.963,9.968,12,0,2.033,2.031,0,12,9.966,21.969,0,24,2.033,14.032,12,24,21.963,21.969,24Z\" \/>\n<\/svg><br \/>\n<\/span><br \/>\n<\/button><\/p>\n<div class=\"v-mdl__c\">\n<div class=\"v-mdl__w\">\n<img loading=\"lazy\" src=\"http:\/\/hoycordobaweb.com\/wp-content\/uploads\/2026\/03\/seis-basicos-atemporales-de-massimo-dutti-que-me-han-puesto-de-buen-humor-perfectos-para-looks-de-primavera-5.jpg\" class=\"v-mdl__img-z\" width=\"650\" height=\"650\" alt>\n<\/div>\n<\/div>\n<\/div>\n<p><span class=\"v-bdp\"><\/span><br \/>\n<\/article>\n<\/div>\n<\/div>\n<p class=\"voc-paragraph\"><strong>Pantal\u00f3n fluido marr\u00f3n, 79,95 euros.<\/strong> Desde que Chlo\u00e9 lo puso de moda y las bohemias se hicieron con \u00e9l, los pantalones bombachos est\u00e1n por todas partes. Lo mejor es que son comod\u00edsimos, y si los llevas con prendas del mismo color, el resultado ser\u00e1 elegant\u00edsimo.<\/p>\n<div class=\"v-c-cmp v-c-cmp--s\">\n<div class=\"v-cmp-m \">\n<article class=\"v-a v-a--cmp-m v-c-cmp--m-z\">\n<div class=\"v-a-img-c \">\n<div class=\"v-a-fig\">\n<button class=\"v-a-link\" popovertarget=\"photo-408\"><br \/>\n<img loading=\"lazy\" src=\"http:\/\/hoycordobaweb.com\/wp-content\/uploads\/2026\/03\/seis-basicos-atemporales-de-massimo-dutti-que-me-han-puesto-de-buen-humor-perfectos-para-looks-de-primavera-6.jpg\" class=\"v-a-img\" width=\"650\" height=\"650\" alt=\"Falda midi beige, 79,95 euros.\" data-voc-vtm-id=\"in-text-traffic\"> <\/button><figcaption class=\"v-fc\">\n<span class=\"v-fc__t\"><br \/>\nFalda midi beige, 79,95 euros.<br \/>\n<\/span><br \/>\n<\/figcaption><\/div>\n<\/div>\n<div id=\"photo-408\" popover class=\"v-mdl v-mdl--fw\">\n<button class=\"v-x\" popovertarget=\"photo-408\" popovertargetaction=\"hide\"><br \/>\n<span class=\"v-i\"><br \/>\n<svg width=\"24\" height=\"23.996\" viewBox=\"0 0 24 23.996\">\n<path data-name=\"Uni\u00f3n 29\" d=\"M12,14.03,2.031,24,0,21.963,9.968,12,0,2.033,2.031,0,12,9.966,21.969,0,24,2.033,14.032,12,24,21.963,21.969,24Z\" \/>\n<\/svg><br \/>\n<\/span><br \/>\n<\/button><\/p>\n<div class=\"v-mdl__c\">\n<div class=\"v-mdl__w\">\n<img loading=\"lazy\" src=\"http:\/\/hoycordobaweb.com\/wp-content\/uploads\/2026\/03\/seis-basicos-atemporales-de-massimo-dutti-que-me-han-puesto-de-buen-humor-perfectos-para-looks-de-primavera-6.jpg\" class=\"v-mdl__img-z\" width=\"650\" height=\"650\" alt>\n<\/div>\n<\/div>\n<\/div>\n<p><span class=\"v-bdp\"><\/span><br \/>\n<\/article>\n<\/div>\n<\/div>\n<p class=\"voc-paragraph\"><strong>Falda midi beige, 79,95 euros.<\/strong> Es una pieza muy vers\u00e1til que funciona en distintos contextos. Con bailarinas o sandalias planas queda sencilla y elegante, y con botines o zapatos de tac\u00f3n gana presencia. Adem\u00e1s, su dise\u00f1o limpio asegura que no se vea anticuada con el paso del tiempo. Por lo que te durar\u00e1 a\u00f1os en el armario.<\/p>\n<div class=\"v-c-cmp v-c-cmp--s\">\n<div class=\"v-cmp-m \">\n<article class=\"v-a v-a--cmp-m v-c-cmp--m-z\">\n<div class=\"v-a-img-c \">\n<div class=\"v-a-fig\">\n<button class=\"v-a-link\" popovertarget=\"photo-700\"><br \/>\n<img loading=\"lazy\" src=\"http:\/\/hoycordobaweb.com\/wp-content\/uploads\/2026\/03\/seis-basicos-atemporales-de-massimo-dutti-que-me-han-puesto-de-buen-humor-perfectos-para-looks-de-primavera-7.jpg\" class=\"v-a-img\" width=\"650\" height=\"650\" alt=\"Gabardina corta cruda, 99,95 euros.\" data-voc-vtm-id=\"in-text-traffic\"> <\/button><figcaption class=\"v-fc\">\n<span class=\"v-fc__t\"><br \/>\nGabardina corta cruda, 99,95 euros.<br \/>\n<\/span><br \/>\n<\/figcaption><\/div>\n<\/div>\n<div id=\"photo-700\" popover class=\"v-mdl v-mdl--fw\">\n<button class=\"v-x\" popovertarget=\"photo-700\" popovertargetaction=\"hide\"><br \/>\n<span class=\"v-i\"><br \/>\n<svg width=\"24\" height=\"23.996\" viewBox=\"0 0 24 23.996\">\n<path data-name=\"Uni\u00f3n 29\" d=\"M12,14.03,2.031,24,0,21.963,9.968,12,0,2.033,2.031,0,12,9.966,21.969,0,24,2.033,14.032,12,24,21.963,21.969,24Z\" \/>\n<\/svg><br \/>\n<\/span><br \/>\n<\/button><\/p>\n<div class=\"v-mdl__c\">\n<div class=\"v-mdl__w\">\n<img loading=\"lazy\" src=\"http:\/\/hoycordobaweb.com\/wp-content\/uploads\/2026\/03\/seis-basicos-atemporales-de-massimo-dutti-que-me-han-puesto-de-buen-humor-perfectos-para-looks-de-primavera-7.jpg\" class=\"v-mdl__img-z\" width=\"650\" height=\"650\" alt>\n<\/div>\n<\/div>\n<\/div>\n<p><span class=\"v-bdp\"><\/span><br \/>\n<\/article>\n<\/div>\n<\/div>\n<p class=\"voc-paragraph\"><strong>Gabardina corta cruda, 99,95 euros.<\/strong> Pensada para el uso diario, es el mejor aliado de pantalones, vestidos o faldas. Es pr\u00e1ctica, minimalista y el mejor as bajo la manga del team petite, ya que sus piernas se ver\u00e1n m\u00e1s largas. Es una de las mejores inversiones.<\/p>\n<div class=\"v-c-cmp v-c-cmp--s\">\n<div class=\"v-cmp-m \">\n<article class=\"v-a v-a--cmp-m v-c-cmp--m-z\">\n<div class=\"v-a-img-c \">\n<div class=\"v-a-fig\">\n<button class=\"v-a-link\" popovertarget=\"photo-710\"><br \/>\n<img loading=\"lazy\" src=\"http:\/\/hoycordobaweb.com\/wp-content\/uploads\/2026\/03\/seis-basicos-atemporales-de-massimo-dutti-que-me-han-puesto-de-buen-humor-perfectos-para-looks-de-primavera-8.jpg\" class=\"v-a-img\" width=\"650\" height=\"650\" alt=\"C\u00e1rdigan rosa claro, 39,95 euros.\" data-voc-vtm-id=\"in-text-traffic\"> <\/button><figcaption class=\"v-fc\">\n<span class=\"v-fc__t\"><br \/>\nC\u00e1rdigan rosa claro, 39,95 euros.<br \/>\n<\/span><br \/>\n<\/figcaption><\/div>\n<\/div>\n<div id=\"photo-710\" popover class=\"v-mdl v-mdl--fw\">\n<button class=\"v-x\" popovertarget=\"photo-710\" popovertargetaction=\"hide\"><br \/>\n<span class=\"v-i\"><br \/>\n<svg width=\"24\" height=\"23.996\" viewBox=\"0 0 24 23.996\">\n<path data-name=\"Uni\u00f3n 29\" d=\"M12,14.03,2.031,24,0,21.963,9.968,12,0,2.033,2.031,0,12,9.966,21.969,0,24,2.033,14.032,12,24,21.963,21.969,24Z\" \/>\n<\/svg><br \/>\n<\/span><br \/>\n<\/button><\/p>\n<div class=\"v-mdl__c\">\n<div class=\"v-mdl__w\">\n<img loading=\"lazy\" src=\"http:\/\/hoycordobaweb.com\/wp-content\/uploads\/2026\/03\/seis-basicos-atemporales-de-massimo-dutti-que-me-han-puesto-de-buen-humor-perfectos-para-looks-de-primavera-8.jpg\" class=\"v-mdl__img-z\" width=\"650\" height=\"650\" alt>\n<\/div>\n<\/div>\n<\/div>\n<p><span class=\"v-bdp\"><\/span><br \/>\n<\/article>\n<\/div>\n<\/div>\n<p class=\"voc-paragraph\"><strong>C\u00e1rdigan rosa claro, 39,95 euros.<\/strong> Finalmente, este c\u00e1rdigan es uno de los m\u00e1s vers\u00e1tiles. Ll\u00e9valo cerrado a modo de top, abierto sobre camisetas blancas y faldas de tablas o junto a tonos como el gris marengo, marr\u00f3n chocolate o amarillo mantequilla.<\/p>\n<div class=\"v-c-cmp v-c-cmp--t1 \">\n<div class=\"v-cmp-rld v-cmp-rld--2 \">\n<div class=\"v-cnt-m v-cnt-m--m\">\n<div class=\"v-cnt-m__c\">\n<div class=\"v-cnt-m__w v-cnt-m__w--1\">\n<p class=\"v-cnt-m__t\">\nTAMBI\u00c9N TE INTERESA\n<\/p>\n<\/div>\n<\/div>\n<\/div>\n<div class=\"v-g v-g--2-c v-g--bdr-min-xs\">\n<div class=\"v-g__c \">\n<article class=\"v-a v-a--cmp-rld v-a--cmp-rld-2 v-a--p-l\">\n<div class=\"v-a-img-c\">\n<figure class=\"v-a-fig\">\n<a href=\"https:\/\/www.mujerhoy.com\/moda\/no-te-pierdas\/pantalones-blancos-refrescar-tus-looks-invierno-uniqlo-zara-20260221163503-nt.html#vtm_modulosEngag=mod-rel:moda:noticia:1:cmp:2-not\" class=\"v-a-link\" title=\"Pantalones blancos para refrescar tus looks de invierno\"><br \/>\n<img loading=\"lazy\" class=\"v-a-img\" src=\"http:\/\/hoycordobaweb.com\/wp-content\/uploads\/2026\/03\/seis-basicos-atemporales-de-massimo-dutti-que-me-han-puesto-de-buen-humor-perfectos-para-looks-de-primavera-9.jpg\" alt=\"Pantalones blancos para refrescar tus looks de invierno\"><br \/>\n<\/a><br \/>\n<\/figure>\n<\/div>\n<\/article>\n<\/div>\n<div class=\"v-g__c \">\n<article class=\"v-a v-a--cmp-rld v-a--cmp-rld-2 v-a--p-l\">\n<div class=\"v-a-img-c\">\n<figure class=\"v-a-fig\">\n<a href=\"https:\/\/www.mujerhoy.com\/moda\/no-te-pierdas\/gabardina-dias-lluvia-primavera-basico-elegante-fondo-armario-20260213110917-nt.html#vtm_modulosEngag=mod-rel:moda:noticia:2:cmp:2-not\" class=\"v-a-link\" title=\"Todo lo que necesitas para estos d\u00edas de lluvia es una gabardina que puedes seguir llevando en entretiempo\"><br \/>\n<img loading=\"lazy\" class=\"v-a-img\" src=\"http:\/\/hoycordobaweb.com\/wp-content\/uploads\/2026\/03\/seis-basicos-atemporales-de-massimo-dutti-que-me-han-puesto-de-buen-humor-perfectos-para-looks-de-primavera-10.jpg\" alt=\"Todo lo que necesitas para estos d\u00edas de lluvia es una gabardina que puedes seguir llevando en entretiempo\"><br \/>\n<\/a><br \/>\n<\/figure>\n<\/div>\n<\/article>\n<\/div>\n<\/div>\n<\/div>\n<\/div>\n<div class=\"media_block\"><\/div>\n","protected":false},"excerpt":{"rendered":"<p>Con la primavera a la vuelta de la esquina, yo solo soy capaz de pensar en mis looks de entretiempo. Atr\u00e1s quedaron los anoraks y abrigos de lana fr\u00eda para dar lugar a estilismos que funcionan a base de capas, colores neutros y las mejores piezas de un armario c\u00e1psula. Con esto en mente, lo [&hellip;]<\/p>\n","protected":false},"author":1,"featured_media":133039,"comment_status":"closed","ping_status":"closed","sticky":false,"template":"","format":"standard","meta":[],"categories":[],"tags":[],"_links":{"self":[{"href":"http:\/\/hoycordobaweb.com\/index.php\/wp-json\/wp\/v2\/posts\/133038"}],"collection":[{"href":"http:\/\/hoycordobaweb.com\/index.php\/wp-json\/wp\/v2\/posts"}],"about":[{"href":"http:\/\/hoycordobaweb.com\/index.php\/wp-json\/wp\/v2\/types\/post"}],"author":[{"embeddable":true,"href":"http:\/\/hoycordobaweb.com\/index.php\/wp-json\/wp\/v2\/users\/1"}],"replies":[{"embeddable":true,"href":"http:\/\/hoycordobaweb.com\/index.php\/wp-json\/wp\/v2\/comments?post=133038"}],"version-history":[{"count":0,"href":"http:\/\/hoycordobaweb.com\/index.php\/wp-json\/wp\/v2\/posts\/133038\/revisions"}],"wp:featuredmedia":[{"embeddable":true,"href":"http:\/\/hoycordobaweb.com\/index.php\/wp-json\/wp\/v2\/media\/133039"}],"wp:attachment":[{"href":"http:\/\/hoycordobaweb.com\/index.php\/wp-json\/wp\/v2\/media?parent=133038"}],"wp:term":[{"taxonomy":"category","embeddable":true,"href":"http:\/\/hoycordobaweb.com\/index.php\/wp-json\/wp\/v2\/categories?post=133038"},{"taxonomy":"post_tag","embeddable":true,"href":"http:\/\/hoycordobaweb.com\/index.php\/wp-json\/wp\/v2\/tags?post=133038"}],"curies":[{"name":"wp","href":"https:\/\/api.w.org\/{rel}","templated":true}]}}