{"id":133036,"date":"2026-03-17T00:22:00","date_gmt":"2026-03-17T00:22:00","guid":{"rendered":"http:\/\/hoycordobaweb.com\/index.php\/2026\/03\/17\/maslaton-sobre-el-caso-libra-milei-y-karina-no-tienen-limites-para-afanar\/"},"modified":"2026-03-17T00:22:00","modified_gmt":"2026-03-17T00:22:00","slug":"maslaton-sobre-el-caso-libra-milei-y-karina-no-tienen-limites-para-afanar","status":"publish","type":"post","link":"http:\/\/hoycordobaweb.com\/index.php\/2026\/03\/17\/maslaton-sobre-el-caso-libra-milei-y-karina-no-tienen-limites-para-afanar\/","title":{"rendered":"Maslat\u00f3n sobre el caso $LIBRA: \u00abMilei y Karina no tienen l\u00edmites para afanar\u00bb"},"content":{"rendered":"<div class=\"media_block\"><\/div>\n<div><img src=\"http:\/\/hoycordobaweb.com\/wp-content\/uploads\/2026\/03\/maslaton-sobre-el-caso-libra-milei-y-karina-no-tienen-limites-para-afanar.jpg\" class=\"ff-og-image-inserted\"><\/div>\n<p>El analista financiero <strong>Carlos Maslat\u00f3n<\/strong> cuestion\u00f3 este lunes con dureza al presidente <strong>Javier Milei <\/strong>tras las <strong>\u00faltimas revelaciones en la causa $LIBRA<\/strong>.<\/p>\n<p class=\"destacadoNota\"><a target=\"_blank\" href=\"https:\/\/www.perfil.com\/noticias\/nea\/cachanosky-el-costo-del-ajuste-lo-paga-el-sector-privado-y-la-casta-sigue-de-fiesta.phtml\" rel=\"noopener noreferrer\">Cachanosky: \u201cEl costo del ajuste lo paga el sector privado y la casta sigue de fiesta\u201d<\/a><\/p>\n<h2>Causa $LIBRA<\/h2>\n<p>\u201cEl 14 de febrero de 2025 a las 1901 yo estaba en Carlos Paz, para el festival de Cosqu\u00edn. <strong>Le\u00ed de inmediato el tweet de Milei con LIBRA y cant\u00e9 fraude y as\u00ed lo publiqu\u00e9<\/strong>\u201d, record\u00f3 el consultor.<\/p>\n<p>\u201cM\u00e1s all\u00e1 de la inmoralidad y de la ambici\u00f3n criminal financiera que manifestaban con esta acci\u00f3n, <strong>quede sorprendido de que hubieran decidido proceder de este modo tan burdo<\/strong>\u201d, asegur\u00f3 Maslat\u00f3n.<\/p>\n<h2>\u201cMilei y Karina no tienen l\u00edmites para afanar\u201d<\/h2>\n<p><strong>\u201cYo sab\u00eda, por CoinX su anterior fraude promocionado, y porque Milei y Karina no tienen l\u00edmites para afanar, que estaban dispuestos a cualquier cosa<\/strong>\u201d, sostuvo en una publicaci\u00f3n de la red social \u201cX\u201d.<\/p>\n<p>Y luego concluy\u00f3: \u201c<strong>Pero nunca imagin\u00e9 que ser\u00edan, adem\u00e1s, tan torpes dejando tanta evidencia delictiva por escrito<\/strong>\u201d.<\/p>\n<p class=\"destacadoNota\"><a target=\"_blank\" href=\"https:\/\/www.perfil.com\/noticias\/nea\/dalbon-sobre-adorni-si-la-necesita-a-su-mujer-que-vaya-a-terapia-y-que-pague-un-psicologo-con-la-suya.phtml\" rel=\"noopener noreferrer\">Dalb\u00f3n sobre Adorni: \u201cSi la necesita a su mujer que vaya a terapia y que pague un psic\u00f3logo con la suya\u201d<\/a><\/p>\n<h2>Plan econ\u00f3mico<\/h2>\n<p>\u201c<strong>No s\u00e9 si llega el plan econ\u00f3mico, no s\u00e9 si llega Caputo, pero Milei llega. No s\u00e9 si gana despu\u00e9s porque va a pagar un alto costo pol\u00edtico por un plan que es malo y es muy recesivo<\/strong>\u201d, analiz\u00f3 Maslat\u00f3n en declaraciones al <em>streaming<\/em> <em>\u201cLa F\u00e1brica del Podcast<\/em>\u201d.<\/p>\n<p>\u00abEl <strong>kirchnerismo<\/strong>, que no me cans\u00e9 de putearlo desde el primero hasta el \u00faltimo d\u00eda, al final tuvo una d\u00e9cada muy buena para Argentina, muy competitiva\u00bb, cerr\u00f3 Maslat\u00f3n.<\/p>\n<div class=\"article__tags\">\n<p>En esta Nota<\/p>\n<\/p><\/div>\n","protected":false},"excerpt":{"rendered":"<p>El analista financiero Carlos Maslat\u00f3n cuestion\u00f3 este lunes con dureza al presidente Javier Milei tras las \u00faltimas revelaciones en la causa $LIBRA. Cachanosky: \u201cEl costo del ajuste lo paga el sector privado y la casta sigue de fiesta\u201d Causa $LIBRA \u201cEl 14 de febrero de 2025 a las 1901 yo estaba en Carlos Paz, para [&hellip;]<\/p>\n","protected":false},"author":1,"featured_media":133037,"comment_status":"closed","ping_status":"closed","sticky":false,"template":"","format":"standard","meta":[],"categories":[19],"tags":[1611,2110,835,80,696,481,82,2307,968,1766],"_links":{"self":[{"href":"http:\/\/hoycordobaweb.com\/index.php\/wp-json\/wp\/v2\/posts\/133036"}],"collection":[{"href":"http:\/\/hoycordobaweb.com\/index.php\/wp-json\/wp\/v2\/posts"}],"about":[{"href":"http:\/\/hoycordobaweb.com\/index.php\/wp-json\/wp\/v2\/types\/post"}],"author":[{"embeddable":true,"href":"http:\/\/hoycordobaweb.com\/index.php\/wp-json\/wp\/v2\/users\/1"}],"replies":[{"embeddable":true,"href":"http:\/\/hoycordobaweb.com\/index.php\/wp-json\/wp\/v2\/comments?post=133036"}],"version-history":[{"count":0,"href":"http:\/\/hoycordobaweb.com\/index.php\/wp-json\/wp\/v2\/posts\/133036\/revisions"}],"wp:featuredmedia":[{"embeddable":true,"href":"http:\/\/hoycordobaweb.com\/index.php\/wp-json\/wp\/v2\/media\/133037"}],"wp:attachment":[{"href":"http:\/\/hoycordobaweb.com\/index.php\/wp-json\/wp\/v2\/media?parent=133036"}],"wp:term":[{"taxonomy":"category","embeddable":true,"href":"http:\/\/hoycordobaweb.com\/index.php\/wp-json\/wp\/v2\/categories?post=133036"},{"taxonomy":"post_tag","embeddable":true,"href":"http:\/\/hoycordobaweb.com\/index.php\/wp-json\/wp\/v2\/tags?post=133036"}],"curies":[{"name":"wp","href":"https:\/\/api.w.org\/{rel}","templated":true}]}}