{"id":133028,"date":"2026-03-17T00:24:21","date_gmt":"2026-03-17T00:24:21","guid":{"rendered":"https:\/\/www.ole.com.ar\/futbol-internacional\/libertadores\/llega-rosario-central-sorteo-copa-libertadores_0_RQewNfhSXF.html"},"modified":"2026-03-17T00:24:21","modified_gmt":"2026-03-17T00:24:21","slug":"como-llega-rosario-central-al-sorteo-de-la-copa-libertadores","status":"publish","type":"post","link":"http:\/\/hoycordobaweb.com\/index.php\/2026\/03\/17\/como-llega-rosario-central-al-sorteo-de-la-copa-libertadores\/","title":{"rendered":"C\u00f3mo llega Rosario Central al sorteo de la Copa Libertadores"},"content":{"rendered":"<p><img src=\"http:\/\/hoycordobaweb.com\/wp-content\/uploads\/2026\/03\/como-llega-rosario-central-al-sorteo-de-la-copa-libertadores.jpg\"><\/p>\n<p><time class=\"createDate\" datetime=\"2026-03-16T21:24:21-03:00\">16\/03\/2026 21:24hs.<\/time><\/p>\n<div id=\"storyBody\">\n<div id=\"element-body-0\" class=\"sc-136cd478-0 ekTCfV\" readability=\"30.566037735849\">\n<p><strong><a href=\"https:\/\/www.ole.com.ar\/tema\/rosario-central.html\" title=\"Rosario Central\" alt=\"Rosario Central\" class=\"slug\">Rosario Central<\/a><\/strong> vuelve a la <strong><a href=\"https:\/\/www.ole.com.ar\/tema\/copa-libertadores.html\" title=\"Copa Libertadores\" alt=\"Copa Libertadores\" class=\"slug\">Copa Libertadores<\/a><\/strong> con la ilusi\u00f3n renovada y un presente que invita a so\u00f1ar. Tras una temporada 2025 donde se consagr\u00f3 como campe\u00f3n de liga por ganar la tabla anual, el Canalla se asegur\u00f3 regresar al m\u00e1ximo certamen continental y de la mano de <strong><a href=\"https:\/\/www.ole.com.ar\/tema\/angel-di-maria.html\" title=\"Angel DI Mar\u00eda\" alt=\"Angel DI Mar\u00eda\" class=\"slug\">\u00c1ngel Di Mar\u00eda<\/a><\/strong> buscar\u00e1 hacer historia.<\/p>\n<\/div>\n<div class=\"sc-e7b891c4-0 ifHnQL image-embed\" id=\"element-body-1\"><img alt=\"Di Mar\u00eda, la gran figura de Central. (Foto: Prensa Rosario Central)\" loading=\"lazy\" width=\"720\" height=\"100\" decoding=\"async\" data-nimg=\"1\" src=\"http:\/\/hoycordobaweb.com\/wp-content\/uploads\/2026\/03\/como-llega-rosario-central-al-sorteo-de-la-copa-libertadores-2.jpg\"><span class=\"epigraphe\">Di Mar\u00eda, la gran figura de Central. (Foto: Prensa Rosario Central)<\/span><\/div>\n<div id=\"element-body-2\" class=\"sc-136cd478-0 ekTCfV\" readability=\"37\">\n<p>La clasificaci\u00f3n del equipo rosarino no fue casualidad, sino fruto de un a\u00f1o s\u00f3lido que combin\u00f3 la jerarqu\u00eda de los referentes con la explosi\u00f3n de j\u00f3venes talentos. <strong>Central demostr\u00f3 ser el equipo m\u00e1s regular del f\u00fatbol argentino durante el 2025<\/strong>, lo que le permiti\u00f3 ser el puntero de la tabla anual y clasificar directamente en la fase de grupos.<\/p>\n<\/div>\n<div id=\"element-body-3\" class=\"sc-136cd478-0 ekTCfV\" readability=\"40\">\n<p>La \u00faltima vez que particip\u00f3 de la Copa (en 2024), el conjunto de Arroyito tuvo un paso agridulce. Integr\u00f3 el Grupo G junto a Atl\u00e9tico Mineiro, Pe\u00f1arol y Caracas. A pesar de dar pelea hasta la \u00faltima jornada, finaliz\u00f3 en la tercera posici\u00f3n con 7 puntos, por lo que baj\u00f3 a la Sudamericana, donde tampoco tuvo mejor suerte (cay\u00f3 en octavos de final ante Fortaleza).<\/p>\n<\/div>\n<div id=\"element-body-4\" class=\"sc-136cd478-0 ekTCfV\" readability=\"37\">\n<p>Actualmente, Rosario Central atraviesa un gran momento en el plano local. En el Torneo Apertura 2026, <strong>el Canalla se ubica en el tercer puesto de la Zona B<\/strong>, a solamente dos puntos del l\u00edder Independiente Rivadavia.<\/p>\n<\/div>\n<div class=\"sc-e7b891c4-0 ifHnQL image-embed\" id=\"element-body-5\"><img alt=\"Almir\u00f3n, el DT del Canalla en 2026 (Foto Sebastian Granata).\" loading=\"lazy\" width=\"720\" height=\"100\" decoding=\"async\" data-nimg=\"1\" src=\"http:\/\/hoycordobaweb.com\/wp-content\/uploads\/2026\/03\/como-llega-rosario-central-al-sorteo-de-la-copa-libertadores-3.jpg\"><span class=\"epigraphe\">Almir\u00f3n, el DT del Canalla en 2026 (Foto Sebastian Granata).<\/span><\/div>\n<p><h2>Datos clave de Rosario Central para la Libertadores 2026<\/h2>\n<\/p>\n<div id=\"element-body-7\" class=\"sc-136cd478-0 ekTCfV\" readability=\"32\">\n<p><strong>Figura<\/strong>: \u00c1ngel Di Mar\u00eda.<\/p>\n<\/div>\n<div id=\"element-body-8\" class=\"sc-136cd478-0 ekTCfV\">\n<p><strong>DT<\/strong>: Jorge Almir\u00f3n.<\/p>\n<\/div>\n<div id=\"element-body-9\" class=\"sc-136cd478-0 ekTCfV\" readability=\"32\">\n<p><strong>Participaciones en Libertadores<\/strong>: 14 participaciones (incluyendo la edici\u00f3n 2026).<\/p>\n<\/div>\n<div id=\"element-body-10\" class=\"sc-136cd478-0 ekTCfV\" readability=\"32\">\n<p><strong>Estadio en donde juega<\/strong>: Gigante de Arroyito<\/p>\n<\/div>\n<div id=\"element-body-11\" class=\"sc-a7166897-0 eoLsBE\" readability=\"31\">\n<section readability=\"2\"><picture><img alt=\"C\u00f3mo llega U. Cat\u00f3lica de Chile al sorteo de la Libertadores\" loading=\"lazy\" width=\"290\" height=\"290\" decoding=\"async\" data-nimg=\"1\" src=\"http:\/\/hoycordobaweb.com\/wp-content\/uploads\/2026\/03\/como-llega-rosario-central-al-sorteo-de-la-copa-libertadores-4.jpg\"><\/picture>\n<p><span>Mir\u00e1 tambi\u00e9n<\/span><\/p>\n<hr>\n<h3>C\u00f3mo llega U. Cat\u00f3lica de Chile al sorteo de la Libertadores<\/h3>\n<\/p>\n<\/section>\n<\/div>\n<div id=\"element-body-12\" class=\"sc-a7166897-0 eoLsBE\" readability=\"31\">\n<section readability=\"2\"><picture><img alt=\"C\u00f3mo llega Independiente Rivadavia al sorteo de la Copa Libertadores\" loading=\"lazy\" width=\"290\" height=\"290\" decoding=\"async\" data-nimg=\"1\" src=\"http:\/\/hoycordobaweb.com\/wp-content\/uploads\/2026\/03\/como-llega-rosario-central-al-sorteo-de-la-copa-libertadores-5.jpg\"><\/picture>\n<p><span>Mir\u00e1 tambi\u00e9n<\/span><\/p>\n<hr>\n<h3>C\u00f3mo llega Independiente Rivadavia al sorteo de la Copa Libertadores<\/h3>\n<\/p>\n<\/section>\n<\/div>\n<div id=\"element-body-13\" class=\"sc-a7166897-0 eoLsBE\" readability=\"31\">\n<section readability=\"2\"><picture><img alt=\"C\u00f3mo llega Junior de Barranquilla al sorteo de la Libertadores\" loading=\"lazy\" width=\"290\" height=\"290\" decoding=\"async\" data-nimg=\"1\" src=\"http:\/\/hoycordobaweb.com\/wp-content\/uploads\/2026\/03\/como-llega-rosario-central-al-sorteo-de-la-copa-libertadores-6.jpg\"><\/picture>\n<p><span>Mir\u00e1 tambi\u00e9n<\/span><\/p>\n<hr>\n<h3>C\u00f3mo llega Junior de Barranquilla al sorteo de la Libertadores<\/h3>\n<\/p>\n<\/section>\n<\/div>\n<div id=\"element-body-14\" class=\"sc-a7166897-0 eoLsBE\" readability=\"31\">\n<section readability=\"2\"><picture><img alt=\"C\u00f3mo llega Platense al sorteo de la Copa Libertadores\" loading=\"lazy\" width=\"290\" height=\"290\" decoding=\"async\" data-nimg=\"1\" src=\"http:\/\/hoycordobaweb.com\/wp-content\/uploads\/2026\/03\/como-llega-rosario-central-al-sorteo-de-la-copa-libertadores-7.jpg\"><\/picture>\n<p><span>Mir\u00e1 tambi\u00e9n<\/span><\/p>\n<hr>\n<h3>C\u00f3mo llega Platense al sorteo de la Copa Libertadores<\/h3>\n<\/p>\n<\/section>\n<\/div>\n<\/div>\n","protected":false},"excerpt":{"rendered":"<p>16\/03\/2026 21:24hs. Rosario Central vuelve a la Copa Libertadores con la ilusi\u00f3n renovada y un presente que invita a so\u00f1ar. Tras una temporada 2025 donde se consagr\u00f3 como campe\u00f3n de liga por ganar la tabla anual, el Canalla se asegur\u00f3 regresar al m\u00e1ximo certamen continental y de la mano de \u00c1ngel Di Mar\u00eda buscar\u00e1 hacer [&hellip;]<\/p>\n","protected":false},"author":1,"featured_media":133029,"comment_status":"open","ping_status":"closed","sticky":false,"template":"","format":"standard","meta":[],"categories":[16],"tags":[],"_links":{"self":[{"href":"http:\/\/hoycordobaweb.com\/index.php\/wp-json\/wp\/v2\/posts\/133028"}],"collection":[{"href":"http:\/\/hoycordobaweb.com\/index.php\/wp-json\/wp\/v2\/posts"}],"about":[{"href":"http:\/\/hoycordobaweb.com\/index.php\/wp-json\/wp\/v2\/types\/post"}],"author":[{"embeddable":true,"href":"http:\/\/hoycordobaweb.com\/index.php\/wp-json\/wp\/v2\/users\/1"}],"replies":[{"embeddable":true,"href":"http:\/\/hoycordobaweb.com\/index.php\/wp-json\/wp\/v2\/comments?post=133028"}],"version-history":[{"count":0,"href":"http:\/\/hoycordobaweb.com\/index.php\/wp-json\/wp\/v2\/posts\/133028\/revisions"}],"wp:featuredmedia":[{"embeddable":true,"href":"http:\/\/hoycordobaweb.com\/index.php\/wp-json\/wp\/v2\/media\/133029"}],"wp:attachment":[{"href":"http:\/\/hoycordobaweb.com\/index.php\/wp-json\/wp\/v2\/media?parent=133028"}],"wp:term":[{"taxonomy":"category","embeddable":true,"href":"http:\/\/hoycordobaweb.com\/index.php\/wp-json\/wp\/v2\/categories?post=133028"},{"taxonomy":"post_tag","embeddable":true,"href":"http:\/\/hoycordobaweb.com\/index.php\/wp-json\/wp\/v2\/tags?post=133028"}],"curies":[{"name":"wp","href":"https:\/\/api.w.org\/{rel}","templated":true}]}}