{"id":133026,"date":"2026-03-17T00:28:44","date_gmt":"2026-03-17T00:28:44","guid":{"rendered":"https:\/\/www.ole.com.ar\/futbol-internacional\/coquimbo-unido-copa-libertaddores-lucas-pratto_0_dAjHMcZQ1o.html"},"modified":"2026-03-17T00:28:44","modified_gmt":"2026-03-17T00:28:44","slug":"como-llega-coquimbo-unido-al-sorteo-de-la-copa-libertadores","status":"publish","type":"post","link":"http:\/\/hoycordobaweb.com\/index.php\/2026\/03\/17\/como-llega-coquimbo-unido-al-sorteo-de-la-copa-libertadores\/","title":{"rendered":"C\u00f3mo llega Coquimbo Unido al sorteo de la Copa Libertadores"},"content":{"rendered":"<p><img src=\"http:\/\/hoycordobaweb.com\/wp-content\/uploads\/2026\/03\/como-llega-coquimbo-unido-al-sorteo-de-la-copa-libertadores.jpg\"><\/p>\n<p><time class=\"createDate\" datetime=\"2026-03-16T21:28:44-03:00\">16\/03\/2026 21:28hs.<\/time><\/p>\n<div id=\"storyBody\">\n<div id=\"element-body-0\" class=\"sc-136cd478-0 ekTCfV\" readability=\"33.848901098901\">\n<p>Luego de ser <strong>campe\u00f3n de la Primera Divisi\u00f3n Chilena<\/strong> por primera ocasi\u00f3n durante 2025 y tras alzar la <strong>Supercopa<\/strong> del pa\u00eds transandino en <strong>2026<\/strong>, <strong><a href=\"https:\/\/www.ole.com.ar\/tema\/coquimbo-unido.html\" title=\"Coquimbo Unido\" alt=\"Coquimbo Unido\" class=\"slug\">Coquimbo Unido<\/a><\/strong> <strong>disputar\u00e1 la <a href=\"https:\/\/www.ole.com.ar\/tema\/copa-libertadores.html\" title=\"Copa Libertadores\" alt=\"Copa Libertadores\" class=\"slug\">Copa Libertadores<\/a> por segunda vez en toda su historia<\/strong>. Anteriormente, el Filibustero solo hab\u00eda participado en la edici\u00f3n de <strong>1992<\/strong>; oportunidad en el que <strong>qued\u00f3 eliminado en fase de grupos<\/strong>.<\/p>\n<\/div>\n<div id=\"element-body-1\" class=\"sc-136cd478-0 ekTCfV\" readability=\"38\">\n<p>Actualmente en el mejor momento de su existencia, el Aurinegro llega con un <strong>envi\u00f3n positivo al torneo continental por su recientes \u00e9xitos deportivos<\/strong>. No obstante, tambi\u00e9n se debe destacar que su andar en la liga chilena es <strong>irregular<\/strong> en este a\u00f1o: en la primeras siete fechas, <strong>los Piratas sumaron nueve puntos<\/strong> (producto de tres victorias y cuatro derrotas) y de momento marchan en el <strong>11.\u00ba <\/strong>lugar de la tabla.<\/p>\n<\/div>\n<div class=\"sc-e7b891c4-0 ifHnQL image-embed\" id=\"element-body-2\"><img alt=\"Coquimbo llega con un envi\u00f3n positivo a la Libertadores: dos t\u00edtulos en menos de dos meses.\" loading=\"lazy\" width=\"720\" height=\"100\" decoding=\"async\" data-nimg=\"1\" src=\"http:\/\/hoycordobaweb.com\/wp-content\/uploads\/2026\/03\/como-llega-coquimbo-unido-al-sorteo-de-la-copa-libertadores-2.jpg\"><span class=\"epigraphe\">Coquimbo llega con un envi\u00f3n positivo a la Libertadores: dos t\u00edtulos en menos de dos meses.<\/span><\/div>\n<div id=\"element-body-3\" class=\"sc-136cd478-0 ekTCfV\" readability=\"36.890510948905\">\n<p>Sin embargo, el entrenador <strong>Hern\u00e1n Caputto<\/strong>, quien asumi\u00f3 despu\u00e9s de la salida de <strong>Esteban Gonz\u00e1lez Herrera<\/strong>, cree que su equipo puede dar vuelta la situaci\u00f3n a nivel local y dar pelea en el campeonato de <strong><a href=\"https:\/\/www.ole.com.ar\/tema\/conmebol.html\" title=\"Conmebol\" alt=\"Conmebol\" class=\"slug\">Conmebol<\/a><\/strong>. <strong>Coquimbo ya lo demostr\u00f3, sabe lo que es dar una sorpresa<\/strong>.<\/p>\n<\/div>\n<div id=\"element-body-4\" class=\"sc-136cd478-0 ekTCfV\" readability=\"36.72514619883\">\n<p>Para tener una buena actuaci\u00f3n en la Libertadores, el Barb\u00f3n, que hace de local en el Municipal Rumoroso (capacidad para 18 mil personas), confiar\u00e1 en su habitual <strong>4-2-3-1<\/strong>. En este esquema, el argentino <strong><a href=\"https:\/\/www.ole.com.ar\/tema\/guido-vadala.html\" title=\"Guido Vadal\u00e1\" alt=\"Guido Vadal\u00e1\" class=\"slug\">Guido Vadal\u00e1<\/a><\/strong> (ex <strong><a href=\"https:\/\/www.ole.com.ar\/tema\/boca-juniors.html\" title=\"Boca Juniors\" alt=\"Boca Juniors\" class=\"slug\">Boca<\/a><\/strong> y <strong><a href=\"https:\/\/www.ole.com.ar\/tema\/juventus.html\" title=\"Juventus\" alt=\"Juventus\" class=\"slug\">Juventus<\/a><\/strong>) ser\u00e1 clave con la <strong>n\u00famero 10<\/strong> en su espalda al ser el creador de juego del combinado chileno. Por su parte, habr\u00e1 a su vez munici\u00f3n pesada arriba: los encargados de anotar los goles ser\u00e1n <strong>Nicolas Johansen y <a href=\"https:\/\/www.ole.com.ar\/tema\/lucas-pratto.html\" title=\"Lucas Pratto\" alt=\"Lucas Pratto\" class=\"slug\">Lucas Pratto<\/a><\/strong>; quien ya supo levantar la Copa con <strong><a href=\"https:\/\/www.ole.com.ar\/tema\/river-plate.html\" title=\"River Plate\" alt=\"River Plate\" class=\"slug\">River<\/a><\/strong> en <strong>2018<\/strong>.<\/p>\n<\/div>\n<div id=\"element-body-5\" class=\"sc-a7166897-0 eoLsBE\" readability=\"31\">\n<section readability=\"2\"><picture><img alt=\"C\u00f3mo llega Fluminense al sorteo de la Libertadores\" loading=\"lazy\" width=\"290\" height=\"290\" decoding=\"async\" data-nimg=\"1\" src=\"http:\/\/hoycordobaweb.com\/wp-content\/uploads\/2026\/03\/como-llega-coquimbo-unido-al-sorteo-de-la-copa-libertadores-3.jpg\"><\/picture>\n<p><span>Mir\u00e1 tambi\u00e9n<\/span><\/p>\n<hr>\n<h3>C\u00f3mo llega Fluminense al sorteo de la Libertadores<\/h3>\n<\/p>\n<\/section>\n<\/div>\n<div id=\"element-body-6\" class=\"sc-a7166897-0 eoLsBE\" readability=\"31\">\n<section readability=\"2\"><picture><img alt=\"C\u00f3mo llega Boca al sorteo de la Libertadores\" loading=\"lazy\" width=\"290\" height=\"290\" decoding=\"async\" data-nimg=\"1\" src=\"http:\/\/hoycordobaweb.com\/wp-content\/uploads\/2026\/03\/como-llega-coquimbo-unido-al-sorteo-de-la-copa-libertadores-4.jpg\"><\/picture>\n<p><span>Mir\u00e1 tambi\u00e9n<\/span><\/p>\n<hr>\n<h3>C\u00f3mo llega Boca al sorteo de la Libertadores<\/h3>\n<\/p>\n<\/section>\n<\/div>\n<div id=\"element-body-7\" class=\"sc-a7166897-0 eoLsBE\" readability=\"31\">\n<section readability=\"2\"><picture><img alt=\"C\u00f3mo llega Bol\u00edvar al sorteo de la Copa Libertadores\" loading=\"lazy\" width=\"290\" height=\"290\" decoding=\"async\" data-nimg=\"1\" src=\"http:\/\/hoycordobaweb.com\/wp-content\/uploads\/2026\/03\/como-llega-coquimbo-unido-al-sorteo-de-la-copa-libertadores-5.jpg\"><\/picture>\n<p><span>Mir\u00e1 tambi\u00e9n<\/span><\/p>\n<hr>\n<h3>C\u00f3mo llega Bol\u00edvar al sorteo de la Copa Libertadores<\/h3>\n<\/p>\n<\/section>\n<\/div>\n<\/div>\n","protected":false},"excerpt":{"rendered":"<p>16\/03\/2026 21:28hs. Luego de ser campe\u00f3n de la Primera Divisi\u00f3n Chilena por primera ocasi\u00f3n durante 2025 y tras alzar la Supercopa del pa\u00eds transandino en 2026, Coquimbo Unido disputar\u00e1 la Copa Libertadores por segunda vez en toda su historia. Anteriormente, el Filibustero solo hab\u00eda participado en la edici\u00f3n de 1992; oportunidad en el que qued\u00f3 [&hellip;]<\/p>\n","protected":false},"author":1,"featured_media":133027,"comment_status":"open","ping_status":"closed","sticky":false,"template":"","format":"standard","meta":[],"categories":[16],"tags":[],"_links":{"self":[{"href":"http:\/\/hoycordobaweb.com\/index.php\/wp-json\/wp\/v2\/posts\/133026"}],"collection":[{"href":"http:\/\/hoycordobaweb.com\/index.php\/wp-json\/wp\/v2\/posts"}],"about":[{"href":"http:\/\/hoycordobaweb.com\/index.php\/wp-json\/wp\/v2\/types\/post"}],"author":[{"embeddable":true,"href":"http:\/\/hoycordobaweb.com\/index.php\/wp-json\/wp\/v2\/users\/1"}],"replies":[{"embeddable":true,"href":"http:\/\/hoycordobaweb.com\/index.php\/wp-json\/wp\/v2\/comments?post=133026"}],"version-history":[{"count":0,"href":"http:\/\/hoycordobaweb.com\/index.php\/wp-json\/wp\/v2\/posts\/133026\/revisions"}],"wp:featuredmedia":[{"embeddable":true,"href":"http:\/\/hoycordobaweb.com\/index.php\/wp-json\/wp\/v2\/media\/133027"}],"wp:attachment":[{"href":"http:\/\/hoycordobaweb.com\/index.php\/wp-json\/wp\/v2\/media?parent=133026"}],"wp:term":[{"taxonomy":"category","embeddable":true,"href":"http:\/\/hoycordobaweb.com\/index.php\/wp-json\/wp\/v2\/categories?post=133026"},{"taxonomy":"post_tag","embeddable":true,"href":"http:\/\/hoycordobaweb.com\/index.php\/wp-json\/wp\/v2\/tags?post=133026"}],"curies":[{"name":"wp","href":"https:\/\/api.w.org\/{rel}","templated":true}]}}