{"id":133024,"date":"2026-03-17T01:01:03","date_gmt":"2026-03-17T01:01:03","guid":{"rendered":"https:\/\/www.ole.com.ar\/futbol-internacional\/libertadores\/llega-deportivo-guaira-copa-libertadores_0_Bwf0FcsN1L.html"},"modified":"2026-03-17T01:01:03","modified_gmt":"2026-03-17T01:01:03","slug":"como-llega-deportivo-la-guaira-al-sorteo-de-la-copa-libertadores","status":"publish","type":"post","link":"http:\/\/hoycordobaweb.com\/index.php\/2026\/03\/17\/como-llega-deportivo-la-guaira-al-sorteo-de-la-copa-libertadores\/","title":{"rendered":"C\u00f3mo llega Deportivo La Guaira al sorteo de la Copa Libertadores"},"content":{"rendered":"<p><img src=\"http:\/\/hoycordobaweb.com\/wp-content\/uploads\/2026\/03\/como-llega-deportivo-la-guaira-al-sorteo-de-la-copa-libertadores.jpg\"><\/p>\n<p><time class=\"createDate\" datetime=\"2026-03-16T22:01:03-03:00\">16\/03\/2026 22:01hs.<\/time><\/p>\n<div id=\"storyBody\">\n<div id=\"element-body-0\" class=\"sc-136cd478-0 ekTCfV\" readability=\"30.607902735562\">\n<p>La \u00faltima participaci\u00f3n de <strong>Deportivo La Guaira<\/strong> en la <strong><a href=\"https:\/\/www.ole.com.ar\/tema\/copa-libertadores.html\" title=\"Copa Libertadores\" alt=\"Copa Libertadores\" class=\"slug\">Copa Libertadores<\/a><\/strong> fue en 2021, a\u00f1o en el que comparti\u00f3 grupo con <a href=\"https:\/\/www.ole.com.ar\/tema\/atletico-mineiro.html\" title=\"Atletico Mineiro\" alt=\"Atletico Mineiro\" class=\"slug\">Atl\u00e9tico Mineiro<\/a>, <a href=\"https:\/\/www.ole.com.ar\/tema\/cerro-porteno.html\" title=\"Cerro Porte\u00f1o\" alt=\"Cerro Porte\u00f1o\" class=\"slug\">Cerro Porte\u00f1o<\/a> y <a href=\"https:\/\/www.ole.com.ar\/tema\/america-de-cali.html\" title=\"Am\u00e9rica de Cali\" alt=\"Am\u00e9rica de Cali\" class=\"slug\">Am\u00e9rica de Cali<\/a>. En su segunda participaci\u00f3n hist\u00f3rica en la Gloria M\u00e1xima, el equipo venezolano qued\u00f3 en el <strong>\u00faltimo puesto<\/strong> tras empatar sus tres primeros encuentros.<\/p>\n<\/div>\n<div id=\"element-body-1\" class=\"sc-136cd478-0 ekTCfV\" readability=\"38.017632241814\">\n<p>Marcha en la <strong>2da posici\u00f3n de la <a href=\"https:\/\/www.ole.com.ar\/tema\/venezue.html\" title=\"Venezue\" alt=\"Venezue\" class=\"slug\">Liga FUTVE<\/a><\/strong>, a\u00fan invicto con sus cuatro victorias y dos empates en siete partidos ligueros. Clasific\u00f3 a la Gloria M\u00e1xima despu\u00e9s de dominar las tablas del Apertura y Clausura de su pa\u00eds, quedando en el <strong>primer puesto de la tabla acumulada de puntos de todo el 2025<\/strong>. Su DT, Juan Domingo Tolisano, dej\u00f3 el club para ser Director Deportivo de la Vinotinto Sub 20.<\/p>\n<\/div>\n<div id=\"element-body-2\" class=\"sc-136cd478-0 ekTCfV\" readability=\"36\">\n<p>Desde la llegada del argentino <strong>H\u00e9ctor Bidoglio<\/strong> -a\u00fan invicto-, el equipo venezolano alterna el parado t\u00e1ctico de un <strong>4-2-3-1 a un 4-3-3 ofensivo<\/strong> que tiene a <strong>Flabi\u00e1n Londo\u00f1o <\/strong>como goleador desde el costado izquierdo. Anthony Uribe suele ser la referencia de ataque y <strong>Juan Castellanos<\/strong> es el que lleva los hilos del equipo.<\/p>\n<\/div>\n<div class=\"sc-e7b891c4-0 ifHnQL image-embed\" id=\"element-body-3\"><img alt=\"El Naranja jugar\u00e1 la Gloria M\u00e1xima por tercera vez. (@DvoLaGuaira). \" loading=\"lazy\" width=\"1290\" height=\"760\" decoding=\"async\" data-nimg=\"1\" src=\"http:\/\/hoycordobaweb.com\/wp-content\/uploads\/2026\/03\/como-llega-deportivo-la-guaira-al-sorteo-de-la-copa-libertadores-2.jpg\"><span class=\"epigraphe\">El Naranja jugar\u00e1 la Gloria M\u00e1xima por tercera vez. (@DvoLaGuaira). <\/span><\/div>\n<div id=\"element-body-4\" class=\"sc-136cd478-0 ekTCfV\">\n<ul>\n<li>Figura: Juan Castellanos<\/li>\n<li>Argentinos en el plantel: Franco C\u00e1ceres, Alexis Rodr\u00edguez<\/li>\n<li>DT: H\u00e9ctor Bidoglio<\/li>\n<li>Participaciones en Libertadores: 2 participaciones<\/li>\n<li>Estadio en donde juega: Ol\u00edmpico de la UCV<\/li>\n<\/ul>\n<\/div>\n<div id=\"element-body-5\" class=\"sc-a7166897-0 eoLsBE\" readability=\"32\">\n<section readability=\"4\"><picture><img alt=\"Sorteo de Libertadores y Sudamericana: d\u00eda, horario, TV y los bombos definidos\" loading=\"lazy\" width=\"290\" height=\"290\" decoding=\"async\" data-nimg=\"1\" src=\"http:\/\/hoycordobaweb.com\/wp-content\/uploads\/2026\/03\/como-llega-deportivo-la-guaira-al-sorteo-de-la-copa-libertadores-3.jpg\"><\/picture>\n<p><span>Mir\u00e1 tambi\u00e9n<\/span><\/p>\n<hr>\n<h3>Sorteo de Libertadores y Sudamericana: d\u00eda, horario, TV y los bombos definidos<\/h3>\n<\/p>\n<\/section>\n<\/div>\n<div id=\"element-body-6\" class=\"sc-a7166897-0 eoLsBE\" readability=\"31\">\n<section readability=\"2\"><picture><img alt=\"C\u00f3mo llega Mirassol al sorteo de la Libertadores\" loading=\"lazy\" width=\"290\" height=\"290\" decoding=\"async\" data-nimg=\"1\" src=\"http:\/\/hoycordobaweb.com\/wp-content\/uploads\/2026\/03\/como-llega-deportivo-la-guaira-al-sorteo-de-la-copa-libertadores-4.jpg\"><\/picture>\n<p><span>Mir\u00e1 tambi\u00e9n<\/span><\/p>\n<hr>\n<h3>C\u00f3mo llega Mirassol al sorteo de la Libertadores<\/h3>\n<\/p>\n<\/section>\n<\/div>\n<div id=\"element-body-7\" class=\"sc-a7166897-0 eoLsBE\" readability=\"31\">\n<section readability=\"2\"><picture><img alt=\"C\u00f3mo llega Fluminense al sorteo de la Libertadores\" loading=\"lazy\" width=\"290\" height=\"290\" decoding=\"async\" data-nimg=\"1\" src=\"http:\/\/hoycordobaweb.com\/wp-content\/uploads\/2026\/03\/como-llega-deportivo-la-guaira-al-sorteo-de-la-copa-libertadores-5.jpg\"><\/picture>\n<p><span>Mir\u00e1 tambi\u00e9n<\/span><\/p>\n<hr>\n<h3>C\u00f3mo llega Fluminense al sorteo de la Libertadores<\/h3>\n<\/p>\n<\/section>\n<\/div>\n<\/div>\n","protected":false},"excerpt":{"rendered":"<p>16\/03\/2026 22:01hs. La \u00faltima participaci\u00f3n de Deportivo La Guaira en la Copa Libertadores fue en 2021, a\u00f1o en el que comparti\u00f3 grupo con Atl\u00e9tico Mineiro, Cerro Porte\u00f1o y Am\u00e9rica de Cali. En su segunda participaci\u00f3n hist\u00f3rica en la Gloria M\u00e1xima, el equipo venezolano qued\u00f3 en el \u00faltimo puesto tras empatar sus tres primeros encuentros. Marcha [&hellip;]<\/p>\n","protected":false},"author":1,"featured_media":133025,"comment_status":"open","ping_status":"closed","sticky":false,"template":"","format":"standard","meta":[],"categories":[16],"tags":[],"_links":{"self":[{"href":"http:\/\/hoycordobaweb.com\/index.php\/wp-json\/wp\/v2\/posts\/133024"}],"collection":[{"href":"http:\/\/hoycordobaweb.com\/index.php\/wp-json\/wp\/v2\/posts"}],"about":[{"href":"http:\/\/hoycordobaweb.com\/index.php\/wp-json\/wp\/v2\/types\/post"}],"author":[{"embeddable":true,"href":"http:\/\/hoycordobaweb.com\/index.php\/wp-json\/wp\/v2\/users\/1"}],"replies":[{"embeddable":true,"href":"http:\/\/hoycordobaweb.com\/index.php\/wp-json\/wp\/v2\/comments?post=133024"}],"version-history":[{"count":0,"href":"http:\/\/hoycordobaweb.com\/index.php\/wp-json\/wp\/v2\/posts\/133024\/revisions"}],"wp:featuredmedia":[{"embeddable":true,"href":"http:\/\/hoycordobaweb.com\/index.php\/wp-json\/wp\/v2\/media\/133025"}],"wp:attachment":[{"href":"http:\/\/hoycordobaweb.com\/index.php\/wp-json\/wp\/v2\/media?parent=133024"}],"wp:term":[{"taxonomy":"category","embeddable":true,"href":"http:\/\/hoycordobaweb.com\/index.php\/wp-json\/wp\/v2\/categories?post=133024"},{"taxonomy":"post_tag","embeddable":true,"href":"http:\/\/hoycordobaweb.com\/index.php\/wp-json\/wp\/v2\/tags?post=133024"}],"curies":[{"name":"wp","href":"https:\/\/api.w.org\/{rel}","templated":true}]}}