{"id":133022,"date":"2026-03-17T01:04:56","date_gmt":"2026-03-17T01:04:56","guid":{"rendered":"https:\/\/www.ole.com.ar\/river-plate\/river-juanfer-quintero-coudet-lesion-sarmiento_0_nR2SWgtVsL.html"},"modified":"2026-03-17T01:04:56","modified_gmt":"2026-03-17T01:04:56","slug":"por-que-juanfer-quintero-todavia-no-fue-titular-en-el-river-de-coudet","status":"publish","type":"post","link":"http:\/\/hoycordobaweb.com\/index.php\/2026\/03\/17\/por-que-juanfer-quintero-todavia-no-fue-titular-en-el-river-de-coudet\/","title":{"rendered":"Por qu\u00e9 Juanfer Quintero todav\u00eda no fue titular en el River de Coudet"},"content":{"rendered":"<p><img src=\"http:\/\/hoycordobaweb.com\/wp-content\/uploads\/2026\/03\/por-que-juanfer-quintero-todavia-no-fue-titular-en-el-river-de-coudet.jpg\"><\/p>\n<p><time class=\"createDate\" datetime=\"2026-03-16T22:04:56-03:00\">16\/03\/2026 22:04hs.<\/time><\/p>\n<div id=\"storyBody\">\n<div id=\"element-body-0\" class=\"sc-136cd478-0 ekTCfV\" readability=\"31.806543385491\">\n<p><strong><a href=\"https:\/\/www.ole.com.ar\/tema\/juan-fernando-quintero.html\" title=\"Juan Fernando Quintero\" alt=\"Juan Fernando Quintero\" class=\"slug\">Juanfer<\/a><\/strong> reci\u00e9n hoy (por el domingo) cumple las tres semanas despu\u00e9s de la lesi\u00f3n muscular que tuvo\u201d. Si bien la figura y capit\u00e1n de <strong><a href=\"https:\/\/www.ole.com.ar\/tema\/river-plate.html\" title=\"River Plate\" alt=\"River Plate\" class=\"slug\">River<\/a><\/strong> logr\u00f3 una <a href=\"https:\/\/www.ole.com.ar\/river-plate\/river-plate-juanfer-quintero-alta-medica-debut-eduardo-coudet_0_ZFYEC4KQHi.html\" target=\"_self\" title=\"acelerada recuperaci\u00f3n del peque\u00f1o desgarro en el isquiotibial de la pierna derecha\" alt=\"acelerada recuperaci\u00f3n del peque\u00f1o desgarro en el isquiotibial de la pierna derecha\" rel=\"noopener noreferrer\">acelerada recuperaci\u00f3n del peque\u00f1o desgarro en el isquiotibial de la pierna derecha<\/a>, que sufri\u00f3 en <a href=\"https:\/\/www.ole.com.ar\/futbol-primera\/velez-vs-river-partido-torneo-apertura-2026-fecha-6-vivo-minuto-minuto_0_eqpP6ix8y1.html\" target=\"_self\" title=\"la derrota ante V\u00e9lez en Liniers\" alt=\"la derrota ante V\u00e9lez en Liniers\" rel=\"noopener noreferrer\">la derrota ante V\u00e9lez en Liniers<\/a>, y ya hab\u00eda sumado 23 minutos en cancha frente a Hurac\u00e1n en Parque Patricios, cuando Hern\u00e1n Gal\u00edndez le ataj\u00f3 el penal en la primera pelota que tocaba el colombiano en su regreso desde la lesi\u00f3n, <strong><a href=\"https:\/\/www.ole.com.ar\/tema\/eduardo-coudet.html\" title=\"Eduardo Coudet\" alt=\"Eduardo Coudet\" class=\"slug\">Eduardo Coudet<\/a><\/strong> entiende que el 10 todav\u00eda no est\u00e1 en plenitud para integrar el 11 nuevamente porque el domingo alcanz\u00f3 los 21 d\u00edas de rehabilitaci\u00f3n, el plazo ideal para este tipo de afecciones musculares.<\/p>\n<\/div>\n<div id=\"element-body-1\" class=\"sc-136cd478-0 ekTCfV\" readability=\"37.116607773852\">\n<p>\u201cTrato de evaluar muchas cosas. <strong>Para nosotros va a ser mejor darles m\u00e1s importancia en la semana a los que no les ha tocado jugar o participar menos. Eso nos va a elevar niveles individuales y hacer que sea un grupo competitivo\u201d<\/strong>, fue la explicaci\u00f3n del Chacho sobre por qu\u00e9 Juanfer <a href=\"https:\/\/www.ole.com.ar\/futbol-primera\/river-coudet-huracan-juanfer-quintero_0_EAjuuJjPbD.html\" target=\"_self\" title=\"entr\u00f3 en el segundo tiempo ante Hurac\u00e1n\" alt=\"entr\u00f3 en el segundo tiempo ante Hurac\u00e1n\" rel=\"noopener noreferrer\">entr\u00f3 en el segundo tiempo ante Hurac\u00e1n<\/a> y tambi\u00e9n con Sarmiento en el Monumental, donde sum\u00f3 otros 29\u2019 con m\u00e1s participaci\u00f3n, lucidez y precisi\u00f3n en el circuito ofensivo de River, como en el pase que le dio a An\u00edbal Moreno en la acci\u00f3n previa a la asistencia del volante central a Subiabre. O como en el bombazo de tiro libre que le tap\u00f3 Burrai y deriv\u00f3 en un intercambio gracioso entre Juanfer y el Chacho: le hab\u00eda pedido que jugara la pelota hacia una banda y reaccion\u00f3 con un \u201chac\u00e9 lo que quieras\u201d tras el remate atajado por el arquero.<\/p>\n<\/div>\n<div class=\"sc-e7b891c4-0 ifHnQL image-embed\" id=\"element-body-2\"><img alt=\"Juan Fernando Quintero volvi\u00f3 a jugar ante Hurac\u00e1n, 18 d\u00edas despu\u00e9s de su desgarro contra V\u00e9lez (Foto\nPrensa River)\" loading=\"lazy\" width=\"720\" height=\"100\" decoding=\"async\" data-nimg=\"1\" src=\"http:\/\/hoycordobaweb.com\/wp-content\/uploads\/2026\/03\/por-que-juanfer-quintero-todavia-no-fue-titular-en-el-river-de-coudet-2.jpg\"><span class=\"epigraphe\">Juan Fernando Quintero volvi\u00f3 a jugar ante Hurac\u00e1n, 18 d\u00edas despu\u00e9s de su desgarro contra V\u00e9lez (Foto<br \/>\nPrensa River)<\/span><\/div>\n<div id=\"element-body-3\" class=\"sc-136cd478-0 ekTCfV\" readability=\"37.694817658349\">\n<p>El \u00faltimo partido de Quintero de titular fue el 22 de febrero ante V\u00e9lez, cuando debi\u00f3 dejar la cancha a los 27\u2019 debido al desgarro. Hasta ese momento, <strong>el zurdo de 33 a\u00f1os hab\u00eda sido de los mejor en el River de Gallardo: <a href=\"https:\/\/www.ole.com.ar\/futbol-primera\/montiel-gano-cabeza-puso-1-0-barracas_3_LX7tu2L74G.html\" target=\"_self\" title=\" asisti\u00f3 a Montiel en el 1-0 ante Barracas \" alt=\" asisti\u00f3 a Montiel en el 1-0 ante Barracas \" rel=\"noopener noreferrer\">asisti\u00f3 a Montiel en el 1-0 ante Barracas<\/a> y le meti\u00f3 un doblete a Gimnasia<\/strong> antes de bajar su nivel como el resto del equipo. Ahora, ya en la puesta a punto en competencia, JFQ10 aspira a volver al 11 el domingo con Estudiantes de Rio Cuarto, en reemplazo de Galv\u00e1n, Kendry P\u00e1ez o Subiabre.<\/p>\n<\/div>\n<p><h2>Los goles de Juanfer Quintero en este 2026<\/h2>\n<\/p>\n<div id=\"element-body-5\" class=\"sc-ef81c825-1 evSCNc\"><figcaption class=\"JWvideoNota_title\">\n<p>Video: TNT Sports.<\/p>\n<\/figcaption><\/div>\n<div id=\"element-body-6\" class=\"sc-ef81c825-1 evSCNc\"><figcaption class=\"JWvideoNota_title\">\n<p>Video: TNT Sports.<\/p>\n<\/figcaption><\/div>\n<p><h2>El penal que fall\u00f3 en su regreso contra Hurac\u00e1n<\/h2>\n<\/p>\n<div id=\"element-body-8\" class=\"sc-ef81c825-1 evSCNc\" readability=\"31.5\"><figcaption class=\"JWvideoNota_title\" readability=\"3\">\n<p>El arquero de Hurac\u00e1n evit\u00f3 el 2-1 para River: el colombiano entr\u00f3 al partido para patear (Video: TNT Sports).<\/p>\n<\/figcaption><\/div>\n<\/div>\n","protected":false},"excerpt":{"rendered":"<p>16\/03\/2026 22:04hs. Juanfer reci\u00e9n hoy (por el domingo) cumple las tres semanas despu\u00e9s de la lesi\u00f3n muscular que tuvo\u201d. Si bien la figura y capit\u00e1n de River logr\u00f3 una acelerada recuperaci\u00f3n del peque\u00f1o desgarro en el isquiotibial de la pierna derecha, que sufri\u00f3 en la derrota ante V\u00e9lez en Liniers, y ya hab\u00eda sumado 23 [&hellip;]<\/p>\n","protected":false},"author":1,"featured_media":133023,"comment_status":"open","ping_status":"closed","sticky":false,"template":"","format":"standard","meta":[],"categories":[16],"tags":[],"_links":{"self":[{"href":"http:\/\/hoycordobaweb.com\/index.php\/wp-json\/wp\/v2\/posts\/133022"}],"collection":[{"href":"http:\/\/hoycordobaweb.com\/index.php\/wp-json\/wp\/v2\/posts"}],"about":[{"href":"http:\/\/hoycordobaweb.com\/index.php\/wp-json\/wp\/v2\/types\/post"}],"author":[{"embeddable":true,"href":"http:\/\/hoycordobaweb.com\/index.php\/wp-json\/wp\/v2\/users\/1"}],"replies":[{"embeddable":true,"href":"http:\/\/hoycordobaweb.com\/index.php\/wp-json\/wp\/v2\/comments?post=133022"}],"version-history":[{"count":0,"href":"http:\/\/hoycordobaweb.com\/index.php\/wp-json\/wp\/v2\/posts\/133022\/revisions"}],"wp:featuredmedia":[{"embeddable":true,"href":"http:\/\/hoycordobaweb.com\/index.php\/wp-json\/wp\/v2\/media\/133023"}],"wp:attachment":[{"href":"http:\/\/hoycordobaweb.com\/index.php\/wp-json\/wp\/v2\/media?parent=133022"}],"wp:term":[{"taxonomy":"category","embeddable":true,"href":"http:\/\/hoycordobaweb.com\/index.php\/wp-json\/wp\/v2\/categories?post=133022"},{"taxonomy":"post_tag","embeddable":true,"href":"http:\/\/hoycordobaweb.com\/index.php\/wp-json\/wp\/v2\/tags?post=133022"}],"curies":[{"name":"wp","href":"https:\/\/api.w.org\/{rel}","templated":true}]}}