{"id":133009,"date":"2026-03-16T23:07:24","date_gmt":"2026-03-16T23:07:24","guid":{"rendered":"http:\/\/hoycordobaweb.com\/index.php\/2026\/03\/16\/sergio-chiquito-romero-se-retiro-del-futbol-a-que-se-dedicara-espn-deportes\/"},"modified":"2026-03-16T23:07:24","modified_gmt":"2026-03-16T23:07:24","slug":"sergio-chiquito-romero-se-retiro-del-futbol-a-que-se-dedicara-espn-deportes","status":"publish","type":"post","link":"http:\/\/hoycordobaweb.com\/index.php\/2026\/03\/16\/sergio-chiquito-romero-se-retiro-del-futbol-a-que-se-dedicara-espn-deportes\/","title":{"rendered":"Sergio &quot;Chiquito&quot; Romero se retir\u00f3 del <b>f\u00fatbol<\/b>: \u00bfa qu\u00e9 se dedicar\u00e1? &#8211; ESPN Deportes"},"content":{"rendered":"<p>El arquero de 39 a\u00f1os decidi\u00f3 colgar los guantes despu\u00e9s de sus \u00faltimos pasos por Boca y <b>Argentinos<\/b> Juniors. <\/p>\n","protected":false},"excerpt":{"rendered":"<p>El arquero de 39 a\u00f1os decidi\u00f3 colgar los guantes despu\u00e9s de sus \u00faltimos pasos por Boca y Argentinos Juniors.<\/p>\n","protected":false},"author":1,"featured_media":0,"comment_status":"closed","ping_status":"closed","sticky":false,"template":"","format":"standard","meta":[],"categories":[22],"tags":[],"_links":{"self":[{"href":"http:\/\/hoycordobaweb.com\/index.php\/wp-json\/wp\/v2\/posts\/133009"}],"collection":[{"href":"http:\/\/hoycordobaweb.com\/index.php\/wp-json\/wp\/v2\/posts"}],"about":[{"href":"http:\/\/hoycordobaweb.com\/index.php\/wp-json\/wp\/v2\/types\/post"}],"author":[{"embeddable":true,"href":"http:\/\/hoycordobaweb.com\/index.php\/wp-json\/wp\/v2\/users\/1"}],"replies":[{"embeddable":true,"href":"http:\/\/hoycordobaweb.com\/index.php\/wp-json\/wp\/v2\/comments?post=133009"}],"version-history":[{"count":0,"href":"http:\/\/hoycordobaweb.com\/index.php\/wp-json\/wp\/v2\/posts\/133009\/revisions"}],"wp:attachment":[{"href":"http:\/\/hoycordobaweb.com\/index.php\/wp-json\/wp\/v2\/media?parent=133009"}],"wp:term":[{"taxonomy":"category","embeddable":true,"href":"http:\/\/hoycordobaweb.com\/index.php\/wp-json\/wp\/v2\/categories?post=133009"},{"taxonomy":"post_tag","embeddable":true,"href":"http:\/\/hoycordobaweb.com\/index.php\/wp-json\/wp\/v2\/tags?post=133009"}],"curies":[{"name":"wp","href":"https:\/\/api.w.org\/{rel}","templated":true}]}}