{"id":132996,"date":"2026-03-15T13:43:30","date_gmt":"2026-03-15T13:43:30","guid":{"rendered":"https:\/\/www.mujerhoy.com\/vivir\/ocio\/lerma-pueblo-burgos-dormir-palacio-napoleon-nobleza-monjas-clausura-pasadizo-20260315132130-nt.html"},"modified":"2026-03-15T13:43:30","modified_gmt":"2026-03-15T13:43:30","slug":"el-pueblo-de-burgos-donde-puedes-dormir-en-el-mismo-palacio-que-napoleon-vinculado-a-la-nobleza-con-un-conjunto-urbanistico-unico-y-un-pasado-medieval-oculto","status":"publish","type":"post","link":"http:\/\/hoycordobaweb.com\/index.php\/2026\/03\/15\/el-pueblo-de-burgos-donde-puedes-dormir-en-el-mismo-palacio-que-napoleon-vinculado-a-la-nobleza-con-un-conjunto-urbanistico-unico-y-un-pasado-medieval-oculto\/","title":{"rendered":"El pueblo de Burgos donde puedes dormir en el mismo palacio que Napole\u00f3n: vinculado a la nobleza, con un conjunto urban\u00edstico \u00fanico y un pasado medieval oculto"},"content":{"rendered":"<p><!-- AUTHOR --><\/p>\n<div class=\"voc-author-timesocial \">\n<!-- AUTHOR --><\/p>\n<div class=\"voc-author-timesocial__signature \">\n<!-- IMAGE AUTHOR -->\n<picture class=\"voc-image-signature\">\n<img class=\"voc-image-signature__img\" src=\"http:\/\/hoycordobaweb.com\/wp-content\/uploads\/2026\/03\/el-pueblo-de-burgos-donde-puedes-dormir-en-el-mismo-palacio-que-napoleon-vinculado-a-la-nobleza-con-un-conjunto-urbanistico-unico-y-un-pasado-medieval-oculto.jpg\" alt=\"Elena Romero Vargas\">\n<\/picture>\n<!-- INFO AUTHOR --> <\/div><\/div>\n<p><!-- COMPONENTS --><\/p>\n<p class=\"voc-paragraph\">En la <a href=\"https:\/\/www.mujerhoy.com\/vivir\/ocio\/huerta-de-rey-pueblo-medieval-burgos-record-guiness-nombres-raros-camino-cid-20260305120753-nt.html\" data-voc-vtm-id=\"in-text-traffic\" title=\"provincia de Burgos\" data-mrf-link=\"www.mujerhoy.com\">provincia de Burgos<\/a> se esconde uno de esos lugares que son testimonio vivo de la Historia de Espa\u00f1a. La <strong>Villa Ducal de Lerma<\/strong> tiene uno de los trazados urbanos m\u00e1s singulares de la geograf\u00eda nacional, precisamente, por conservar casi a la perfecci\u00f3n edificios y monumentos que responden a la est\u00e9tica propia del Siglo de Oro espa\u00f1ol y que invitan a sus visitantes a sumergirse de lleno en esta \u00e9poca de esplendor art\u00edstico y cultural.<\/p>\n<p class=\"voc-paragraph\">La belleza de Lerma y todo su trasfondo hist\u00f3rico justifica con creces el hecho de que, desde 2018, forme parte de la lista de los <a href=\"https:\/\/www.mujerhoy.com\/vivir\/ocio\/calaceite-pueblo-medieval-bonito-aragon-toscana-espanola-calles-empedradas-literatura-latinoamericana-vargas-llosa-20260205114203-nt.html\" data-voc-vtm-id=\"in-text-traffic\" title=\"Pueblos M\u00e1s Bonitos de Espa\u00f1a\" data-mrf-link=\"www.mujerhoy.com\">Pueblos M\u00e1s Bonitos de Espa\u00f1a<\/a>. Su idiosincrasia es, en gran medida, <strong>responsabilidad de Francisco G\u00f3mez de Sandoval y Rojas, duque de Lerma<\/strong>, quien en el siglo XVII quiso hacer de este lugar una suerte de espacio de recreo para la corte, y as\u00ed lo consigui\u00f3, pues Lerma lleg\u00f3 a ser uno de los destinos predilectos de Felipe III.<\/p>\n<div class=\"v-c-cmp v-c-cmp--t1 \">\n<div class=\"v-cmp-rld v-cmp-rld--2 \">\n<div class=\"v-cnt-m v-cnt-m--m\">\n<div class=\"v-cnt-m__c\">\n<div class=\"v-cnt-m__w v-cnt-m__w--1\">\n<p class=\"v-cnt-m__t\">\nTAMBI\u00c9N TE INTERESA\n<\/p>\n<\/div>\n<\/div>\n<\/div>\n<div class=\"v-g v-g--2-c v-g--bdr-min-xs\">\n<div class=\"v-g__c \">\n<article class=\"v-a v-a--cmp-rld v-a--cmp-rld-2 v-a--p-l\">\n<div class=\"v-a-img-c\">\n<figure class=\"v-a-fig\">\n<a href=\"https:\/\/www.mujerhoy.com\/vivir\/ocio\/frias-pueblo-bonito-burgos-casas-colgadas-castillo-puente-escapada-20251122200119-nt.html#vtm_modulosEngag=mod-rel:vivir:noticia:1:cmp:2-not\" class=\"v-a-link\" title=\"El pueblo de Burgos ideal para una escapada: casas colgadas, un puente fortificado y un castillo precioso\"><br \/>\n<img loading=\"lazy\" class=\"v-a-img\" src=\"http:\/\/hoycordobaweb.com\/wp-content\/uploads\/2026\/03\/el-pueblo-de-burgos-donde-puedes-dormir-en-el-mismo-palacio-que-napoleon-vinculado-a-la-nobleza-con-un-conjunto-urbanistico-unico-y-un-pasado-medieval-oculto-1.jpg\" alt=\"El pueblo de Burgos ideal para una escapada: casas colgadas, un puente fortificado y un castillo precioso\"><br \/>\n<\/a><br \/>\n<\/figure>\n<\/div>\n<\/article>\n<\/div>\n<div class=\"v-g__c \">\n<article class=\"v-a v-a--cmp-rld v-a--cmp-rld-2 v-a--p-l\">\n<div class=\"v-a-img-c\">\n<figure class=\"v-a-fig\">\n<a href=\"https:\/\/www.mujerhoy.com\/vivir\/ocio\/poza-de-la-sal-burgos-pueblo-bonito-salinas-medieval-felix-rodriguez-de-la-fuente-20250713141405-nt.html#vtm_modulosEngag=mod-rel:vivir:noticia:2:cmp:2-not\" class=\"v-a-link\" title=\"Este pueblo de Burgos entra en la lista de los m\u00e1s bonitos de Espa\u00f1a por sus salinas, su castillo y F\u00e9lix Rodr\u00edguez de la Fuente\"><br \/>\n<img loading=\"lazy\" class=\"v-a-img\" src=\"http:\/\/hoycordobaweb.com\/wp-content\/uploads\/2026\/03\/el-pueblo-de-burgos-donde-puedes-dormir-en-el-mismo-palacio-que-napoleon-vinculado-a-la-nobleza-con-un-conjunto-urbanistico-unico-y-un-pasado-medieval-oculto-2.jpg\" alt=\"Este pueblo de Burgos entra en la lista de los m\u00e1s bonitos de Espa\u00f1a por sus salinas, su castillo y F\u00e9lix Rodr\u00edguez de la Fuente\"><br \/>\n<\/a><br \/>\n<\/figure>\n<\/div>\n<\/article>\n<\/div>\n<\/div>\n<\/div>\n<\/div>\n<p class=\"voc-paragraph\">Pero antes de adquirir el aspecto se\u00f1orial con el que hoy cuenta, este pueblo ubicado en la zona alta del valle del r\u00edo Arlanza tuvo <strong>un potente pasado medieval<\/strong> del que apenas queda rastro. No obstante, a\u00fan es posible ver restos de esta \u00e9poca como el Arco de la C\u00e1rcel, una de las entradas a Lerma que recuerda la desparecida muralla, o el trazado urbano que a\u00fan se intuye en la estructura de las casa y las calles que se ubican alrededor de la Plaza Mayor.<\/p>\n<div class=\"v-c-cmp v-c-cmp--s\">\n<div class=\"v-cmp-m \">\n<article class=\"v-a v-a--cmp-m v-c-cmp--m-z\">\n<div class=\"v-a-img-c \">\n<div class=\"v-a-fig\">\n<button class=\"v-a-link\" popovertarget=\"photo-755\"><br \/>\n<img loading=\"lazy\" src=\"http:\/\/hoycordobaweb.com\/wp-content\/uploads\/2026\/03\/el-pueblo-de-burgos-donde-puedes-dormir-en-el-mismo-palacio-que-napoleon-vinculado-a-la-nobleza-con-un-conjunto-urbanistico-unico-y-un-pasado-medieval-oculto-3.jpg\" class=\"v-a-img\" width=\"650\" height=\"650\" alt=\"Palacio Ducal de Lerma, Burgos\" data-voc-vtm-id=\"in-text-traffic\"> <\/button><figcaption class=\"v-fc\">\n<span class=\"v-fc__t\"><br \/>\nPalacio Ducal de Lerma, Burgos<br \/>\n<\/span><br \/>\n<span class=\"v-fc__p\"><br \/>\nParadores<br \/>\n<\/span><br \/>\n<\/figcaption><\/div>\n<\/div>\n<div id=\"photo-755\" popover class=\"v-mdl v-mdl--fw\">\n<button class=\"v-x\" popovertarget=\"photo-755\" popovertargetaction=\"hide\"><br \/>\n<span class=\"v-i\"><br \/>\n<svg width=\"24\" height=\"23.996\" viewBox=\"0 0 24 23.996\">\n<path data-name=\"Uni\u00f3n 29\" d=\"M12,14.03,2.031,24,0,21.963,9.968,12,0,2.033,2.031,0,12,9.966,21.969,0,24,2.033,14.032,12,24,21.963,21.969,24Z\" \/>\n<\/svg><br \/>\n<\/span><br \/>\n<\/button><\/p>\n<div class=\"v-mdl__c\">\n<div class=\"v-mdl__w\">\n<img loading=\"lazy\" src=\"http:\/\/hoycordobaweb.com\/wp-content\/uploads\/2026\/03\/el-pueblo-de-burgos-donde-puedes-dormir-en-el-mismo-palacio-que-napoleon-vinculado-a-la-nobleza-con-un-conjunto-urbanistico-unico-y-un-pasado-medieval-oculto-3.jpg\" class=\"v-mdl__img-z\" width=\"650\" height=\"650\" alt>\n<\/div>\n<\/div>\n<\/div>\n<p><span class=\"v-bdp\"><\/span><br \/>\n<\/article>\n<\/div>\n<\/div>\n<p class=\"voc-paragraph\">Donde se levantaba un antiguo castillo medieval se encuentra hoy el que es, sin duda, el gran emblema de Lerma. Hablamos del <strong>Palacio Ducal<\/strong>, una obra que el duque de Lerma encarg\u00f3 al arquitecto Francisco de Mora en el siglo XVII con el objetivo de convertirlo en residencia para los duques y la corte del rey Felipe III. Ubicado en plena Plaza Mayor de Lerma, este palacio fue testigo de numerosos eventos hist\u00f3ricos, como la boda del rey Luis I con Luisa Isabel de Orleans, que se celebr\u00f3 aqu\u00ed, o la invasi\u00f3n napole\u00f3nica, ya que hizo las veces de cuartel general de los hombres de Napole\u00f3n.<\/p>\n<p class=\"voc-paragraph\">Desde 2003 el Palacio Ducal de Lerma forma parte de la <strong>red de Paradores Nacionales<\/strong>. Despu\u00e9s de un exhaustivo proceso de rehabilitaci\u00f3n, este edificio hist\u00f3rico es ahora uno de los alojamientos m\u00e1s exclusivos del pa\u00eds que, adem\u00e1s, brinda la posibilidad de pasar la noche en estancias donde ya lo hicieron reyes, nobles y personajes ilustres de la Historia de Espa\u00f1a.<\/p>\n<div class=\"v-c-cmp v-c-cmp--s\">\n<div class=\"v-cmp-m \">\n<article class=\"v-a v-a--cmp-m v-c-cmp--m-z\">\n<div class=\"v-a-img-c \">\n<div class=\"v-a-fig\">\n<button class=\"v-a-link\" popovertarget=\"photo-562\"><br \/>\n<img loading=\"lazy\" src=\"http:\/\/hoycordobaweb.com\/wp-content\/uploads\/2026\/03\/el-pueblo-de-burgos-donde-puedes-dormir-en-el-mismo-palacio-que-napoleon-vinculado-a-la-nobleza-con-un-conjunto-urbanistico-unico-y-un-pasado-medieval-oculto-4.jpg\" class=\"v-a-img\" width=\"650\" height=\"650\" alt=\"Convento de Santo Domingo de Lerma\" data-voc-vtm-id=\"in-text-traffic\"> <\/button><figcaption class=\"v-fc\">\n<span class=\"v-fc__t\"><br \/>\nConvento de Santo Domingo de Lerma<br \/>\n<\/span><br \/>\n<span class=\"v-fc__p\"><br \/>\nCIT Lerma<br \/>\n<\/span><br \/>\n<\/figcaption><\/div>\n<\/div>\n<div id=\"photo-562\" popover class=\"v-mdl v-mdl--fw\">\n<button class=\"v-x\" popovertarget=\"photo-562\" popovertargetaction=\"hide\"><br \/>\n<span class=\"v-i\"><br \/>\n<svg width=\"24\" height=\"23.996\" viewBox=\"0 0 24 23.996\">\n<path data-name=\"Uni\u00f3n 29\" d=\"M12,14.03,2.031,24,0,21.963,9.968,12,0,2.033,2.031,0,12,9.966,21.969,0,24,2.033,14.032,12,24,21.963,21.969,24Z\" \/>\n<\/svg><br \/>\n<\/span><br \/>\n<\/button><\/p>\n<div class=\"v-mdl__c\">\n<div class=\"v-mdl__w\">\n<img loading=\"lazy\" src=\"http:\/\/hoycordobaweb.com\/wp-content\/uploads\/2026\/03\/el-pueblo-de-burgos-donde-puedes-dormir-en-el-mismo-palacio-que-napoleon-vinculado-a-la-nobleza-con-un-conjunto-urbanistico-unico-y-un-pasado-medieval-oculto-4.jpg\" class=\"v-mdl__img-z\" width=\"650\" height=\"650\" alt>\n<\/div>\n<\/div>\n<\/div>\n<p><span class=\"v-bdp\"><\/span><br \/>\n<\/article>\n<\/div>\n<\/div>\n<p><h3 class=\"v-cmp-suh\">\nOtros tesoros arquitect\u00f3nicos que no te puedes perder de Lerma<br \/>\n<\/h3>\n<\/p>\n<p class=\"voc-paragraph\">Adem\u00e1s de su imponente Palacio Ducal, Lerma destaca por contar con numerosos <strong>conventos y monasterios<\/strong>, todos ellos levantados en el siglo XVII y bajo el sello de fray Alberto de la Madre de Dios, que estuvo al frente de las construcciones religiosas m\u00e1s importantes de Lerma. Algunos de los m\u00e1s importantes son el monasterio de la <strong>Madre de Dios<\/strong>, con una austeridad propia de la orden Carmelita para la que fue levantado, el convento dominico de <strong>Santo Domingo<\/strong>, que destaca por su portada con elementos barroquizantes, o el convento de <strong>Santa Teresa<\/strong>, tambi\u00e9n de los carmelitas.<\/p>\n<p class=\"voc-paragraph\">Aunque muchos de esos conventos han perdido su funci\u00f3n inicial, algunos de los originales conservan todav\u00eda ese carisma fundacional. Este es el caso del <strong>monasterio de San Blas<\/strong>, que naci\u00f3 en 1613 con el fin de acoger una comunidad de monjas dominicas y que a\u00fan hoy sigue cumpliendo con esta funci\u00f3n, pues sigue habitado por <strong>monjas dominicas de clausura <\/strong>que, adem\u00e1s de dedicar su tiempo a la oraci\u00f3n, son muy activas en redes sociales y destacan por sus trabajos en cer\u00e1mica.<\/p>\n<div class=\"v-c-cmp v-c-cmp--s\">\n<div class=\"v-cmp-m \">\n<article class=\"v-a v-a--cmp-m v-c-cmp--m-z\">\n<div class=\"v-a-img-c \">\n<div class=\"v-a-fig\">\n<button class=\"v-a-link\" popovertarget=\"photo-776\"><br \/>\n<img loading=\"lazy\" src=\"http:\/\/hoycordobaweb.com\/wp-content\/uploads\/2026\/03\/el-pueblo-de-burgos-donde-puedes-dormir-en-el-mismo-palacio-que-napoleon-vinculado-a-la-nobleza-con-un-conjunto-urbanistico-unico-y-un-pasado-medieval-oculto-5.jpg\" class=\"v-a-img\" width=\"650\" height=\"650\" alt=\"Colegiata de San Pedro, Lerma\" data-voc-vtm-id=\"in-text-traffic\"> <\/button><figcaption class=\"v-fc\">\n<span class=\"v-fc__t\"><br \/>\nColegiata de San Pedro, Lerma<br \/>\n<\/span><br \/>\n<span class=\"v-fc__p\"><br \/>\nCIT Lerma<br \/>\n<\/span><br \/>\n<\/figcaption><\/div>\n<\/div>\n<div id=\"photo-776\" popover class=\"v-mdl v-mdl--fw\">\n<button class=\"v-x\" popovertarget=\"photo-776\" popovertargetaction=\"hide\"><br \/>\n<span class=\"v-i\"><br \/>\n<svg width=\"24\" height=\"23.996\" viewBox=\"0 0 24 23.996\">\n<path data-name=\"Uni\u00f3n 29\" d=\"M12,14.03,2.031,24,0,21.963,9.968,12,0,2.033,2.031,0,12,9.966,21.969,0,24,2.033,14.032,12,24,21.963,21.969,24Z\" \/>\n<\/svg><br \/>\n<\/span><br \/>\n<\/button><\/p>\n<div class=\"v-mdl__c\">\n<div class=\"v-mdl__w\">\n<img loading=\"lazy\" src=\"http:\/\/hoycordobaweb.com\/wp-content\/uploads\/2026\/03\/el-pueblo-de-burgos-donde-puedes-dormir-en-el-mismo-palacio-que-napoleon-vinculado-a-la-nobleza-con-un-conjunto-urbanistico-unico-y-un-pasado-medieval-oculto-5.jpg\" class=\"v-mdl__img-z\" width=\"650\" height=\"650\" alt>\n<\/div>\n<\/div>\n<\/div>\n<p><span class=\"v-bdp\"><\/span><br \/>\n<\/article>\n<\/div>\n<\/div>\n<p class=\"voc-paragraph\">Otro de los edificios religiosos m\u00e1s relevantes de Lerma es la <strong>Colegiata de San Pedro<\/strong>, tambi\u00e9n obra de fray Alberto de la Madre de Dios y con un marcado estilo herreriano, como el del Palacio Ducal. Aunque fue un proyecto concebido por Don Crist\u00f3bal de Rojas y Sandoval, Arzobispo de Sevilla y t\u00edo del Duque de Lerma, fue su sobrino quien termin\u00f3 de materializar la idea de darle a la villa una iglesia grande que acab\u00f3 siendo Colegiata con dependencia directa de la Santa Sede.<\/p>\n<p class=\"voc-paragraph\">En el interior de este conjunto se encuentran<strong> joyas barrocas<\/strong> como su espectacular retablo mayor, con ornamentaci\u00f3n dorada y elementos propios de este estilo como las columnas salom\u00f3nicas o los amorcillos. Tambi\u00e9n es posible encontrar aqu\u00ed una escultura que representa al Azobismo de Sevilla en actitud orante y otros elementos ornamentales como la mesa taraceada italiana que les regal\u00f3 el Papa Paulo V.<\/p>\n<p class=\"voc-paragraph\">Merece la pena hacer una menci\u00f3n especial a uno de los rincones m\u00e1s curiosos de Lerma que se encuentra en la Plaza de Santa Clara. Nos referimos al <strong>Pasadizo del Duque<\/strong>, que se construy\u00f3 en el siglo XVII para unir el Palacio Ducal con iglesias como la de la Colegiata de San Pedro. Levantado sobre arcos y b\u00f3vedas, este singular pasadizo permit\u00eda moverse entre los edificios m\u00e1s emblem\u00e1ticos de la ciudad sin pisar la calle, algo que se valoraba mucho entre la nobleza de la \u00e9poca. Actualmente, este pasadizo est\u00e1 habilitado para que, durante su visita, se pueda conocer en profundidad la figura del Duque de Lerma, as\u00ed como los a\u00f1os de esplendor de este ic\u00f3nico rinc\u00f3n de Burgos.<\/p>\n<div class=\"v-c-cmp v-c-cmp--t1 \">\n<div class=\"v-cmp-rld v-cmp-rld--2 \">\n<div class=\"v-cnt-m v-cnt-m--m\">\n<div class=\"v-cnt-m__c\">\n<div class=\"v-cnt-m__w v-cnt-m__w--1\">\n<p class=\"v-cnt-m__t\">\nNO TE PIERDAS\n<\/p>\n<\/div>\n<\/div>\n<\/div>\n<div class=\"v-g v-g--2-c v-g--bdr-min-xs\">\n<div class=\"v-g__c \">\n<article class=\"v-a v-a--cmp-rld v-a--cmp-rld-2 v-a--p-l\">\n<div class=\"v-a-img-c\">\n<figure class=\"v-a-fig\">\n<a href=\"https:\/\/www.mujerhoy.com\/vivir\/ocio\/puentedey-pintoresco-pueblo-burgos-puente-dios-rutas-senderismo-20251018201556-nt.html#vtm_modulosEngag=mod-rel:vivir:noticia:1:cmp:2-not\" class=\"v-a-link\" title=\"La mejor escapada del oto\u00f1o es este pueblo de Burgos: un puente divino, calles empedradas y rutas de senderismo m\u00e1gicas\"><br \/>\n<img loading=\"lazy\" class=\"v-a-img\" src=\"http:\/\/hoycordobaweb.com\/wp-content\/uploads\/2026\/03\/el-pueblo-de-burgos-donde-puedes-dormir-en-el-mismo-palacio-que-napoleon-vinculado-a-la-nobleza-con-un-conjunto-urbanistico-unico-y-un-pasado-medieval-oculto-6.jpg\" alt=\"La mejor escapada del oto\u00f1o es este pueblo de Burgos: un puente divino, calles empedradas y rutas de senderismo m\u00e1gicas\"><br \/>\n<\/a><br \/>\n<\/figure>\n<\/div>\n<\/article>\n<\/div>\n<div class=\"v-g__c \">\n<article class=\"v-a v-a--cmp-rld v-a--cmp-rld-2 v-a--p-l\">\n<div class=\"v-a-img-c\">\n<figure class=\"v-a-fig\">\n<a href=\"https:\/\/www.mujerhoy.com\/vivir\/ocio\/castrillo-polvazares-pueblo-bonito-leon-astorga-cocido-maragato-20251115134506-nt.html#vtm_modulosEngag=mod-rel:vivir:noticia:2:cmp:2-not\" class=\"v-a-link\" title=\"El pueblo para volverte a enamorar de Le\u00f3n: calles empedradas, portones en verde y el riqu\u00edsimo cocido maragato\"><br \/>\n<img loading=\"lazy\" class=\"v-a-img\" src=\"http:\/\/hoycordobaweb.com\/wp-content\/uploads\/2026\/03\/el-pueblo-de-burgos-donde-puedes-dormir-en-el-mismo-palacio-que-napoleon-vinculado-a-la-nobleza-con-un-conjunto-urbanistico-unico-y-un-pasado-medieval-oculto-7.jpg\" alt=\"El pueblo para volverte a enamorar de Le\u00f3n: calles empedradas, portones en verde y el riqu\u00edsimo cocido maragato\"><br \/>\n<\/a><br \/>\n<\/figure>\n<\/div>\n<\/article>\n<\/div>\n<\/div>\n<\/div>\n<\/div>\n","protected":false},"excerpt":{"rendered":"<p>En la provincia de Burgos se esconde uno de esos lugares que son testimonio vivo de la Historia de Espa\u00f1a. La Villa Ducal de Lerma tiene uno de los trazados urbanos m\u00e1s singulares de la geograf\u00eda nacional, precisamente, por conservar casi a la perfecci\u00f3n edificios y monumentos que responden a la est\u00e9tica propia del Siglo [&hellip;]<\/p>\n","protected":false},"author":1,"featured_media":132997,"comment_status":"closed","ping_status":"closed","sticky":false,"template":"","format":"standard","meta":[],"categories":[],"tags":[],"_links":{"self":[{"href":"http:\/\/hoycordobaweb.com\/index.php\/wp-json\/wp\/v2\/posts\/132996"}],"collection":[{"href":"http:\/\/hoycordobaweb.com\/index.php\/wp-json\/wp\/v2\/posts"}],"about":[{"href":"http:\/\/hoycordobaweb.com\/index.php\/wp-json\/wp\/v2\/types\/post"}],"author":[{"embeddable":true,"href":"http:\/\/hoycordobaweb.com\/index.php\/wp-json\/wp\/v2\/users\/1"}],"replies":[{"embeddable":true,"href":"http:\/\/hoycordobaweb.com\/index.php\/wp-json\/wp\/v2\/comments?post=132996"}],"version-history":[{"count":0,"href":"http:\/\/hoycordobaweb.com\/index.php\/wp-json\/wp\/v2\/posts\/132996\/revisions"}],"wp:featuredmedia":[{"embeddable":true,"href":"http:\/\/hoycordobaweb.com\/index.php\/wp-json\/wp\/v2\/media\/132997"}],"wp:attachment":[{"href":"http:\/\/hoycordobaweb.com\/index.php\/wp-json\/wp\/v2\/media?parent=132996"}],"wp:term":[{"taxonomy":"category","embeddable":true,"href":"http:\/\/hoycordobaweb.com\/index.php\/wp-json\/wp\/v2\/categories?post=132996"},{"taxonomy":"post_tag","embeddable":true,"href":"http:\/\/hoycordobaweb.com\/index.php\/wp-json\/wp\/v2\/tags?post=132996"}],"curies":[{"name":"wp","href":"https:\/\/api.w.org\/{rel}","templated":true}]}}