{"id":132948,"date":"2026-03-14T21:50:42","date_gmt":"2026-03-14T21:50:42","guid":{"rendered":"https:\/\/www.mujerhoy.com\/moda\/pasarelas\/tercera-jornada-omoda-madrid-es-moda-desfiles-presentaciones-javier-delafuente-adlib-ibiza-20260314215846-nt.html"},"modified":"2026-03-14T21:50:42","modified_gmt":"2026-03-14T21:50:42","slug":"del-lenguaje-sostenible-de-javier-delafuente-al-universo-folclorico-de-it-spain-asi-fue-la-tercera-jornada-de-omoda-madrid-es-moda","status":"publish","type":"post","link":"http:\/\/hoycordobaweb.com\/index.php\/2026\/03\/14\/del-lenguaje-sostenible-de-javier-delafuente-al-universo-folclorico-de-it-spain-asi-fue-la-tercera-jornada-de-omoda-madrid-es-moda\/","title":{"rendered":"Del lenguaje sostenible de Javier Delafuente al universo folcl\u00f3rico de It-Spain: as\u00ed fue la tercera jornada de OMODA Madrid es Moda"},"content":{"rendered":"<p><!-- AUTHOR --><\/p>\n<div class=\"voc-author-timesocial \">\n<!-- AUTHOR --><\/p>\n<div class=\"voc-author-timesocial__signature \">\n<!-- IMAGE AUTHOR -->\n<picture class=\"voc-image-signature\">\n<img class=\"voc-image-signature__img\" src=\"http:\/\/hoycordobaweb.com\/wp-content\/uploads\/2026\/03\/del-lenguaje-sostenible-de-javier-delafuente-al-universo-folclorico-de-it-spain-asi-fue-la-tercera-jornada-de-omoda-madrid-es-moda.jpg\" alt=\"Diego Rueda\">\n<\/picture>\n<!-- INFO AUTHOR --> <\/div><\/div>\n<p><!-- COMPONENTS --><\/p>\n<p class=\"voc-paragraph\">La moda no descansa y nos deleita con una tercera jornada donde presente y futuro colisionan en esta nueva edici\u00f3n de OMODA Madrid es Moda para mostrar lo mejor de la <strong>artesan\u00eda y el savoir faire<\/strong> de nuestros creadores made in Spain. <a href=\"https:\/\/www.mujerhoy.com\/moda\/pasarelas\/segunda-jornada-omoda-madrid-es-moda-desfiles-roberto-torretta-daniel-chong-mirto-20260314012412-nt.html\" data-voc-vtm-id=\"in-text-traffic\" title=\"Entre desfiles y presentaciones est\u00e1ticas\" data-mrf-link=\"www.mujerhoy.com\">Entre desfiles y presentaciones est\u00e1ticas<\/a>, el s\u00e1bado ha estado lleno de momentos \u00fanicos, con nombres como Adlib Ibiza, Javier Delafuente o IT-Spain entre los m\u00e1s destacados.<\/p>\n<p class=\"voc-paragraph\">No podemos olvidar que OMODA Madrid es Moda busca poner en valor <strong>el poder artesanal<\/strong>, como hemos podido comprobar en la charla motivacional de la dise\u00f1adora Paloma Su\u00e1rez o en los trajes masculinos \u2014que perfectamente podr\u00edan estilizarse para la mujer\u2014 de F\u00e9lix Ramiro, con su desfile de car\u00e1cter teatral.<\/p>\n<div class=\"v-c-cmp v-c-cmp--t1 \">\n<div class=\"v-cmp-rld v-cmp-rld--2 \">\n<div class=\"v-cnt-m v-cnt-m--m\">\n<div class=\"v-cnt-m__c\">\n<div class=\"v-cnt-m__w v-cnt-m__w--1\">\n<p class=\"v-cnt-m__t\">\nTAMBI\u00c9N TE INTERESA\n<\/p>\n<\/div>\n<\/div>\n<\/div>\n<div class=\"v-g v-g--2-c v-g--bdr-min-xs\">\n<div class=\"v-g__c \">\n<article class=\"v-a v-a--cmp-rld v-a--cmp-rld-2 v-a--p-l\">\n<div class=\"v-a-img-c\">\n<figure class=\"v-a-fig\">\n<a href=\"https:\/\/www.mujerhoy.com\/moda\/pasarelas\/juana-martin-mejor-disenadora-espanola-triunfa-alta-costura-paris-desfile-omoda-madrid-es-moda-20260313155924-nt.html#vtm_modulosEngag=mod-rel:moda:noticia:1:cmp:2-not\" class=\"v-a-link\" title=\"Juana Mart\u00edn, de la Alta Costura de Par\u00eds a OMODA Madrid es Moda: \u00abEs incre\u00edble ver el valor que dan fuera de Espa\u00f1a a nuestras tradiciones\u00bb\"><br \/>\n<img loading=\"lazy\" class=\"v-a-img\" src=\"http:\/\/hoycordobaweb.com\/wp-content\/uploads\/2026\/03\/del-lenguaje-sostenible-de-javier-delafuente-al-universo-folclorico-de-it-spain-asi-fue-la-tercera-jornada-de-omoda-madrid-es-moda-1.jpg\" alt=\"Juana Mart\u00edn, de la Alta Costura de Par\u00eds a OMODA Madrid es Moda: \u00abEs incre\u00edble ver el valor que dan fuera de Espa\u00f1a a nuestras tradiciones\u00bb\"><br \/>\n<\/a><br \/>\n<\/figure>\n<\/div>\n<\/article>\n<\/div>\n<div class=\"v-g__c \">\n<article class=\"v-a v-a--cmp-rld v-a--cmp-rld-2 v-a--p-l\">\n<div class=\"v-a-img-c\">\n<figure class=\"v-a-fig\">\n<a href=\"https:\/\/www.mujerhoy.com\/moda\/pasarelas\/omoda-madrid-es-moda-desfiles-presentaciones-juana-martin-avellaneda-david-delfin-20260312225945-nt.html#vtm_modulosEngag=mod-rel:moda:noticia:2:cmp:2-not\" class=\"v-a-link\" title=\"La colecci\u00f3n de invitada de Juan Avellaneda x See Iou, la exposici\u00f3n de David Delf\u00edn y el poder flamenco de Juana Mart\u00edn protagonizan la primera jornada de OMODA Madrid es Moda\"><br \/>\n<img loading=\"lazy\" class=\"v-a-img\" src=\"http:\/\/hoycordobaweb.com\/wp-content\/uploads\/2026\/03\/del-lenguaje-sostenible-de-javier-delafuente-al-universo-folclorico-de-it-spain-asi-fue-la-tercera-jornada-de-omoda-madrid-es-moda-2.jpg\" alt=\"La colecci\u00f3n de invitada de Juan Avellaneda x See Iou, la exposici\u00f3n de David Delf\u00edn y el poder flamenco de Juana Mart\u00edn protagonizan la primera jornada de OMODA Madrid es Moda\"><br \/>\n<\/a><br \/>\n<\/figure>\n<\/div>\n<\/article>\n<\/div>\n<\/div>\n<\/div>\n<\/div>\n<p class=\"voc-paragraph\">Promovido en colaboraci\u00f3n con la Asociaci\u00f3n Creadores de Moda de Espa\u00f1a (ACME) y con el apoyo del Ayuntamiento de Madrid a trav\u00e9s de la iniciativa municipal Madrid Capital de Moda, liderada por el \u00c1rea de Gobierno de Econom\u00eda, Innovaci\u00f3n y Hacienda, <strong>OMODA Madrid es Moda<\/strong> cuenta en esta edici\u00f3n con OMODA como Global Partner, el patrocinio de Sol\u00e1n de Cabras, Glo\u2122*, Keune, Ancient+Brave y Unisa, adem\u00e1s de la colaboraci\u00f3n de Barcel\u00f3 Torre de Madrid como Hotel Oficial.<\/p>\n<p><h3 class=\"v-cmp-suh\">\nAdlib Ibiza<br \/>\n<\/h3>\n<\/p>\n<p class=\"voc-paragraph\">La jornada ha comenzado traslad\u00e1ndonos a la isla de Ibiza, donde el color blanco y los dise\u00f1os boho-chic han imperado en el desfile, aunque tambi\u00e9n han aparecido notas de color para reforzar ese <strong>car\u00e1cter tan mediterr\u00e1neo<\/strong>. Todo como adelanto de los dise\u00f1adores del Consell Insular d&#8217;Eivissa, que han mostrado parte de sus colecciones SS26 como un peque\u00f1o aperitivo para el p\u00fablico madrile\u00f1o.<\/p>\n<div class=\"v-c-cmp \">\n<div class=\"v-cmp-m v-cmp-m--t1\">\n<article class=\"v-a v-a--cmp-m v-c-cmp--m-p\">\n<div class=\"v-a-img-c v-a-img-c--fw-xs\">\n<div class=\"v-a-fig\">\n<div class=\"v-a-link\">\n<img loading=\"lazy\" src=\"http:\/\/hoycordobaweb.com\/wp-content\/uploads\/2026\/03\/del-lenguaje-sostenible-de-javier-delafuente-al-universo-folclorico-de-it-spain-asi-fue-la-tercera-jornada-de-omoda-madrid-es-moda-3.jpg\" class=\"v-a-img\" width=\"650\" height=\"975\" alt=\"Abdlib Ibiza.\" data-voc-vtm-id=\"in-text-traffic\">\n<\/div><figcaption class=\"v-fc\">\n<span class=\"v-fc__t\"><br \/>\nAbdlib Ibiza.<br \/>\n<\/span><br \/>\n<span class=\"v-fc__p\"><br \/>\nPABLO PANIAGUA<br \/>\n<\/span><br \/>\n<\/figcaption><\/div>\n<\/div>\n<\/article>\n<\/div>\n<\/div>\n<p class=\"voc-paragraph\">En la pasarela han participado firmas como Dolors Mir\u00f3 Ibiza, Espardenyes Torres, Estrivancus, Ibimoda, Ibiza Stones, Ivanna Mestres, K de Kosekose, Monika Maxim Ibiza, Piluca Bayarri, S72 Hat, Tony Bonet, Vintage Ibiza y Virginia Vald, en una fusi\u00f3n de <strong>artesan\u00eda e indumentaria tradicional<\/strong> que dialoga con nuevas tendencias.<\/p>\n<p><h3 class=\"v-cmp-suh\">\nPaloma Su\u00e1rez<br \/>\n<\/h3>\n<\/p>\n<p class=\"voc-paragraph\">El Club Financiero de G\u00e9nova se ha convertido en el punto de encuentro de la dise\u00f1adora Paloma Su\u00e1rez y los artesanos tinerfe\u00f1os Antonio Rodr\u00edguez Ruiz, Nathalie Leturcq y Marisol Ramos, quienes han dialogado sobre<strong> los oficios tradicionales<\/strong> y el poder de la artesan\u00eda dentro de la industria de la moda, especialmente en t\u00e9rminos de visibilidad y viabilidad.<\/p>\n<div class=\"v-c-cmp \">\n<div class=\"v-cmp-m v-cmp-m--t1\">\n<article class=\"v-a v-a--cmp-m v-c-cmp--m-p\">\n<div class=\"v-a-img-c v-a-img-c--fw-xs\">\n<div class=\"v-a-fig\">\n<div class=\"v-a-link\">\n<img loading=\"lazy\" src=\"http:\/\/hoycordobaweb.com\/wp-content\/uploads\/2026\/03\/del-lenguaje-sostenible-de-javier-delafuente-al-universo-folclorico-de-it-spain-asi-fue-la-tercera-jornada-de-omoda-madrid-es-moda-4.jpg\" class=\"v-a-img\" width=\"650\" height=\"975\" alt=\"Paloma Su\u00e1rez.\" data-voc-vtm-id=\"in-text-traffic\">\n<\/div><figcaption class=\"v-fc\">\n<span class=\"v-fc__t\"><br \/>\nPaloma Su\u00e1rez.<br \/>\n<\/span><br \/>\n<span class=\"v-fc__p\"><br \/>\nPABLO PANIAGUA<br \/>\n<\/span><br \/>\n<\/figcaption><\/div>\n<\/div>\n<\/article>\n<\/div>\n<\/div>\n<p class=\"voc-paragraph\">El p\u00fablico ha podido disfrutar de este coloquio, pero tambi\u00e9n acercarse a ver materiales y t\u00e9cnicas reales, aportando un contexto muy rico sobre la<strong> investigaci\u00f3n creativa<\/strong> y su integraci\u00f3n en las marcas de moda, como es el caso de la propia Paloma Su\u00e1rez.<\/p>\n<p><h3 class=\"v-cmp-suh\">\nF\u00e9lix Ramiro<br \/>\n<\/h3>\n<\/p>\n<p class=\"voc-paragraph\">F\u00e9lix Ramiro nos ha citado en el Teatro Magno para vivir una obra de teatro en toda regla, donde la colecci\u00f3n se ha construido a trav\u00e9s de una narrativa dividida en actos que marcan la evoluci\u00f3n de las prendas sobre la pasarela. Los trajes de noche han sido los grandes protagonistas del desfile, aunque tambi\u00e9n ha habido espacio para la camiser\u00eda, presentada desde un <strong>enfoque m\u00e1s desenfadado<\/strong>.<\/p>\n<div class=\"v-c-cmp \">\n<div class=\"v-cmp-m v-cmp-m--t1\">\n<article class=\"v-a v-a--cmp-m v-c-cmp--m-p\">\n<div class=\"v-a-img-c v-a-img-c--fw-xs\">\n<div class=\"v-a-fig\">\n<div class=\"v-a-link\">\n<img loading=\"lazy\" src=\"http:\/\/hoycordobaweb.com\/wp-content\/uploads\/2026\/03\/del-lenguaje-sostenible-de-javier-delafuente-al-universo-folclorico-de-it-spain-asi-fue-la-tercera-jornada-de-omoda-madrid-es-moda-5.jpg\" class=\"v-a-img\" width=\"650\" height=\"975\" alt=\"F\u00e9lix Ramiro.\" data-voc-vtm-id=\"in-text-traffic\">\n<\/div><figcaption class=\"v-fc\">\n<span class=\"v-fc__t\"><br \/>\nF\u00e9lix Ramiro.<br \/>\n<\/span><br \/>\n<span class=\"v-fc__p\"><br \/>\nPABLO PANIAGUA<br \/>\n<\/span><br \/>\n<\/figcaption><\/div>\n<\/div>\n<\/article>\n<\/div>\n<\/div>\n<p class=\"voc-paragraph\">Con todos estos ingredientes, la colecci\u00f3n construye un recorrido que evoluciona <strong>desde lo esencial hasta lo m\u00e1s esc\u00e9nico<\/strong>. Un final pensado para dejar una imagen poderosa sobre la pasarela, donde los modelos han logrado captar toda la atenci\u00f3n del p\u00fablico, entre m\u00faltiples v\u00edtores de los asistentes.<\/p>\n<p><h3 class=\"v-cmp-suh\">\nJavier Delafuente<br \/>\n<\/h3>\n<\/p>\n<p class=\"voc-paragraph\">Javier Delafuente ha presentado una colecci\u00f3n c\u00e1psula titulada COUTURISME, una <strong>alegor\u00eda a la alta costura<\/strong> como lenguaje moderno. T\u00e9cnicas y c\u00f3digos de la alta costura \u2014estructuras internas, vol\u00famenes definidos y t\u00e9cnicas artesanales\u2014 se reinterpretan desde una mirada contempor\u00e1nea, integrando innovaci\u00f3n y tradici\u00f3n.<\/p>\n<div class=\"v-c-cmp \">\n<div class=\"v-cmp-m v-cmp-m--t1\">\n<article class=\"v-a v-a--cmp-m v-c-cmp--m-p\">\n<div class=\"v-a-img-c v-a-img-c--fw-xs\">\n<div class=\"v-a-fig\">\n<div class=\"v-a-link\">\n<img loading=\"lazy\" src=\"http:\/\/hoycordobaweb.com\/wp-content\/uploads\/2026\/03\/del-lenguaje-sostenible-de-javier-delafuente-al-universo-folclorico-de-it-spain-asi-fue-la-tercera-jornada-de-omoda-madrid-es-moda-6.jpg\" class=\"v-a-img\" width=\"650\" height=\"975\" alt=\"Javier Delafuente.\" data-voc-vtm-id=\"in-text-traffic\">\n<\/div><figcaption class=\"v-fc\">\n<span class=\"v-fc__t\"><br \/>\nJavier Delafuente.<br \/>\n<\/span><br \/>\n<span class=\"v-fc__p\"><br \/>\nPABLO PANIAGUA<br \/>\n<\/span><br \/>\n<\/figcaption><\/div>\n<\/div>\n<\/article>\n<\/div>\n<\/div>\n<p class=\"voc-paragraph\">Cada dise\u00f1o transita entre tejidos naturales como la seda y la lana, junto a materiales t\u00e9cnicos seleccionados <strong>bajo criterios de sostenibilidad<\/strong>. Estructuras textiles, vol\u00famenes controlados y superficies ornamentadas aportan profundidad y car\u00e1cter a cada pieza. La colecci\u00f3n se inspira en tres sensibilidades: la precisi\u00f3n japonesa, la luz y sensualidad del sur y el rigor de la costura parisina.<\/p>\n<p><h3 class=\"v-cmp-suh\">\nIt-Spain<br \/>\n<\/h3>\n<\/p>\n<p class=\"voc-paragraph\">Serrer\u00eda Belga se convierte en el escenario que sirve de broche de oro de la tercera jornada de OMODA Madrid es Moda, junto a It-Spain, con una colecci\u00f3n basada en el <strong>folclore y la inspiraci\u00f3n oriental<\/strong> como parte fundamental de su universo rompedor. La exposici\u00f3n propone una cr\u00edtica social hacia el algoritmo de las redes sociales y la presi\u00f3n que ejerce, ofreciendo una mirada real al presente.<\/p>\n<div class=\"v-c-cmp \">\n<div class=\"v-cmp-m v-cmp-m--t1\">\n<article class=\"v-a v-a--cmp-m v-c-cmp--m-p\">\n<div class=\"v-a-img-c v-a-img-c--fw-xs\">\n<div class=\"v-a-fig\">\n<div class=\"v-a-link\">\n<img loading=\"lazy\" src=\"http:\/\/hoycordobaweb.com\/wp-content\/uploads\/2026\/03\/del-lenguaje-sostenible-de-javier-delafuente-al-universo-folclorico-de-it-spain-asi-fue-la-tercera-jornada-de-omoda-madrid-es-moda-7.jpg\" class=\"v-a-img\" width=\"650\" height=\"975\" alt=\"It-Spain.\" data-voc-vtm-id=\"in-text-traffic\">\n<\/div><figcaption class=\"v-fc\">\n<span class=\"v-fc__t\"><br \/>\nIt-Spain.<br \/>\n<\/span><br \/>\n<span class=\"v-fc__p\"><br \/>\nPABLO PANIAGUA<br \/>\n<\/span><br \/>\n<\/figcaption><\/div>\n<\/div>\n<\/article>\n<\/div>\n<\/div>\n<p class=\"voc-paragraph\">La colecci\u00f3n configura un ecosistema de t\u00e9cnicas artesanales y reutilizaci\u00f3n de materiales del taller de la firma, logrando as\u00ed <strong>una metodolog\u00eda sostenible<\/strong>, pero que sigue sorprendiendo a su p\u00fablico m\u00e1s fiel, que no ha querido perderse esta experiencia inmersiva en el coraz\u00f3n de Madrid.<\/p>\n<p class=\"voc-paragraph\">*+18. Producto no exento de riesgos y, al usarse con sticks, proporciona nicotina, una sustancia adictiva.<\/p>\n<div class=\"v-c-cmp v-c-cmp--t1 \">\n<div class=\"v-cmp-rld v-cmp-rld--2 \">\n<div class=\"v-cnt-m v-cnt-m--m\">\n<div class=\"v-cnt-m__c\">\n<div class=\"v-cnt-m__w v-cnt-m__w--1\">\n<p class=\"v-cnt-m__t\">\nTAMBI\u00c9N TE INTERESA\n<\/p>\n<\/div>\n<\/div>\n<\/div>\n<div class=\"v-g v-g--2-c v-g--bdr-min-xs\">\n<div class=\"v-g__c \">\n<article class=\"v-a v-a--cmp-rld v-a--cmp-rld-2 v-a--p-l\">\n<div class=\"v-a-img-c\">\n<figure class=\"v-a-fig\">\n<a href=\"https:\/\/www.mujerhoy.com\/moda\/pasarelas\/mejores-looks-impresionantes-desfile-inaugural-omoda-madrid-moda-20260312002439-nt.html#vtm_modulosEngag=mod-rel:moda:noticia:1:cmp:2-not\" class=\"v-a-link\" title=\"OMODA Madrid es Moda arranca con un espectacular desfile en la Plaza de Espa\u00f1a: el futuro de la moda de autor reivindica la artesan\u00eda\"><br \/>\n<img loading=\"lazy\" class=\"v-a-img\" src=\"http:\/\/hoycordobaweb.com\/wp-content\/uploads\/2026\/03\/del-lenguaje-sostenible-de-javier-delafuente-al-universo-folclorico-de-it-spain-asi-fue-la-tercera-jornada-de-omoda-madrid-es-moda-8.jpg\" alt=\"OMODA Madrid es Moda arranca con un espectacular desfile en la Plaza de Espa\u00f1a: el futuro de la moda de autor reivindica la artesan\u00eda\"><br \/>\n<\/a><br \/>\n<\/figure>\n<\/div>\n<\/article>\n<\/div>\n<div class=\"v-g__c \">\n<article class=\"v-a v-a--cmp-rld v-a--cmp-rld-2 v-a--p-l\">\n<div class=\"v-a-img-c\">\n<figure class=\"v-a-fig\">\n<a href=\"https:\/\/www.mujerhoy.com\/moda\/pasarelas\/segunda-jornada-omoda-madrid-es-moda-desfiles-roberto-torretta-daniel-chong-mirto-20260314012412-nt.html#vtm_modulosEngag=mod-rel:moda:noticia:2:cmp:2-not\" class=\"v-a-link\" title=\"De la elegancia atemporal de Mirto al desfile rompedor de Daniel Chong: as\u00ed ha sido la segunda jornada de OMODA Madrid es Moda\"><br \/>\n<img loading=\"lazy\" class=\"v-a-img\" src=\"http:\/\/hoycordobaweb.com\/wp-content\/uploads\/2026\/03\/del-lenguaje-sostenible-de-javier-delafuente-al-universo-folclorico-de-it-spain-asi-fue-la-tercera-jornada-de-omoda-madrid-es-moda-9.jpg\" alt=\"De la elegancia atemporal de Mirto al desfile rompedor de Daniel Chong: as\u00ed ha sido la segunda jornada de OMODA Madrid es Moda\"><br \/>\n<\/a><br \/>\n<\/figure>\n<\/div>\n<\/article>\n<\/div>\n<\/div>\n<\/div>\n<\/div>\n<div class=\"media_block\"><\/div>\n","protected":false},"excerpt":{"rendered":"<p>La moda no descansa y nos deleita con una tercera jornada donde presente y futuro colisionan en esta nueva edici\u00f3n de OMODA Madrid es Moda para mostrar lo mejor de la artesan\u00eda y el savoir faire de nuestros creadores made in Spain. Entre desfiles y presentaciones est\u00e1ticas, el s\u00e1bado ha estado lleno de momentos \u00fanicos, [&hellip;]<\/p>\n","protected":false},"author":1,"featured_media":132949,"comment_status":"closed","ping_status":"closed","sticky":false,"template":"","format":"standard","meta":[],"categories":[],"tags":[],"_links":{"self":[{"href":"http:\/\/hoycordobaweb.com\/index.php\/wp-json\/wp\/v2\/posts\/132948"}],"collection":[{"href":"http:\/\/hoycordobaweb.com\/index.php\/wp-json\/wp\/v2\/posts"}],"about":[{"href":"http:\/\/hoycordobaweb.com\/index.php\/wp-json\/wp\/v2\/types\/post"}],"author":[{"embeddable":true,"href":"http:\/\/hoycordobaweb.com\/index.php\/wp-json\/wp\/v2\/users\/1"}],"replies":[{"embeddable":true,"href":"http:\/\/hoycordobaweb.com\/index.php\/wp-json\/wp\/v2\/comments?post=132948"}],"version-history":[{"count":0,"href":"http:\/\/hoycordobaweb.com\/index.php\/wp-json\/wp\/v2\/posts\/132948\/revisions"}],"wp:featuredmedia":[{"embeddable":true,"href":"http:\/\/hoycordobaweb.com\/index.php\/wp-json\/wp\/v2\/media\/132949"}],"wp:attachment":[{"href":"http:\/\/hoycordobaweb.com\/index.php\/wp-json\/wp\/v2\/media?parent=132948"}],"wp:term":[{"taxonomy":"category","embeddable":true,"href":"http:\/\/hoycordobaweb.com\/index.php\/wp-json\/wp\/v2\/categories?post=132948"},{"taxonomy":"post_tag","embeddable":true,"href":"http:\/\/hoycordobaweb.com\/index.php\/wp-json\/wp\/v2\/tags?post=132948"}],"curies":[{"name":"wp","href":"https:\/\/api.w.org\/{rel}","templated":true}]}}