{"id":132946,"date":"2026-03-14T21:00:00","date_gmt":"2026-03-14T21:00:00","guid":{"rendered":"http:\/\/hoycordobaweb.com\/index.php\/2026\/03\/14\/beca-cabezas-como-postularse-para-estudiar-comunicacion-sin-costo-en-la-usba\/"},"modified":"2026-03-14T21:00:00","modified_gmt":"2026-03-14T21:00:00","slug":"beca-cabezas-como-postularse-para-estudiar-comunicacion-sin-costo-en-la-usba","status":"publish","type":"post","link":"http:\/\/hoycordobaweb.com\/index.php\/2026\/03\/14\/beca-cabezas-como-postularse-para-estudiar-comunicacion-sin-costo-en-la-usba\/","title":{"rendered":"Beca Cabezas: c\u00f3mo postularse para estudiar Comunicaci\u00f3n sin costo en la USBA"},"content":{"rendered":"<div class=\"media_block\"><\/div>\n<div><img src=\"http:\/\/hoycordobaweb.com\/wp-content\/uploads\/2026\/03\/beca-cabezas-como-postularse-para-estudiar-comunicacion-sin-costo-en-la-usba.jpg\" class=\"ff-og-image-inserted\"><\/div>\n<p>La <strong><a target=\"_blank\" href=\"https:\/\/usba.edu.ar\/\" rel=\"noopener noreferrer\">Universidad del Sur de Buenos Aires (USBA<\/a>)<\/strong> abri\u00f3 la convocatoria para participar del concurso por la <strong>Beca Cabezas<\/strong>, una distinci\u00f3n que permite <strong>estudiar sin costo la Licenciatura en <a target=\"_blank\" href=\"https:\/\/usba.edu.ar\/comunicacion-periodistica\/\" rel=\"noopener noreferrer\">Periodismo<\/a> y <a target=\"_blank\" href=\"https:\/\/usba.edu.ar\/comunicacion-institucional\/\" rel=\"noopener noreferrer\">Comunicaci\u00f3n<\/a><\/strong>.<\/p>\n<p>La iniciativa est\u00e1 dirigida a estudiantes que quieran formarse en el <strong>campo de la comunicaci\u00f3n y el periodismo<\/strong> dentro de una propuesta educativa que articula <strong>formaci\u00f3n acad\u00e9mica y experiencia profesional en medios<\/strong>.<\/p>\n<p>La carrera tiene una <strong>duraci\u00f3n de cuatro a\u00f1os<\/strong> y combina <strong>clases presenciales y virtuales<\/strong>, con un enfoque que busca integrar <strong>teor\u00eda, pr\u00e1ctica period\u00edstica y an\u00e1lisis del ecosistema medi\u00e1tico actual<\/strong>.<\/p>\n<div class=\"subscription\" readability=\"6.683257918552\">\n<p> Esto no les gusta a los autoritarios <\/p>\n<div class=\"subscription__container\" readability=\"6.1467391304348\">\n<div class=\"subscription__text-wrapper\" readability=\"31.20652173913\">\n<p> El ejercicio del periodismo profesional y cr\u00edtico es un pilar fundamental de la democracia. Por eso molesta a quienes creen ser los due\u00f1os de la verdad. <\/p>\n<\/p><\/div><\/div><\/div>\n<p>Adem\u00e1s, el plan de estudios incluye un <strong>t\u00edtulo intermedio de T\u00e9cnico Superior Universitario en Comunicaci\u00f3n<\/strong>, que se obtiene luego de completar <strong>los dos primeros a\u00f1os de la carrera<\/strong>.<\/p>\n<p>La sede de la universidad se encuentra en <strong>California 2731, en el barrio de Barracas<\/strong>, dentro del edificio del <strong>Grupo Perfil<\/strong>.<\/p>\n<p>Las aulas funcionan en la <strong>redacci\u00f3n multimedia de Editorial Perfil<\/strong>, donde se producen diversos medios del grupo.<\/p>\n<p>Entre ellos se encuentran el <strong>Diario Perfil<\/strong>, las revistas <strong>Noticias, Caras y Fortuna<\/strong>, y tambi\u00e9n los estudios de <strong>Net TV, Canal E, Caras TV y Radio Perfil<\/strong>.<\/p>\n<p>Este entorno permite que los estudiantes <strong>aprendan comunicaci\u00f3n dentro de un ambiente profesional activo<\/strong>, donde pueden observar y comprender el funcionamiento real de los medios.<\/p>\n<p>Por esta raz\u00f3n, el espacio es considerado <strong>la mayor redacci\u00f3n integrada de Am\u00e9rica del Sur<\/strong>.<\/p>\n<h2>Inscripciones abiertas<\/h2>\n<p>El <strong>Comit\u00e9 Editorial del Grupo Perfil<\/strong>, junto con la <strong>Direcci\u00f3n de la Universidad<\/strong>, ser\u00e1 el encargado de <strong>evaluar las postulaciones y elegir al estudiante que obtendr\u00e1 la beca<\/strong>.<\/p>\n<p>Para participar es necesario <strong>haber completado los estudios secundarios<\/strong>.<\/p>\n<p>Quienes deseen postularse deber\u00e1n enviar <strong>antes del 31 de marzo<\/strong>:<\/p>\n<ul readability=\"-0.5\">\n<li readability=\"-1\">\n<p><strong>Curr\u00edculum Vitae actualizado<\/strong><\/p>\n<\/li>\n<li readability=\"0\">\n<p><strong>Carta de presentaci\u00f3n personal<\/strong>, donde detallen sus <strong>intereses acad\u00e9micos y objetivos profesionales<\/strong><\/p>\n<\/li>\n<\/ul>\n<p>La documentaci\u00f3n debe enviarse a <strong><a href=\"https:\/\/www.perfil.com\/cdn-cgi\/l\/email-protection\" class=\"__cf_email__\" data-cfemail=\"43202c2c31272a2d22202a2c2d03363021226d2627366d2231\">[email&nbsp;protected]<\/a><\/strong>, con el asunto <strong>\u201cBeca Cabezas\u201d<\/strong>.<\/p>\n<h2>Una beca que recuerda a Jos\u00e9 Luis Cabezas<\/h2>\n<p>La <strong>Beca Cabezas<\/strong> rinde homenaje al <strong>fotoperiodista Jos\u00e9 Luis Cabezas<\/strong>, asesinado por su trabajo period\u00edstico en la investigaci\u00f3n de hechos de corrupci\u00f3n.<\/p>\n<p>Inspirada en los valores de la <strong>libertad de expresi\u00f3n y el periodismo comprometido<\/strong>, la beca busca impulsar la formaci\u00f3n de <strong>nuevos comunicadores y periodistas<\/strong>.<\/p>\n<p>En la <strong>Licenciatura en Comunicaci\u00f3n de la USBA<\/strong>, los docentes son <strong>periodistas y profesionales en actividad<\/strong>, lo que permite a los estudiantes aprender el oficio dentro de un <strong>entorno acad\u00e9mico conectado con el ejercicio real del periodismo<\/strong>.<\/p>\n<p class=\"destacadoNota\"><strong>Aprend\u00e9 comunicaci\u00f3n dentro de un medio de comunicaci\u00f3n.<\/strong><\/p>\n","protected":false},"excerpt":{"rendered":"<p>La Universidad del Sur de Buenos Aires (USBA) abri\u00f3 la convocatoria para participar del concurso por la Beca Cabezas, una distinci\u00f3n que permite estudiar sin costo la Licenciatura en Periodismo y Comunicaci\u00f3n. La iniciativa est\u00e1 dirigida a estudiantes que quieran formarse en el campo de la comunicaci\u00f3n y el periodismo dentro de una propuesta educativa [&hellip;]<\/p>\n","protected":false},"author":1,"featured_media":132947,"comment_status":"closed","ping_status":"closed","sticky":false,"template":"","format":"standard","meta":[],"categories":[19],"tags":[],"_links":{"self":[{"href":"http:\/\/hoycordobaweb.com\/index.php\/wp-json\/wp\/v2\/posts\/132946"}],"collection":[{"href":"http:\/\/hoycordobaweb.com\/index.php\/wp-json\/wp\/v2\/posts"}],"about":[{"href":"http:\/\/hoycordobaweb.com\/index.php\/wp-json\/wp\/v2\/types\/post"}],"author":[{"embeddable":true,"href":"http:\/\/hoycordobaweb.com\/index.php\/wp-json\/wp\/v2\/users\/1"}],"replies":[{"embeddable":true,"href":"http:\/\/hoycordobaweb.com\/index.php\/wp-json\/wp\/v2\/comments?post=132946"}],"version-history":[{"count":0,"href":"http:\/\/hoycordobaweb.com\/index.php\/wp-json\/wp\/v2\/posts\/132946\/revisions"}],"wp:featuredmedia":[{"embeddable":true,"href":"http:\/\/hoycordobaweb.com\/index.php\/wp-json\/wp\/v2\/media\/132947"}],"wp:attachment":[{"href":"http:\/\/hoycordobaweb.com\/index.php\/wp-json\/wp\/v2\/media?parent=132946"}],"wp:term":[{"taxonomy":"category","embeddable":true,"href":"http:\/\/hoycordobaweb.com\/index.php\/wp-json\/wp\/v2\/categories?post=132946"},{"taxonomy":"post_tag","embeddable":true,"href":"http:\/\/hoycordobaweb.com\/index.php\/wp-json\/wp\/v2\/tags?post=132946"}],"curies":[{"name":"wp","href":"https:\/\/api.w.org\/{rel}","templated":true}]}}