{"id":132932,"date":"2026-03-14T23:30:55","date_gmt":"2026-03-14T23:30:55","guid":{"rendered":"https:\/\/www.ole.com.ar\/futbol-internacional\/italia\/benjamin-cremaschi-grave-lesion-afuera-mundial_0_4v1QU9q0M2.html"},"modified":"2026-03-14T23:30:55","modified_gmt":"2026-03-14T23:30:55","slug":"la-grave-lesion-que-sufrio-benjamin-cremaschi-que-lo-podria-dejar-afuera-del-mundial","status":"publish","type":"post","link":"http:\/\/hoycordobaweb.com\/index.php\/2026\/03\/14\/la-grave-lesion-que-sufrio-benjamin-cremaschi-que-lo-podria-dejar-afuera-del-mundial\/","title":{"rendered":"La grave lesi\u00f3n que sufri\u00f3 Benjam\u00edn Cremaschi que lo podr\u00eda dejar afuera del Mundial"},"content":{"rendered":"<p><img src=\"http:\/\/hoycordobaweb.com\/wp-content\/uploads\/2026\/03\/la-grave-lesion-que-sufrio-benjamin-cremaschi-que-lo-podria-dejar-afuera-del-mundial.jpg\"><\/p>\n<p><time class=\"createDate\" datetime=\"2026-03-14T20:30:55-03:00\">14\/03\/2026 20:30hs.<\/time><\/p>\n<div id=\"storyBody\">\n<div id=\"element-body-0\" class=\"sc-136cd478-0 ekTCfV\" readability=\"33.799126637555\">\n<p><strong><a href=\"https:\/\/www.ole.com.ar\/tema\/benjamin-cremaschi.html\" title=\"Benjam\u00edn Cremaschi\" alt=\"Benjam\u00edn Cremaschi\" class=\"slug\">Benjam\u00edn Cremaschi<\/a><\/strong>recibi\u00f3 un golpazo a poco m\u00e1s de 90 d\u00edas para el <a href=\"https:\/\/www.ole.com.ar\/tema\/mundial-2026.html\" title=\"Mundial 2026\" alt=\"Mundial 2026\" class=\"slug\">Mundial<\/a>. El jugador del <a href=\"https:\/\/www.ole.com.ar\/tema\/parma.html\" title=\"Parma\" alt=\"Parma\" class=\"slug\">Parma<\/a>, que representa a la <a href=\"https:\/\/www.ole.com.ar\/tema\/seleccion-de-estados-unidos.html\" title=\"Selecci\u00f3n de Estados Unidos\" alt=\"Selecci\u00f3n de Estados Unidos\" class=\"slug\"> selecci\u00f3n de Estados Unidos<\/a>, hab\u00eda sufrido una lesi\u00f3n ante el Torino que hac\u00eda sospechar que ten\u00eda algo grave y, este s\u00e1bado, se confirm\u00f3 la mala noticia: el parte m\u00e9dico arroj\u00f3 que el volante sufri\u00f3 una <strong>\u00abrotura del menisco externo de la rodilla izquierda\u00bb. De esta manera, su presencia en el <a href=\"https:\/\/www.ole.com.ar\/tema\/mundial-2026.html\" title=\"Mundial 2026\" alt=\"Mundial 2026\" class=\"slug\">Mundial 2026<\/a> pende de un milagro.<\/strong><\/p>\n<\/div>\n<div id=\"element-body-1\" class=\"sc-136cd478-0 ekTCfV\" readability=\"35.412186379928\">\n<p><strong>Un baldazo de agua fr\u00eda para el futbolista<\/strong>, que se ilusionaba con llegar en buen ritmo a la Copa del Mundo, <strong>y para<\/strong> <strong><a href=\"https:\/\/www.ole.com.ar\/tema\/mauricio-pochettino.html\" title=\"Mauricio Pochettino\" alt=\"Mauricio Pochettino\" class=\"slug\">Mauricio Pochettino<\/a><\/strong>, ya que Cremaschi es clave en el esquema del entrenador, que tendr\u00e1 que esperar hasta \u00faltimo momento para saber si puede o no contar con \u00e9l.<\/p>\n<\/div>\n<div id=\"element-body-2\" class=\"sc-136cd478-0 ekTCfV\" readability=\"40\">\n<p>En caso de que sea una baja confirmada, el DT tendr\u00e1 que definir qui\u00e9n ingresar\u00e1 en su lugar, algo que se podr\u00eda conocer en la siguiente fecha FIFA, que se realizar\u00e1 sobre finales de marzo. <strong>En estos d\u00edas, Estados Unidos se enfrentar\u00e1 a B\u00e9lgica (28\/3) y Portugal (31\/3), por dos amistosos preparativos de cara a la cita mundialista. <\/strong><\/p>\n<\/div>\n<div class=\"sc-e7b891c4-0 ifHnQL image-embed\" id=\"element-body-3\"><img alt=\"As\u00ed se retir\u00f3 Cremaschi. (Captura de pantalla de transmisi\u00f3n oficial)\" loading=\"lazy\" width=\"720\" height=\"100\" decoding=\"async\" data-nimg=\"1\" src=\"http:\/\/hoycordobaweb.com\/wp-content\/uploads\/2026\/03\/la-grave-lesion-que-sufrio-benjamin-cremaschi-que-lo-podria-dejar-afuera-del-mundial-2.jpg\"><span class=\"epigraphe\">As\u00ed se retir\u00f3 Cremaschi. (Captura de pantalla de transmisi\u00f3n oficial)<\/span><\/div>\n<div id=\"element-body-4\" class=\"sc-136cd478-0 ekTCfV\" readability=\"37\">\n<p>Quedan poco menos de tres meses para el partido inaugural, entre M\u00e9xico y Sud\u00e1frica, y el combinado de Barras y Estrellas contin\u00faa recibiendo malas noticias. <strong>Mucha mala suerte para uno de los anfitriones de esta Copa del Mundo, que a falta de poco para su estreno podr\u00eda sufrir una baja de peso.<\/strong><\/p>\n<\/div>\n<div id=\"element-body-5\" class=\"sc-136cd478-0 ekTCfV\" readability=\"39\">\n<p>Ahora bien, <strong>\u00bfpor qu\u00e9 a\u00fan no se puede confirmar la presencia o ausencia de Cremaschi en el Mundial?<\/strong> Porque todo depender\u00e1 de su recuperaci\u00f3n y la decisi\u00f3n que tomen el club italiano y el propio futbolista: <strong> si lo operan o no.<\/strong> En caso de que haya una <strong>cirug\u00eda <\/strong>de por medio, el volante estar\u00e1 entre <strong>3 a 5 meses afuera de las canchas<\/strong>, y por ende no ir\u00e1 al Mundial. Pero si evita la cirug\u00eda, podr\u00eda regresar antes y jugar la Copa del Mundo.<\/p>\n<\/div>\n<div class=\"sc-e7b891c4-0 ifHnQL image-embed\" id=\"element-body-6\"><img alt=\"Cremaschi y la carrera contrarreloj para jugar el Mundial. (EFE\/ Elvis Gonz\u00e1lez)\" loading=\"lazy\" width=\"720\" height=\"100\" decoding=\"async\" data-nimg=\"1\" src=\"http:\/\/hoycordobaweb.com\/wp-content\/uploads\/2026\/03\/la-grave-lesion-que-sufrio-benjamin-cremaschi-que-lo-podria-dejar-afuera-del-mundial-3.jpg\"><span class=\"epigraphe\">Cremaschi y la carrera contrarreloj para jugar el Mundial. (EFE\/ Elvis Gonz\u00e1lez)<\/span><\/div>\n<div id=\"element-body-7\" class=\"sc-136cd478-0 ekTCfV\" readability=\"39\">\n<p>Para esto \u00faltimo, Cremaschi deber\u00eda hacer <strong>reposo, fisioterapia y fortalecimiento <\/strong>(en esta situaci\u00f3n regresar\u00eda al verde c\u00e9sped dentro de 4 a 8 semanas). Y la otra posibilidad que existe para que juegue con Estados Unidos es si le realiza una <strong>meniscectom\u00eda parcial <\/strong>(le quitan la parte rota); los tiempos de recuperaci\u00f3n ser\u00edan de 6 a 8 semanas. Estos son los <strong>dos escenarios optimistas <\/strong>que se le presentan al futbolista, aunque no solo basta con tomar una decisi\u00f3n y listo: si la rotura es grave, tendr\u00e1 que operarse. Y eso analizar\u00e1n en las pr\u00f3ximas horas. <\/p>\n<\/div>\n<p><h2><strong>El comunicado de Parma luego de la lesi\u00f3n de Benjam\u00edn Cremaschi<\/strong><\/h2>\n<\/p>\n<div id=\"element-body-9\" class=\"sc-136cd478-0 ekTCfV\" readability=\"36\">\n<p>Tras la lesi\u00f3n sufrida en el partido de ayer (por este viernes) entre el Torino y el Parma, Benjamin Cremaschi se someti\u00f3 hoy a pruebas instrumentales y a un examen ortop\u00e9dico, que revel\u00f3 una rotura del menisco externo de la rodilla izquierda.<\/p>\n<\/div>\n<div id=\"element-body-10\" class=\"sc-136cd478-0 ekTCfV\" readability=\"34\">\n<p>En los pr\u00f3ximos d\u00edas se establecer\u00e1n los pasos necesarios para que el jugador retome la actividad competitiva, incluida una evaluaci\u00f3n quir\u00fargica.<\/p>\n<\/div>\n<div class=\"sc-e7b891c4-0 ifHnQL image-embed\" id=\"element-body-11\"><img alt=\"El comunicado oficial del Parma sobre la lesi\u00f3n de Cremaschi. (@1913parmacalcio)\" loading=\"lazy\" width=\"720\" height=\"100\" decoding=\"async\" data-nimg=\"1\" src=\"http:\/\/hoycordobaweb.com\/wp-content\/uploads\/2026\/03\/la-grave-lesion-que-sufrio-benjamin-cremaschi-que-lo-podria-dejar-afuera-del-mundial-4.jpg\"><span class=\"epigraphe\">El comunicado oficial del Parma sobre la lesi\u00f3n de Cremaschi. (@1913parmacalcio)<\/span><\/div>\n<div id=\"element-body-12\" class=\"sc-a7166897-0 eoLsBE\" readability=\"31\">\n<section readability=\"2\"><picture><img alt=\"Los 900 pueden esperar: Messi no viaj\u00f3 para jugar con Charlotte\" loading=\"lazy\" width=\"290\" height=\"290\" decoding=\"async\" data-nimg=\"1\" src=\"http:\/\/hoycordobaweb.com\/wp-content\/uploads\/2026\/03\/la-grave-lesion-que-sufrio-benjamin-cremaschi-que-lo-podria-dejar-afuera-del-mundial-5.jpg\"><\/picture>\n<p><span>Mir\u00e1 tambi\u00e9n<\/span><\/p>\n<hr>\n<h3>Los 900 pueden esperar: Messi no viaj\u00f3 para jugar con Charlotte<\/h3>\n<\/p>\n<\/section>\n<\/div>\n<div id=\"element-body-13\" class=\"sc-a7166897-0 eoLsBE\" readability=\"31\">\n<section readability=\"2\"><picture><img alt=\"La reacci\u00f3n de Messi tras la primera victoria de Leones\" loading=\"lazy\" width=\"290\" height=\"290\" decoding=\"async\" data-nimg=\"1\" src=\"http:\/\/hoycordobaweb.com\/wp-content\/uploads\/2026\/03\/la-grave-lesion-que-sufrio-benjamin-cremaschi-que-lo-podria-dejar-afuera-del-mundial-6.jpg\"><\/picture>\n<p><span>Mir\u00e1 tambi\u00e9n<\/span><\/p>\n<hr>\n<h3>La reacci\u00f3n de Messi tras la primera victoria de Leones<\/h3>\n<\/p>\n<\/section>\n<\/div>\n<div id=\"element-body-14\" class=\"sc-a7166897-0 eoLsBE\" readability=\"31.5\">\n<section readability=\"3\"><picture><img alt=\"Video: el jugador del Getafe que fue expulsado por pellizcarle los genitales a un rival\" loading=\"lazy\" width=\"290\" height=\"290\" decoding=\"async\" data-nimg=\"1\" src=\"http:\/\/hoycordobaweb.com\/wp-content\/uploads\/2026\/03\/la-grave-lesion-que-sufrio-benjamin-cremaschi-que-lo-podria-dejar-afuera-del-mundial-7.jpg\"><\/picture>\n<p><span>Mir\u00e1 tambi\u00e9n<\/span><\/p>\n<hr>\n<h3>Video: el jugador del Getafe que fue expulsado por pellizcarle los genitales a un rival<\/h3>\n<\/p>\n<\/section>\n<\/div>\n<\/div>\n","protected":false},"excerpt":{"rendered":"<p>14\/03\/2026 20:30hs. Benjam\u00edn Cremaschirecibi\u00f3 un golpazo a poco m\u00e1s de 90 d\u00edas para el Mundial. El jugador del Parma, que representa a la selecci\u00f3n de Estados Unidos, hab\u00eda sufrido una lesi\u00f3n ante el Torino que hac\u00eda sospechar que ten\u00eda algo grave y, este s\u00e1bado, se confirm\u00f3 la mala noticia: el parte m\u00e9dico arroj\u00f3 que el [&hellip;]<\/p>\n","protected":false},"author":1,"featured_media":132933,"comment_status":"open","ping_status":"closed","sticky":false,"template":"","format":"standard","meta":[],"categories":[16],"tags":[],"_links":{"self":[{"href":"http:\/\/hoycordobaweb.com\/index.php\/wp-json\/wp\/v2\/posts\/132932"}],"collection":[{"href":"http:\/\/hoycordobaweb.com\/index.php\/wp-json\/wp\/v2\/posts"}],"about":[{"href":"http:\/\/hoycordobaweb.com\/index.php\/wp-json\/wp\/v2\/types\/post"}],"author":[{"embeddable":true,"href":"http:\/\/hoycordobaweb.com\/index.php\/wp-json\/wp\/v2\/users\/1"}],"replies":[{"embeddable":true,"href":"http:\/\/hoycordobaweb.com\/index.php\/wp-json\/wp\/v2\/comments?post=132932"}],"version-history":[{"count":0,"href":"http:\/\/hoycordobaweb.com\/index.php\/wp-json\/wp\/v2\/posts\/132932\/revisions"}],"wp:featuredmedia":[{"embeddable":true,"href":"http:\/\/hoycordobaweb.com\/index.php\/wp-json\/wp\/v2\/media\/132933"}],"wp:attachment":[{"href":"http:\/\/hoycordobaweb.com\/index.php\/wp-json\/wp\/v2\/media?parent=132932"}],"wp:term":[{"taxonomy":"category","embeddable":true,"href":"http:\/\/hoycordobaweb.com\/index.php\/wp-json\/wp\/v2\/categories?post=132932"},{"taxonomy":"post_tag","embeddable":true,"href":"http:\/\/hoycordobaweb.com\/index.php\/wp-json\/wp\/v2\/tags?post=132932"}],"curies":[{"name":"wp","href":"https:\/\/api.w.org\/{rel}","templated":true}]}}