{"id":132930,"date":"2026-03-15T00:33:05","date_gmt":"2026-03-15T00:33:05","guid":{"rendered":"https:\/\/www.ole.com.ar\/seleccion\/inter-miami-seleccion-argentina-lionel-messi-rodrigo-paul-mascherano-mundial_0_EXYpQETBhu.html"},"modified":"2026-03-15T00:33:05","modified_gmt":"2026-03-15T00:33:05","slug":"messi-y-una-ausencia-estrategica-en-el-inter-miami-con-la-mira-en-el-mundial","status":"publish","type":"post","link":"http:\/\/hoycordobaweb.com\/index.php\/2026\/03\/15\/messi-y-una-ausencia-estrategica-en-el-inter-miami-con-la-mira-en-el-mundial\/","title":{"rendered":"Messi y una ausencia estrat\u00e9gica en el Inter Miami con la mira en el Mundial"},"content":{"rendered":"<p><img src=\"http:\/\/hoycordobaweb.com\/wp-content\/uploads\/2026\/03\/messi-y-una-ausencia-estrategica-en-el-inter-miami-con-la-mira-en-el-mundial.jpg\"><\/p>\n<p><span class=\"createDate\">14\/03\/2026 21:33hs.<\/span><time class=\"modificatedDate\" datetime=\"2026-03-14T21:38:56-03:00\"> Actualizado al 14\/03\/2026 21:38hs.<\/time><\/p>\n<div id=\"storyBody\">\n<div id=\"element-body-0\" class=\"sc-136cd478-0 ekTCfV\" readability=\"39\">\n<p>Alarmas encendidas. En el a\u00f1o del Mundial, cualquier noticia que tenga que ver con un jugador de la Selecci\u00f3n Argentina es digna de atenci\u00f3n. Es por ello que los corazones se paralizaron ayer por la tarde, cuando el Inter Miami anunci\u00f3 <strong>que ni Lionel Messi ni Rodrigo De Paul son parte de la delegaci\u00f3n que viaj\u00f3 a enfrentar a Charlotte por la cuarta fecha de la MLS.<\/strong> M\u00e1s all\u00e1 de que se especulaba con que los campeones del mundo viajar\u00e1n el d\u00eda de partido a diferencia del resto del plantel, que aterriz\u00f3 el viernes, finalmente no lo hicieron.<\/p>\n<\/div>\n<p><h2>Messi y De Paul no viajaron a Charlotte <\/h2>\n<\/p>\n<div id=\"element-body-2\" class=\"sc-136cd478-0 ekTCfV\" readability=\"38\">\n<p>Sin embargo, lo cierto es que la ausencia de Leo y RDP fue simplemente por precauci\u00f3n. <strong>Desde el cuerpo t\u00e9cnico de Javier Mascherano decidieron que ambos deb\u00edan quedarse en Miami para recuperar energ\u00eda de cara al cruce del pr\u00f3ximo mi\u00e9rcoles <\/strong>ante Nashville por la vuelta de los octavos de final de la Concachampions, el gran objetivo de la temporada, tras la igualdad 1-1 en la ida.<\/p>\n<\/div>\n<div class=\"sc-e7b891c4-0 ifHnQL image-embed\" id=\"element-body-3\"><img alt=\"Mar 11, 2026; Nashville, Tennessee, USA; Inter Miami CF forward Lionel Messi (10) attacks as Nashville SC defender Maxwell Woledzi (3) defends during their 2026 Concacaf Champions Cup Round of 16 Leg 1 game at GEODIS Park. Mandatory Credit: Alan Poizner-Imagn Images\" loading=\"lazy\" width=\"720\" height=\"100\" decoding=\"async\" data-nimg=\"1\" src=\"http:\/\/hoycordobaweb.com\/wp-content\/uploads\/2026\/03\/messi-y-una-ausencia-estrategica-en-el-inter-miami-con-la-mira-en-el-mundial-2.jpg\"><span class=\"epigraphe\">Mar 11, 2026; Nashville, Tennessee, USA; Inter Miami CF forward Lionel Messi (10) attacks as Nashville SC defender Maxwell Woledzi (3) defends during their 2026 Concacaf Champions Cup Round of 16 Leg 1 game at GEODIS Park. Mandatory Credit: Alan Poizner-Imagn Images<\/span><\/div>\n<div id=\"element-body-4\" class=\"sc-136cd478-0 ekTCfV\" readability=\"37\">\n<p>Cabe destacar que tanto Leo como Rodrigo fueron parte de todos los cuatro partidos oficiales de la actual temporada y sumaron la totalidad de los minutos. <strong> Ante ello y un encuentro que se iba a disputar en el Bank of America, cancha de c\u00e9sped artificial, Masche tom\u00f3 la decisi\u00f3n de darles descanso. <\/strong><\/p>\n<\/div>\n<p><h2>Parar para no sufrir ning\u00fan imprevisto<\/h2>\n<\/p>\n<div id=\"element-body-6\" class=\"sc-136cd478-0 ekTCfV\" readability=\"40\">\n<p>A su vez, Messi viene de recuperarse de un desgarro en el isquiotibial de la pierna izquierda, algo que hab\u00eda obligado a postergar el encuentro amistoso frente a Independiente del Valle. <strong>Si bien el 10 no se resinti\u00f3, lo cierto es que la seguidilla de cinco partidos en menos de dos semanas, pueden llegar a traer efectos inesperados, algo que se quiere evitar a toda costa a 90 d\u00edas del comienzo del Mundial 2026.<\/strong><\/p>\n<\/div>\n<div class=\"sc-e7b891c4-0 ifHnQL image-embed\" id=\"element-body-7\"><img alt=\"De Paul tambi\u00e9n se qued\u00f3 en Miami. (AP Photo\/Stephanie Scarbrough)\" loading=\"lazy\" width=\"720\" height=\"100\" decoding=\"async\" data-nimg=\"1\" src=\"http:\/\/hoycordobaweb.com\/wp-content\/uploads\/2026\/03\/messi-y-una-ausencia-estrategica-en-el-inter-miami-con-la-mira-en-el-mundial-3.jpg\"><span class=\"epigraphe\">De Paul tambi\u00e9n se qued\u00f3 en Miami. (AP Photo\/Stephanie Scarbrough)<\/span><\/div>\n<div id=\"element-body-8\" class=\"sc-a7166897-0 eoLsBE\" readability=\"31\">\n<section readability=\"2\"><picture><img alt=\"\u00bfQu\u00e9 planes tiene la Selecci\u00f3n Argentina si no se juega la Finalissima? \" loading=\"lazy\" width=\"290\" height=\"290\" decoding=\"async\" data-nimg=\"1\" src=\"http:\/\/hoycordobaweb.com\/wp-content\/uploads\/2026\/03\/messi-y-una-ausencia-estrategica-en-el-inter-miami-con-la-mira-en-el-mundial-4.jpg\"><\/picture>\n<p><span>Mir\u00e1 tambi\u00e9n<\/span><\/p>\n<hr>\n<h3>\u00bfQu\u00e9 planes tiene la Selecci\u00f3n Argentina si no se juega la Finalissima?<br \/>\n<\/h3>\n<\/p>\n<\/section>\n<\/div>\n<div id=\"element-body-9\" class=\"sc-a7166897-0 eoLsBE\" readability=\"31\">\n<section readability=\"2\"><picture><img alt=\"Banfield sorprende en Rosario y le gana a Central\" loading=\"lazy\" width=\"290\" height=\"290\" decoding=\"async\" data-nimg=\"1\" src=\"http:\/\/hoycordobaweb.com\/wp-content\/uploads\/2026\/03\/messi-y-una-ausencia-estrategica-en-el-inter-miami-con-la-mira-en-el-mundial-5.jpg\"><\/picture>\n<p><span>Mir\u00e1 tambi\u00e9n<\/span><\/p>\n<hr>\n<h3>Banfield sorprende en Rosario y le gana a Central<\/h3>\n<\/p>\n<\/section>\n<\/div>\n<div id=\"element-body-10\" class=\"sc-a7166897-0 eoLsBE\" readability=\"31.5\">\n<section readability=\"3\"><picture><img alt=\"Respira Godoy Cruz: volvi\u00f3 a ganar tras 13 partidos y cort\u00f3 una larcha racha en el Gambarte\" loading=\"lazy\" width=\"290\" height=\"290\" decoding=\"async\" data-nimg=\"1\" src=\"http:\/\/hoycordobaweb.com\/wp-content\/uploads\/2026\/03\/messi-y-una-ausencia-estrategica-en-el-inter-miami-con-la-mira-en-el-mundial-6.jpg\"><\/picture>\n<p><span>Mir\u00e1 tambi\u00e9n<\/span><\/p>\n<hr>\n<h3>Respira Godoy Cruz: volvi\u00f3 a ganar tras 13 partidos y cort\u00f3 una larcha racha en el Gambarte<\/h3>\n<\/p>\n<\/section>\n<\/div>\n<\/div>\n","protected":false},"excerpt":{"rendered":"<p>14\/03\/2026 21:33hs. Actualizado al 14\/03\/2026 21:38hs. Alarmas encendidas. En el a\u00f1o del Mundial, cualquier noticia que tenga que ver con un jugador de la Selecci\u00f3n Argentina es digna de atenci\u00f3n. Es por ello que los corazones se paralizaron ayer por la tarde, cuando el Inter Miami anunci\u00f3 que ni Lionel Messi ni Rodrigo De Paul [&hellip;]<\/p>\n","protected":false},"author":1,"featured_media":132931,"comment_status":"open","ping_status":"closed","sticky":false,"template":"","format":"standard","meta":[],"categories":[16],"tags":[],"_links":{"self":[{"href":"http:\/\/hoycordobaweb.com\/index.php\/wp-json\/wp\/v2\/posts\/132930"}],"collection":[{"href":"http:\/\/hoycordobaweb.com\/index.php\/wp-json\/wp\/v2\/posts"}],"about":[{"href":"http:\/\/hoycordobaweb.com\/index.php\/wp-json\/wp\/v2\/types\/post"}],"author":[{"embeddable":true,"href":"http:\/\/hoycordobaweb.com\/index.php\/wp-json\/wp\/v2\/users\/1"}],"replies":[{"embeddable":true,"href":"http:\/\/hoycordobaweb.com\/index.php\/wp-json\/wp\/v2\/comments?post=132930"}],"version-history":[{"count":0,"href":"http:\/\/hoycordobaweb.com\/index.php\/wp-json\/wp\/v2\/posts\/132930\/revisions"}],"wp:featuredmedia":[{"embeddable":true,"href":"http:\/\/hoycordobaweb.com\/index.php\/wp-json\/wp\/v2\/media\/132931"}],"wp:attachment":[{"href":"http:\/\/hoycordobaweb.com\/index.php\/wp-json\/wp\/v2\/media?parent=132930"}],"wp:term":[{"taxonomy":"category","embeddable":true,"href":"http:\/\/hoycordobaweb.com\/index.php\/wp-json\/wp\/v2\/categories?post=132930"},{"taxonomy":"post_tag","embeddable":true,"href":"http:\/\/hoycordobaweb.com\/index.php\/wp-json\/wp\/v2\/tags?post=132930"}],"curies":[{"name":"wp","href":"https:\/\/api.w.org\/{rel}","templated":true}]}}