{"id":132919,"date":"2026-03-13T12:11:02","date_gmt":"2026-03-13T12:11:02","guid":{"rendered":"https:\/\/ladecimaweb.com\/?p=33935"},"modified":"2026-03-13T12:11:02","modified_gmt":"2026-03-13T12:11:02","slug":"matan-a-un-policia-al-confundirlo-con-un-ladron","status":"publish","type":"post","link":"http:\/\/hoycordobaweb.com\/index.php\/2026\/03\/13\/matan-a-un-policia-al-confundirlo-con-un-ladron\/","title":{"rendered":"Matan a un polic\u00eda al confundirlo con un ladr\u00f3n"},"content":{"rendered":"<div class=\"boldgrid-section\">\n<div class=\"container\">\n<div class=\"row\">\n<div class=\"col-md-12 col-xs-12 col-sm-12\">\n<p class=\"\"><strong>Un polic\u00eda de 56 a\u00f1os muri\u00f3<span>&nbsp;<\/span><\/strong><strong>tras recibir un disparo<\/strong><span>&nbsp;<\/span>en un confuso episodio ocurrido en<span>&nbsp;<\/span><strong>barrio Villa Belgrano<\/strong>, en la zona norte de la ciudad de C\u00f3rdoba.<\/p>\n<p class=\"\">El episodio se registr\u00f3 el jueves a la noche en una vivienda ubicada en<span>&nbsp;<\/span><strong>calles Neper y Avogadro<\/strong>. En ese lugar, la v\u00edctima identificada como<span>&nbsp;<\/span><strong>Luis Azabal<\/strong>, hab\u00eda llegado junto a otros efectivos luego de que les avisaran sobre un asalto en un domicilio.<\/p>\n<p class=\"\">En esas circunstancias<span>&nbsp;<\/span><strong>el due\u00f1o de casa habr\u00eda efectuado un disparo al confundir al polic\u00eda con un ladr\u00f3n<\/strong>. Azabal fue trasladado hasta el<span>&nbsp;<\/span><strong>Sanatorio Allende<\/strong><span>&nbsp;<\/span>del<strong><span>&nbsp;<\/span>barrio Cerro de las Rosas<\/strong>, donde luego muri\u00f3.<\/p>\n<p class=\"\">El supuesto agresor es un<span>&nbsp;<\/span><strong>empresario que qued\u00f3 detenido imputado por &#8220;homicidio agravado por el uso de arma de fuego&#8221;<\/strong>, se\u00f1alaron fuentes policiales.<\/p>\n<p>&nbsp;<\/p>\n<p class=\"\">\n<div class=\"ubm_banner\"><a href=\"https:\/\/www.epec.com.ar\/\" target=\"_self\" rel=\"dofollow noopener noreferrer\"><img src=\"http:\/\/hoycordobaweb.com\/wp-content\/uploads\/2026\/03\/matan-a-un-policia-al-confundirlo-con-un-ladron.gif\" alt=\"\"><\/a><\/div>\n<\/div>\n<\/div>\n<\/div>\n<\/div>\n<p>La entrada <a rel=\"nofollow\" href=\"https:\/\/ladecimaweb.com\/matan-a-un-policia-al-confundirlo-con-un-ladron\/\">Matan a un polic\u00eda al confundirlo con un ladr\u00f3n<\/a> se public\u00f3 primero en <a rel=\"nofollow\" href=\"https:\/\/ladecimaweb.com\">LaDecima<\/a>.<\/p>\n","protected":false},"excerpt":{"rendered":"<p>Un polic\u00eda de 56 a\u00f1os muri\u00f3&nbsp;tras recibir un disparo&nbsp;en un confuso episodio ocurrido en&nbsp;barrio Villa Belgrano, en la zona norte de la ciudad de C\u00f3rdoba. El episodio se registr\u00f3 el jueves a la noche en una vivienda ubicada en&nbsp;calles Neper y Avogadro. En ese lugar, la v\u00edctima identificada como&nbsp;Luis Azabal, hab\u00eda llegado junto a otros [&hellip;]<\/p>\n","protected":false},"author":1,"featured_media":0,"comment_status":"closed","ping_status":"closed","sticky":false,"template":"","format":"standard","meta":[],"categories":[32],"tags":[],"_links":{"self":[{"href":"http:\/\/hoycordobaweb.com\/index.php\/wp-json\/wp\/v2\/posts\/132919"}],"collection":[{"href":"http:\/\/hoycordobaweb.com\/index.php\/wp-json\/wp\/v2\/posts"}],"about":[{"href":"http:\/\/hoycordobaweb.com\/index.php\/wp-json\/wp\/v2\/types\/post"}],"author":[{"embeddable":true,"href":"http:\/\/hoycordobaweb.com\/index.php\/wp-json\/wp\/v2\/users\/1"}],"replies":[{"embeddable":true,"href":"http:\/\/hoycordobaweb.com\/index.php\/wp-json\/wp\/v2\/comments?post=132919"}],"version-history":[{"count":0,"href":"http:\/\/hoycordobaweb.com\/index.php\/wp-json\/wp\/v2\/posts\/132919\/revisions"}],"wp:attachment":[{"href":"http:\/\/hoycordobaweb.com\/index.php\/wp-json\/wp\/v2\/media?parent=132919"}],"wp:term":[{"taxonomy":"category","embeddable":true,"href":"http:\/\/hoycordobaweb.com\/index.php\/wp-json\/wp\/v2\/categories?post=132919"},{"taxonomy":"post_tag","embeddable":true,"href":"http:\/\/hoycordobaweb.com\/index.php\/wp-json\/wp\/v2\/tags?post=132919"}],"curies":[{"name":"wp","href":"https:\/\/api.w.org\/{rel}","templated":true}]}}