{"id":132898,"date":"2026-03-13T15:20:30","date_gmt":"2026-03-13T15:20:30","guid":{"rendered":"https:\/\/www.mujerhoy.com\/moda\/pasarelas\/juana-martin-mejor-disenadora-espanola-triunfa-alta-costura-paris-desfile-omoda-madrid-es-moda-20260313155924-nt.html"},"modified":"2026-03-13T15:20:30","modified_gmt":"2026-03-13T15:20:30","slug":"juana-martin-de-la-alta-costura-de-paris-a-omoda-madrid-es-moda-es-increible-ver-el-valor-que-dan-fuera-de-espana-a-nuestras-tradiciones","status":"publish","type":"post","link":"http:\/\/hoycordobaweb.com\/index.php\/2026\/03\/13\/juana-martin-de-la-alta-costura-de-paris-a-omoda-madrid-es-moda-es-increible-ver-el-valor-que-dan-fuera-de-espana-a-nuestras-tradiciones\/","title":{"rendered":"Juana Mart\u00edn, de la Alta Costura de Par\u00eds a OMODA Madrid es Moda: \u00abEs incre\u00edble ver el valor que dan fuera de Espa\u00f1a a nuestras tradiciones\u00bb"},"content":{"rendered":"<p><!-- AUTHOR --><\/p>\n<div class=\"voc-author-timesocial \">\n<!-- AUTHOR --><\/p>\n<div class=\"voc-author-timesocial__signature \">\n<!-- IMAGE AUTHOR -->\n<picture class=\"voc-image-signature\">\n<img class=\"voc-image-signature__img\" src=\"http:\/\/hoycordobaweb.com\/wp-content\/uploads\/2026\/03\/juana-martin-de-la-alta-costura-de-paris-a-omoda-madrid-es-moda-es-increible-ver-el-valor-que-dan-fuera-de-espana-a-nuestras-tradiciones.jpg\" alt=\"Ana Calvo\">\n<\/picture>\n<!-- INFO AUTHOR --><\/p>\n<div class=\"voc-author-timesocial__info\" data-mrf-recirculation=\"Autor\">\n<div class=\"voc-author-info\">\n<author><br \/>\n<a class=\"voc-author\" href=\"https:\/\/www.mujerhoy.com\/autor\/ana-calvo-1186.html\">Ana Calvo<\/a><br \/>\n<\/author><br \/>\n<!-- TIME --><br \/>\n<time datetime=\"2026-03-13T15:20:30Z\" data-timestamp><br \/>\nPublicado \u00b7 <span data-voc-date-modified-short> 13 de marzo de 2026, 16:20 h <\/span><br \/>\n<\/time>\n<\/div>\n<\/div>\n<\/div><\/div>\n<p><!-- COMPONENTS --><\/p>\n<p class=\"voc-paragraph\">Lo que hace <strong>Juana Mart\u00edn<\/strong> sobre la pasarela no es solo moda, es mucho m\u00e1s. La dise\u00f1adora cordobesa, la \u00fanica espa\u00f1ola que <a href=\"https:\/\/www.mujerhoy.com\/lujo-slow\/juana-martin-unica-mujer-disenadora-espanola-desfilar-alta-costura-paris-20230703081913-nt.html\" title=\"www.mujerhoy.com\" data-voc-vtm-id=\"in-text-traffic\" data-mrf-link=\"www.mujerhoy.com\">desfila en la Alta Costura de Par\u00eds<\/a>, hace arte y magia. Porque Juana Mart\u00edn hace so\u00f1ar y vibrar con cada una de sus propuestas. Emociona en el sentido m\u00e1s amplio del t\u00e9rmino con cada uno de sus dise\u00f1os. Hace \u00e9pica en cada desfile. Y en el \u00faltimo, con el que la cordobesa ha vuelto a <a href=\"https:\/\/www.mujerhoy.com\/moda\/pasarelas\/mejores-looks-impresionantes-desfile-inaugural-omoda-madrid-moda-20260312002439-nt.html\" title=\"www.mujerhoy.com\" data-voc-vtm-id=\"in-text-traffic\" data-mrf-link=\"www.mujerhoy.com\">OMODA Madrid es Moda<\/a>, lo ha demostrado una vez m\u00e1s.<\/p>\n<p class=\"voc-paragraph\">Juana Mart\u00edn, <a href=\"https:\/\/www.mujerhoy.com\/actualidad\/juana-martin-premio-nacional-diseno-moda-alta-costura-paris-20250715130747-nt.html\" title=\"www.mujerhoy.com\" data-voc-vtm-id=\"in-text-traffic\" data-mrf-link=\"www.mujerhoy.com\">Premio Nacional de Dise\u00f1o de Moda en 2025<\/a> y actual Premio L&#8217;Or\u00e9al Paris \u00abT\u00fa lo Vales\u00bb, llegaba de triunfar una edici\u00f3n m\u00e1s en la Alta Costura de Par\u00eds, la pasarela m\u00e1s exclusiva del circuito internacional, para coronarse en la primera jornada de OMODA Madrid es Moda con <strong>su colecci\u00f3n Herencia<\/strong>, una fantas\u00eda inspirada en las flores y en la tradici\u00f3n de la Andaluc\u00eda m\u00e1s flamenca. En sus ra\u00edces. \u00abMi ADN de marca es la tradici\u00f3n, la cultura\u00bb, nos confiesa poco antes de su desfile en el Museo de la Real Academia de las Bellas Artes de San Fernando.<\/p>\n<div class=\"v-c-cmp v-c-cmp--t1 \">\n<div class=\"v-cmp-rld v-cmp-rld--2 \">\n<div class=\"v-cnt-m v-cnt-m--m\">\n<div class=\"v-cnt-m__c\">\n<div class=\"v-cnt-m__w v-cnt-m__w--1\">\n<p class=\"v-cnt-m__t\">\nTAMBI\u00c9N TE INTERESA\n<\/p>\n<\/div>\n<\/div>\n<\/div>\n<div class=\"v-g v-g--2-c v-g--bdr-min-xs\">\n<div class=\"v-g__c \">\n<article class=\"v-a v-a--cmp-rld v-a--cmp-rld-2 v-a--p-l\">\n<div class=\"v-a-img-c\">\n<figure class=\"v-a-fig\">\n<a href=\"https:\/\/www.mujerhoy.com\/actualidad\/premios-loreal-paris-galardonados-laura-ponte-moises-nieto-juana-martin-20260313172612-nt.html#vtm_modulosEngag=mod-rel:moda:noticia:1:cmp:2-not\" class=\"v-a-link\" title=\"Laura Ponte, Mois\u00e9s Nieto y Juana Mart\u00edn triunfan en los Premios L'Or\u00e9al Paris, la gran noche de la moda espa\u00f1ola\"><br \/>\n<img loading=\"lazy\" class=\"v-a-img\" src=\"http:\/\/hoycordobaweb.com\/wp-content\/uploads\/2026\/03\/juana-martin-de-la-alta-costura-de-paris-a-omoda-madrid-es-moda-es-increible-ver-el-valor-que-dan-fuera-de-espana-a-nuestras-tradiciones-1.jpg\" alt=\"Laura Ponte, Mois\u00e9s Nieto y Juana Mart\u00edn triunfan en los Premios L'Or\u00e9al Paris, la gran noche de la moda espa\u00f1ola\"><br \/>\n<\/a><br \/>\n<\/figure>\n<\/div>\n<\/article>\n<\/div>\n<div class=\"v-g__c \">\n<article class=\"v-a v-a--cmp-rld v-a--cmp-rld-2 v-a--p-l\">\n<div class=\"v-a-img-c\">\n<figure class=\"v-a-fig\">\n<a href=\"https:\/\/www.mujerhoy.com\/moda\/pasarelas\/omoda-madrid-es-moda-desfiles-presentaciones-juana-martin-avellaneda-david-delfin-20260312225945-nt.html#vtm_modulosEngag=mod-rel:moda:noticia:2:cmp:2-not\" class=\"v-a-link\" title=\"La colecci\u00f3n de invitada de Juan Avellaneda x See Iou, la exposici\u00f3n de David Delf\u00edn y el poder flamenco de Juana Mart\u00edn protagonizan la primera jornada de OMODA Madrid es Moda\"><br \/>\n<img loading=\"lazy\" class=\"v-a-img\" src=\"http:\/\/hoycordobaweb.com\/wp-content\/uploads\/2026\/03\/juana-martin-de-la-alta-costura-de-paris-a-omoda-madrid-es-moda-es-increible-ver-el-valor-que-dan-fuera-de-espana-a-nuestras-tradiciones-2.jpg\" alt=\"La colecci\u00f3n de invitada de Juan Avellaneda x See Iou, la exposici\u00f3n de David Delf\u00edn y el poder flamenco de Juana Mart\u00edn protagonizan la primera jornada de OMODA Madrid es Moda\"><br \/>\n<\/a><br \/>\n<\/figure>\n<\/div>\n<\/article>\n<\/div>\n<\/div>\n<\/div>\n<\/div>\n<p class=\"voc-paragraph\">En el universo de la moda espa\u00f1ola contempor\u00e1nea, el nombre de Juana Mart\u00edn se pronuncia con la solemnidad reservada a <strong>quienes han conseguido transformar una tradici\u00f3n en lenguaje universal<\/strong>. Cualquiera que haya asistido a uno de sus desfiles o se haya dejado deslumbrar por la majestuosidad de su aguja lo sabe y lo siente. Desde su taller, donde conviven el rumor constante de las m\u00e1quinas de coser y la memoria de generaciones de artesanos, la dise\u00f1adora cordobesa ha tejido una narrativa que une Andaluc\u00eda con Par\u00eds, Madrid con Tokio. En sus dise\u00f1os, lo ancestral dialoga de forma natural con la modernidad. En cada pase hay embrujo y solemnidad; pasi\u00f3n y drama. Pasado, presente y futuro cosidos con maestr\u00eda y arte.<\/p>\n<div class=\"v-c-cmp \">\n<div class=\"v-cmp-m v-cmp-m--t1\">\n<article class=\"v-a v-a--cmp-m v-c-cmp--m-p\">\n<div class=\"v-a-img-c v-a-img-c--fw-xs\">\n<div class=\"v-a-fig\">\n<div class=\"v-a-link\">\n<img loading=\"lazy\" src=\"http:\/\/hoycordobaweb.com\/wp-content\/uploads\/2026\/03\/juana-martin-de-la-alta-costura-de-paris-a-omoda-madrid-es-moda-es-increible-ver-el-valor-que-dan-fuera-de-espana-a-nuestras-tradiciones-3.jpg\" class=\"v-a-img\" width=\"650\" height=\"975\" alt data-voc-vtm-id=\"in-text-traffic\">\n<\/div><figcaption class=\"v-fc\">\n<span class=\"v-fc__p\"><br \/>\nPABLO PANIAGUA<br \/>\n<\/span><br \/>\n<\/figcaption><\/div>\n<\/div>\n<\/article>\n<\/div>\n<\/div>\n<p class=\"voc-paragraph\">En nuestra conversaci\u00f3n, que mantenemos mientras recorremos el centro de la ciudad a bordo de un OMODA 7SHS, Juana Mart\u00edn reflexiona sobre su trayectoria, el peso de la herencia cultural y la responsabilidad de representar una identidad est\u00e9tica profundamente espa\u00f1ola en la pasarela m\u00e1s exigente del mundo. Pero tambi\u00e9n de lo que significa <strong>volver a OMODA Madrid es Moda, el gran escaparete de moda de autor de nuestro pa\u00eds<\/strong> en el que se pone en valor la artesan\u00eda y el made in Spain. La voz de Juana, que suena serena, chispeante y apasionada a pesar de estar a punto de empezar su desfile, revela a una mujer que entiende la moda como un relato cultural que se construye puntada a puntada. <\/p>\n<p class=\"voc-paragraph\">La dise\u00f1adora recuerda con emoci\u00f3n sus primeros desfiles en Madrid, aquellos a\u00f1os en los que comenzaba a consolidarse como escaparate del talento nacional. \u00abHan pasado casi diez a\u00f1os desde aquellos primeros momentos\u00bb, comenta, mientras le recuerdo c\u00f3mo se me qued\u00f3 grabado en la memoria aquel vestido de gasa negra bordada del desfile de 2016, o c\u00f3mo puso en pie a un pabell\u00f3n entero cuando sac\u00f3 sobre la pasarela a Medina Azahara en 2017. \u00abHa llovido mucho desde entonces\u00bb, le recuerdo, y reconoce que \u00abyo mantengo la moda flamenca por y para mis clientas, si lo dejara, pues perder\u00eda mi esencia, mis principios. Siempre habr\u00e1 <strong>ese hilo rojo que dice la gente y que me une a mi tradici\u00f3n<\/strong>, a mi cultura, a mi Andaluc\u00eda\u00ab. Porque para ella, cada presentaci\u00f3n es m\u00e1s que un simple ejercicio est\u00e9tico: es un episodio dentro de una historia mayor, una narrativa que conecta el pasado personal con el devenir de su firma.<\/p>\n<div class=\"v-c-cmp \">\n<div class=\"v-cmp-m v-cmp-m--t1\">\n<article class=\"v-a v-a--cmp-m v-c-cmp--m-p\">\n<div class=\"v-a-img-c v-a-img-c--fw-xs\">\n<div class=\"v-a-fig\">\n<div class=\"v-a-link\">\n<img loading=\"lazy\" src=\"http:\/\/hoycordobaweb.com\/wp-content\/uploads\/2026\/03\/juana-martin-de-la-alta-costura-de-paris-a-omoda-madrid-es-moda-es-increible-ver-el-valor-que-dan-fuera-de-espana-a-nuestras-tradiciones-4.jpg\" class=\"v-a-img\" width=\"650\" height=\"975\" alt data-voc-vtm-id=\"in-text-traffic\">\n<\/div><figcaption class=\"v-fc\">\n<span class=\"v-fc__p\"><br \/>\nPABLO PANIAGUA<br \/>\n<\/span><br \/>\n<\/figcaption><\/div>\n<\/div>\n<\/article>\n<\/div>\n<\/div>\n<p class=\"voc-paragraph\">Ese relato dio un giro decisivo en 2018, cuando decidi\u00f3 llevar su universo creativo a Par\u00eds. La imagen que me cont\u00f3 en su d\u00eda resulta casi cinematogr\u00e1fica: una furgoneta cargada de prendas, telas y sue\u00f1os rumbo a la capital de la moda. Aquella aventura, emprendida con una mezcla de intuici\u00f3n y valent\u00eda, culmin\u00f3 en un hito hist\u00f3rico: Juana Mart\u00edn se convirti\u00f3 en <strong>la \u00fanica mujer espa\u00f1ola en desfilar dentro del calendario oficial de la alta costura parisina<\/strong>. \u00abPara m\u00ed fue una satisfacci\u00f3n enorme, un crecimiento tremendo, porque te ayuda a seguir investigando realmente lo que me gusta, que es la cultura, que son las ra\u00edces\u00ab, y subraya que ese reconocimiento internacional no solo valida el trabajo de una dise\u00f1adora, sino \u00bbtambi\u00e9n el valor cultural de las tradiciones que inspiran su obra\u00ab. <\/p>\n<p class=\"voc-paragraph\">Parad\u00f3jicamente, ha sido en Francia donde Juana Mart\u00edn percibi\u00f3 con mayor claridad la fuerza de sus ra\u00edces. Mientras en Espa\u00f1a durante a\u00f1os las referencias a lo flamenco o lo folcl\u00f3rico se miraban con cierto complejo, <strong>en Par\u00eds esas mismas se\u00f1as de identidad eran recibidas con curiosidad y respeto<\/strong>. \u00abAll\u00ed quieren entender de d\u00f3nde viene esa emoci\u00f3n, esa tradici\u00f3n que llevamos dentro\u00bb, reflexiona mientras reconoce que \u00abhay un con una continua investigaci\u00f3n de c\u00f3mo hacerlo, c\u00f3mo trabajar, c\u00f3mo expresarlo, c\u00f3mo llevarlo hasta el punto de que gente que no es ni espa\u00f1ola, ni andaluza ni a lo mejor ha visto nunca una Semana Santa o una Feria, pueda entender, apreciar y admirar qu\u00e9 es nuestro fervor\u00bb.<\/p>\n<div class=\"v-c-cmp \">\n<div class=\"v-cmp-m v-cmp-m--t1\">\n<article class=\"v-a v-a--cmp-m v-c-cmp--m-p\">\n<div class=\"v-a-img-c v-a-img-c--fw-xs\">\n<div class=\"v-a-fig\">\n<div class=\"v-a-link\">\n<img loading=\"lazy\" src=\"http:\/\/hoycordobaweb.com\/wp-content\/uploads\/2026\/03\/juana-martin-de-la-alta-costura-de-paris-a-omoda-madrid-es-moda-es-increible-ver-el-valor-que-dan-fuera-de-espana-a-nuestras-tradiciones-5.jpg\" class=\"v-a-img\" width=\"650\" height=\"975\" alt data-voc-vtm-id=\"in-text-traffic\">\n<\/div><figcaption class=\"v-fc\">\n<span class=\"v-fc__p\"><br \/>\nPABLO PANIAGUA<br \/>\n<\/span><br \/>\n<\/figcaption><\/div>\n<\/div>\n<\/article>\n<\/div>\n<\/div>\n<p class=\"voc-paragraph\">Juana Mart\u00edn incide varias veces durante nuestra charla en que su ADN creativo se sustenta, precisamente, en esa herencia cultural y esos c\u00f3digos est\u00e9ticos que se convierten en materia prima para <strong>una alta costura que dialoga con el mundo sin renunciar a su origen<\/strong>. No es casual tampoco que, al hablar de inspiraci\u00f3n, la dise\u00f1adora evoque la figura de Crist\u00f3bal Balenciaga. Para ella, el maestro no solo fue un arquitecto de la moda, sino tambi\u00e9n un creador profundamente arraigado en las tradiciones espa\u00f1olas. \u00abSi uno observa sus primeras obras, aparecen las mantillas, los encajes, los detalles taurinos\u2026 todo aquello que forma parte de nuestra cultura\u00bb, se\u00f1ala. Ese mismo esp\u00edritu y esa capacidad de transformar la tradici\u00f3n en innovaci\u00f3n es lo que la cordobesa reivindica para la moda espa\u00f1ola contempor\u00e1nea.<\/p>\n<p class=\"voc-paragraph\">Su regreso a la capital con motivo de OMODA Madrid es Moda es, en cierto modo, un retorno simb\u00f3lico a casa. Sin embargo, la dise\u00f1adora no ignora los desaf\u00edos del sector en Espa\u00f1a. A diferencia de Par\u00eds o Nueva York, donde el calendario internacional atrae compradores e inversores, el circuito nacional todav\u00eda est\u00e1 consolid\u00e1ndose. \u00abAqu\u00ed a los dise\u00f1adores se nos exige un esfuerzo enorme\u00bb, explica. Aun as\u00ed, reconoce que <strong>el sistema espa\u00f1ol ofrece una infraestructura<\/strong> que muchas veces pasa desapercibida: desde modelos hasta equipos t\u00e9cnicos y espacios donde presentar las colecciones, elementos que en otras capitales deben financiarse \u00edntegramente las propias firmas. Reconozco que, a la que escribe, le esto le sorprendi\u00f3 y agrad\u00f3 sobremanera.<\/p>\n<div class=\"v-c-cmp \">\n<div class=\"v-cmp-m v-cmp-m--t1\">\n<article class=\"v-a v-a--cmp-m v-c-cmp--m-p\">\n<div class=\"v-a-img-c v-a-img-c--fw-xs\">\n<div class=\"v-a-fig\">\n<div class=\"v-a-link\">\n<img loading=\"lazy\" src=\"http:\/\/hoycordobaweb.com\/wp-content\/uploads\/2026\/03\/juana-martin-de-la-alta-costura-de-paris-a-omoda-madrid-es-moda-es-increible-ver-el-valor-que-dan-fuera-de-espana-a-nuestras-tradiciones-6.jpg\" class=\"v-a-img\" width=\"650\" height=\"975\" alt data-voc-vtm-id=\"in-text-traffic\">\n<\/div><figcaption class=\"v-fc\">\n<span class=\"v-fc__p\"><br \/>\nPABLO PANIAGUA<br \/>\n<\/span><br \/>\n<\/figcaption><\/div>\n<\/div>\n<\/article>\n<\/div>\n<\/div>\n<p class=\"voc-paragraph\">Presente en el imponente desfile inaugural de OMODA Madrid es Moda en la Plaza de Espa\u00f1a de la capital, Juana Mart\u00edn ha sido la gran protagonista de esta edici\u00f3n de la pasarela: su desfile llen\u00f3 de duende, de embrujo y de pasi\u00f3n el Museo de la Academia de Bellas Artes de San Fernando, donde <strong>las flores se convierten en met\u00e1fora central<\/strong>. Mart\u00edn habla de ellas como s\u00edmbolos de fugacidad y permanencia a un mismo tiempo: \u00abEspa\u00f1a empieza a nacer cada primavera, cuando todos los sitios por los que te muevas, tienen esa luz y ese color tan atractivos\u00bb. En su colecci\u00f3n Herencia, esa primavera, las ferias, los jardines y la luz del sur aparecen reinterpretados en clave flamenca contempor\u00e1nea. \u00abLas flores anuncian la primavera, pero a la vez son algo tan ef\u00edmero&#8230; Ah\u00ed es donde est\u00e1 su esencia, lo que las hace eternas. Como el flamenco, que ser\u00e1 eterno por siempre\u00bb.<\/p>\n<p class=\"voc-paragraph\">Esa dualidad entre lo ef\u00edmero y lo eterno se traduce en prendas donde la tradici\u00f3n se despliega con una modernidad inesperada y el traje de flamenca ocupa un lugar especial en su discurso. No solo por ser un icono cultural, sino porque constituye el \u00fanico traje regional que evoluciona cada a\u00f1o siguiendo tendencias propias. En \u00e9l conviven la artesan\u00eda m\u00e1s minuciosa y una dimensi\u00f3n casi ritual: la preparaci\u00f3n de la feria, la elecci\u00f3n del vestido, el orgullo de vestir una pieza que ha requerido horas de trabajo manual. Y ah\u00ed es donde <strong>Juana Mart\u00edn defiende que esa dedicaci\u00f3n artesanal<\/strong> es precisamente lo que diferencia la moda de autor que pone en valor OMODA Madrid es Moda de la producci\u00f3n industrial masiva. \u00abLas grandes marcas mantienen a los artesanos, crean escuelas y, lo m\u00e1s importante de todo, hay demanda de eso. Porque cuando hablamos de artesan\u00eda, hablamos de la realidad de nuestro d\u00eda\u00bb.<\/p>\n<div class=\"v-c-cmp \">\n<div class=\"v-cmp-m v-cmp-m--t1\">\n<article class=\"v-a v-a--cmp-m v-c-cmp--m-p\">\n<div class=\"v-a-img-c v-a-img-c--fw-xs\">\n<div class=\"v-a-fig\">\n<div class=\"v-a-link\">\n<img loading=\"lazy\" src=\"http:\/\/hoycordobaweb.com\/wp-content\/uploads\/2026\/03\/juana-martin-de-la-alta-costura-de-paris-a-omoda-madrid-es-moda-es-increible-ver-el-valor-que-dan-fuera-de-espana-a-nuestras-tradiciones-7.jpg\" class=\"v-a-img\" width=\"650\" height=\"975\" alt data-voc-vtm-id=\"in-text-traffic\">\n<\/div><figcaption class=\"v-fc\">\n<span class=\"v-fc__p\"><br \/>\nPABLO PANIAGUA<br \/>\n<\/span><br \/>\n<\/figcaption><\/div>\n<\/div>\n<\/article>\n<\/div>\n<\/div>\n<p class=\"voc-paragraph\">En ese sentido, su visi\u00f3n del futuro de la moda se alinea con una filosof\u00eda de \u00ablujo slow\u00bb, donde <strong>la sostenibilidad no es una estrategia de marketing<\/strong>, sino una pr\u00e1ctica inherente al proceso creativo. \u00abSiempre ha estado en nosotros, incluso cuando no exist\u00eda el concepto, pero era un recurso que t\u00fa ten\u00edas para seguir adelante. Por eso para nosotros es tan importante que est\u00e9 como base de la marca\u00bb, asegura. En su taller se producen pocas piezas, pero cada una est\u00e1 concebida para perdurar y, en muchos casos, para ser heredada. \u00abSomos tradici\u00f3n, somos cultura, somos artesan\u00eda y creemos que la prenda tiene que tener vida propia\u00bb, afirma, \u00abla verdadera sostenibilidad reside en ese v\u00ednculo emocional que convierte la ropa en memoria familiar, en objeto cargado de historias\u00bb.<\/p>\n<p class=\"voc-paragraph\">Quiz\u00e1 por ello, cuando se le pregunta a Juana Mart\u00edn por la naturaleza de sus desfiles, responde sin titubeos: <strong>cada pasarela debe contar una historia<\/strong>. No se trata \u00fanicamente de mostrar vestidos, sino de construir una narrativa capaz de transmitir emociones y contextos culturales. \u00abEs un trabajo de archivo y de memoria impresionante\u00bb, reconoce. Es en esa dramaturgia de telas, m\u00fasica y movimiento donde reside la esencia de su trabajo. \u00abPara m\u00ed Herencia no es otra cosa si no ver m\u00e1s all\u00e1 de lo que nos une al pasado, unir esos mundos, la tradici\u00f3n, la cultura, todo lo que yo he vivido, lo que han vivido mis padres, mis abuelos, a lo que ahora vivimos y tenemos para que lo hereden los siguientes\u00bb. <\/p>\n<div class=\"v-c-cmp \">\n<div class=\"v-cmp-m v-cmp-m--t1\">\n<article class=\"v-a v-a--cmp-m v-c-cmp--m-p\">\n<div class=\"v-a-img-c v-a-img-c--fw-xs\">\n<div class=\"v-a-fig\">\n<div class=\"v-a-link\">\n<img loading=\"lazy\" src=\"http:\/\/hoycordobaweb.com\/wp-content\/uploads\/2026\/03\/juana-martin-de-la-alta-costura-de-paris-a-omoda-madrid-es-moda-es-increible-ver-el-valor-que-dan-fuera-de-espana-a-nuestras-tradiciones-8.jpg\" class=\"v-a-img\" width=\"650\" height=\"975\" alt data-voc-vtm-id=\"in-text-traffic\">\n<\/div><figcaption class=\"v-fc\">\n<span class=\"v-fc__p\"><br \/>\nPABLO PANIAGUA<br \/>\n<\/span><br \/>\n<\/figcaption><\/div>\n<\/div>\n<\/article>\n<\/div>\n<\/div>\n<p class=\"voc-paragraph\">Cuando terminamos nuestra charla y nos bajamos del OMODA 7SHS, poco antes de empezar su desfile en OMODA Madrid es Moda y, despu\u00e9s, cuando me maravillo con cada propuesta de su colecci\u00f3n, hay algo que tengo claro y es que Juana Mart\u00edn no dise\u00f1a solo para vestir cuerpos. <strong>Juana Mart\u00edn dise\u00f1a para preservar una memoria colectiva<\/strong> que, gracias a la alta costura, a la historia, a la tradici\u00f3n y a la artesan\u00eda, encuentra nuevas formas de existir en el presente honrando el pasado para construir as\u00ed la mejor moda espa\u00f1ola del futuro. <\/p>\n<div class=\"v-c-cmp v-c-cmp--t1 \">\n<div class=\"v-cmp-rld v-cmp-rld--2 \">\n<div class=\"v-cnt-m v-cnt-m--m\">\n<div class=\"v-cnt-m__c\">\n<div class=\"v-cnt-m__w v-cnt-m__w--1\">\n<p class=\"v-cnt-m__t\">\nTAMBI\u00c9N TE INTERESA\n<\/p>\n<\/div>\n<\/div>\n<\/div>\n<div class=\"v-g v-g--2-c v-g--bdr-min-xs\">\n<div class=\"v-g__c \">\n<article class=\"v-a v-a--cmp-rld v-a--cmp-rld-2 v-a--p-l\">\n<div class=\"v-a-img-c\">\n<figure class=\"v-a-fig\">\n<a href=\"https:\/\/www.mujerhoy.com\/moda\/pasarelas\/raquel-revuelta-simof-reina-letizia-vestido-flamenca-princesa-leonor-sofia-infanta-elena-20250917155758-nt.html#vtm_modulosEngag=mod-rel:moda:noticia:1:cmp:2-not\" class=\"v-a-link\" title=\"Raquel Revuelta en el debut de SIMOF en Madrid es Moda: \u00abOjal\u00e1 la reina Letizia y sus hijas se vistan de flamenca\u00bb\"><br \/>\n<img loading=\"lazy\" class=\"v-a-img\" src=\"http:\/\/hoycordobaweb.com\/wp-content\/uploads\/2026\/03\/juana-martin-de-la-alta-costura-de-paris-a-omoda-madrid-es-moda-es-increible-ver-el-valor-que-dan-fuera-de-espana-a-nuestras-tradiciones-9.jpg\" alt=\"Raquel Revuelta en el debut de SIMOF en Madrid es Moda: \u00abOjal\u00e1 la reina Letizia y sus hijas se vistan de flamenca\u00bb\"><br \/>\n<\/a><br \/>\n<\/figure>\n<\/div>\n<\/article>\n<\/div>\n<div class=\"v-g__c \">\n<article class=\"v-a v-a--cmp-rld v-a--cmp-rld-2 v-a--p-l\">\n<div class=\"v-a-img-c\">\n<figure class=\"v-a-fig\">\n<a href=\"https:\/\/www.mujerhoy.com\/lujo-slow\/golondrinas-becquer-olivos-jaen-exposicion-moda-homenajea-andalucia-20251030125446-nt.html#vtm_modulosEngag=mod-rel:moda:noticia:2:cmp:2-not\" class=\"v-a-link\" title=\"De las golondrinas de B\u00e9cquer a los campos de olivos de Ja\u00e9n: as\u00ed luce Andaluc\u00eda en la exposici\u00f3n de moda m\u00e1s emotiva\"><br \/>\n<img loading=\"lazy\" class=\"v-a-img\" src=\"http:\/\/hoycordobaweb.com\/wp-content\/uploads\/2026\/03\/juana-martin-de-la-alta-costura-de-paris-a-omoda-madrid-es-moda-es-increible-ver-el-valor-que-dan-fuera-de-espana-a-nuestras-tradiciones-10.jpg\" alt=\"De las golondrinas de B\u00e9cquer a los campos de olivos de Ja\u00e9n: as\u00ed luce Andaluc\u00eda en la exposici\u00f3n de moda m\u00e1s emotiva\"><br \/>\n<\/a><br \/>\n<\/figure>\n<\/div>\n<\/article>\n<\/div>\n<\/div>\n<\/div>\n<\/div>\n<div class=\"media_block\"><\/div>\n","protected":false},"excerpt":{"rendered":"<p>Ana Calvo Publicado \u00b7 13 de marzo de 2026, 16:20 h Lo que hace Juana Mart\u00edn sobre la pasarela no es solo moda, es mucho m\u00e1s. La dise\u00f1adora cordobesa, la \u00fanica espa\u00f1ola que desfila en la Alta Costura de Par\u00eds, hace arte y magia. Porque Juana Mart\u00edn hace so\u00f1ar y vibrar con cada una de [&hellip;]<\/p>\n","protected":false},"author":1,"featured_media":132899,"comment_status":"closed","ping_status":"closed","sticky":false,"template":"","format":"standard","meta":[],"categories":[],"tags":[],"_links":{"self":[{"href":"http:\/\/hoycordobaweb.com\/index.php\/wp-json\/wp\/v2\/posts\/132898"}],"collection":[{"href":"http:\/\/hoycordobaweb.com\/index.php\/wp-json\/wp\/v2\/posts"}],"about":[{"href":"http:\/\/hoycordobaweb.com\/index.php\/wp-json\/wp\/v2\/types\/post"}],"author":[{"embeddable":true,"href":"http:\/\/hoycordobaweb.com\/index.php\/wp-json\/wp\/v2\/users\/1"}],"replies":[{"embeddable":true,"href":"http:\/\/hoycordobaweb.com\/index.php\/wp-json\/wp\/v2\/comments?post=132898"}],"version-history":[{"count":0,"href":"http:\/\/hoycordobaweb.com\/index.php\/wp-json\/wp\/v2\/posts\/132898\/revisions"}],"wp:featuredmedia":[{"embeddable":true,"href":"http:\/\/hoycordobaweb.com\/index.php\/wp-json\/wp\/v2\/media\/132899"}],"wp:attachment":[{"href":"http:\/\/hoycordobaweb.com\/index.php\/wp-json\/wp\/v2\/media?parent=132898"}],"wp:term":[{"taxonomy":"category","embeddable":true,"href":"http:\/\/hoycordobaweb.com\/index.php\/wp-json\/wp\/v2\/categories?post=132898"},{"taxonomy":"post_tag","embeddable":true,"href":"http:\/\/hoycordobaweb.com\/index.php\/wp-json\/wp\/v2\/tags?post=132898"}],"curies":[{"name":"wp","href":"https:\/\/api.w.org\/{rel}","templated":true}]}}