{"id":132894,"date":"2026-03-13T23:25:01","date_gmt":"2026-03-13T23:25:01","guid":{"rendered":"https:\/\/www.ole.com.ar\/mundial\/cremaschi-lesion-seriea-mundial2026_0_Fe8i6XEasO.html"},"modified":"2026-03-13T23:25:01","modified_gmt":"2026-03-13T23:25:01","slug":"cremaschi-salio-lesionado-en-italia-y-se-pierde-el-mundial-2026","status":"publish","type":"post","link":"http:\/\/hoycordobaweb.com\/index.php\/2026\/03\/13\/cremaschi-salio-lesionado-en-italia-y-se-pierde-el-mundial-2026\/","title":{"rendered":"Cremaschi sali\u00f3 lesionado en Italia y \u00bfse pierde el Mundial 2026?"},"content":{"rendered":"<p><img src=\"http:\/\/hoycordobaweb.com\/wp-content\/uploads\/2026\/03\/cremaschi-salio-lesionado-en-italia-y-se-pierde-el-mundial-2026.jpg\"><\/p>\n<p><time class=\"createDate\" datetime=\"2026-03-13T20:25:01-03:00\">13\/03\/2026 20:25hs.<\/time><\/p>\n<div id=\"storyBody\">\n<div id=\"element-body-0\" class=\"sc-136cd478-0 ekTCfV\" readability=\"34.55369928401\">\n<p><strong>Muy malas noticias para la selecci\u00f3n de Estados Unidos a poco m\u00e1s de 100 d\u00edas del <a href=\"https:\/\/www.ole.com.ar\/tema\/mundial-2026.html\" title=\"Mundial 2026\" alt=\"Mundial 2026\" class=\"slug\">Mundial<\/a>. <\/strong>Este viernes, <strong><a href=\"https:\/\/www.ole.com.ar\/tema\/benjamin-cremaschi.html\" title=\"Benjam\u00edn Cremaschi\" alt=\"Benjam\u00edn Cremaschi\" class=\"slug\">Benjam\u00edn Cremaschi<\/a> se retir\u00f3 lesionado <\/strong>en Torino vs. Parma, por la 29\u00b0 fecha de la Serie A de Italia, y dej\u00f3 una imagen m\u00e1s que preocupante. El talentoso mediocampista de 21 a\u00f1os se march\u00f3 del campo de juego con claras muestras de dolor y m\u00e1s de uno se imagina lo peor: <strong>podr\u00eda perderse el <a href=\"https:\/\/www.ole.com.ar\/tema\/mundial-2026.html\" title=\"Mundial 2026\" alt=\"Mundial 2026\" class=\"slug\">Mundial 2026<\/a>.<\/strong><\/p>\n<\/div>\n<div id=\"element-body-1\" class=\"sc-136cd478-0 ekTCfV\" readability=\"37\">\n<p>La lesi\u00f3n ocurri\u00f3 a los cuatro minutos de la primera mitad, cuando el volantes, que hab\u00eda arrancado como carrilero por derecha, intent\u00f3 dar un pase de zurda de primera: <strong> inmediatamente sinti\u00f3 una molestia en su pierna izquierda y pidi\u00f3 asistencia m\u00e9dica. <\/strong><\/p>\n<\/div>\n<div id=\"element-body-2\" class=\"sc-136cd478-0 ekTCfV\" readability=\"38\">\n<p>Los m\u00e9dicos vendaron al futbolista, quien intent\u00f3 regresar al campo de juego y a los pocos minutos se dio cuenta de que no pod\u00eda pisar, por lo que se vio obligado a salir reemplazado. Esta vez se desplom\u00f3 en el terreno de juego y rompi\u00f3 en llanto por el dolor e impotencia de tener que salir. <strong>Una imagen que despert\u00f3 much\u00edsima preocupaci\u00f3n, ya que el vendaje fue a la altura de la rodilla y el jugador no pudo contener las l\u00e1grimas. <\/strong><\/p>\n<\/div>\n<div class=\"sc-e7b891c4-0 ifHnQL image-embed\" id=\"element-body-3\"><img alt=\"Benjam\u00edn Cremaschi sali\u00f3 lesionado con Parma.\" loading=\"lazy\" width=\"720\" height=\"100\" decoding=\"async\" data-nimg=\"1\" src=\"http:\/\/hoycordobaweb.com\/wp-content\/uploads\/2026\/03\/cremaschi-salio-lesionado-en-italia-y-se-pierde-el-mundial-2026-2.jpg\"><span class=\"epigraphe\">Benjam\u00edn Cremaschi sali\u00f3 lesionado con Parma.<\/span><\/div>\n<div id=\"element-body-4\" class=\"sc-136cd478-0 ekTCfV\" readability=\"41\">\n<p>Todav\u00eda no se sabe con exactitud qu\u00e9 es lo que sufri\u00f3, pero extraoficialmente ya se habla de una lesi\u00f3n en el ligamento, lo que podr\u00eda marginarlo de la Copa del Mundo. <strong>Si se termina confirmando lo que todos creen, una rotura de ligamentos, el volante de 21 a\u00f1os estar\u00eda fuera de las canchas por varios meses<\/strong>. En el mejor de los casos, un esguince de rodilla, habr\u00eda una esperanza.<\/p>\n<\/div>\n<div id=\"element-body-5\" class=\"sc-136cd478-0 ekTCfV\" readability=\"36\">\n<p>Esto es una gran preocupaci\u00f3n para <strong>Mauricio Pochettino<\/strong> y el resto del cuerpo t\u00e9cnico de la selecci\u00f3n estadounidense. Hace unos d\u00edas lamentaron la lesi\u00f3n de Sergi\u00f1o Dest y ahora sufren otro baldazo de agua fr\u00eda. Ahora habr\u00e1 que esperar un comunicado oficial del club para conocer la gravedad del asunto, pero en principio las noticias son realmente malas. <\/p>\n<\/div>\n<div id=\"element-body-6\" class=\"sc-136cd478-0 ekTCfV\" readability=\"32.776119402985\">\n<p>Cremaschi (21 a\u00f1os), quien fue compa\u00f1ero de <a href=\"https:\/\/www.ole.com.ar\/tema\/lionel-messi.html\" title=\"Lionel Messi\" alt=\"Lionel Messi\" class=\"slug\">Lionel Messi<\/a> en el Inter Miami, si bien naci\u00f3 en Estados Unidos, es hijo de argentinos.<\/p>\n<\/div>\n<p><h2><strong>(VIDEO) Benjam\u00edn Cremaschi y la secuencia completa de su lesi\u00f3n con Parma<\/strong><\/h2>\n<\/p>\n<div class=\"custom-embedhtml\" id=\"element-body-8\" readability=\"30.729508196721\">\n<blockquote class=\"twitter-tweet\" readability=\"10.688524590164\">\n<p lang=\"en\" dir=\"ltr\">Unfortunate for Cremaschi \ud83c\uddfa\ud83c\uddf8. Starts in his second consecutive match as RWB again for Parma and sustains what seems to be a non contact injury. Tried to play again and then aggravates it. <\/p>\n<p>Hoping for a speedy recovery<\/p>\n<p>\ud83d\uddd3\ufe0f Just turned 21<br \/>\u23f3 Loan ends in June<\/p>\n<p>FORZA BENJA \ud83d\udcaa\ud83c\udffb <a href=\"https:\/\/t.co\/chG8TrfDc7\">pic.twitter.com\/chG8TrfDc7<\/a><\/p>\n<p>\u2014 \u2615\ufe0fDon Cafecito (@stevemunoz117) <a href=\"https:\/\/twitter.com\/stevemunoz117\/status\/2032556053863297121?ref_src=twsrc%5Etfw\">March 13, 2026<\/a><\/p><\/blockquote><\/div>\n<div class=\"sc-e7b891c4-0 ifHnQL image-embed\" id=\"element-body-9\"><img alt=\"Cremaschi, casi afuera del Mundial. (REUTERS\/Matteo Ciambelli)\" loading=\"lazy\" width=\"720\" height=\"100\" decoding=\"async\" data-nimg=\"1\" src=\"http:\/\/hoycordobaweb.com\/wp-content\/uploads\/2026\/03\/cremaschi-salio-lesionado-en-italia-y-se-pierde-el-mundial-2026-3.jpg\"><span class=\"epigraphe\">Cremaschi, casi afuera del Mundial. (REUTERS\/Matteo Ciambelli)<\/span><\/div>\n<div id=\"element-body-10\" class=\"sc-136cd478-0 ekTCfV\" readability=\"12.483870967742\">\n<p>El partido termin\u00f3 4 a 1 para el Torino, <a href=\"https:\/\/www.ole.com.ar\/futbol-internacional\/italia\/parma-torino-simeone-pellegrino-serie_0_QxJdWZJ61Y.html\" target=\"_self\" title=\"con un gol de Gio Simeone. Otro argentino, Mateo Pellegrino, marc\u00f3 para el Parma\" alt=\"con un gol de Gio Simeone. Otro argentino, Mateo Pellegrino, marc\u00f3 para el Parma\" rel=\"noopener noreferrer\">con un gol de Gio Simeone. Otro argentino, Mateo Pellegrino, marc\u00f3 para el Parma<\/a>.<\/p>\n<\/div>\n<p><h2><strong>Los amistosos de Estados Unidos en la fecha FIFA de marzo<\/strong><\/h2>\n<\/p>\n<div id=\"element-body-12\" class=\"sc-136cd478-0 ekTCfV\">\n<ul>\n<li>S\u00e1bado 28 de marzo vs. B\u00e9lgica | Mercedes-Benz Stadium (Atlanta)<\/li>\n<li>Martes 31 de marzo vs. Portugal | Mercedes-Benz Stadium (Atlanta)<\/li>\n<\/ul>\n<\/div>\n<div id=\"element-body-13\" class=\"sc-a7166897-0 eoLsBE\" readability=\"31\">\n<section readability=\"2\"><picture><img alt=\"Cuarto intermedio entre UEFA y Conmebol para definir la sede de la Final\u00edssima\" loading=\"lazy\" width=\"290\" height=\"290\" decoding=\"async\" data-nimg=\"1\" src=\"http:\/\/hoycordobaweb.com\/wp-content\/uploads\/2026\/03\/cremaschi-salio-lesionado-en-italia-y-se-pierde-el-mundial-2026-4.jpg\"><\/picture>\n<p><span>Mir\u00e1 tambi\u00e9n<\/span><\/p>\n<hr>\n<h3>Cuarto intermedio entre UEFA y Conmebol para definir la sede de la Final\u00edssima<\/h3>\n<\/p>\n<\/section>\n<\/div>\n<div id=\"element-body-14\" class=\"sc-a7166897-0 eoLsBE\" readability=\"31\">\n<section readability=\"2\"><picture><img alt=\"Atento Scaloni: gol de un argelino para el Marsella\" loading=\"lazy\" width=\"290\" height=\"290\" decoding=\"async\" data-nimg=\"1\" src=\"http:\/\/hoycordobaweb.com\/wp-content\/uploads\/2026\/03\/cremaschi-salio-lesionado-en-italia-y-se-pierde-el-mundial-2026-5.jpg\"><\/picture>\n<p><span>Mir\u00e1 tambi\u00e9n<\/span><\/p>\n<hr>\n<h3>Atento Scaloni: gol de un argelino para el Marsella<\/h3>\n<\/p>\n<\/section>\n<\/div>\n<\/div>\n","protected":false},"excerpt":{"rendered":"<p>13\/03\/2026 20:25hs. Muy malas noticias para la selecci\u00f3n de Estados Unidos a poco m\u00e1s de 100 d\u00edas del Mundial. Este viernes, Benjam\u00edn Cremaschi se retir\u00f3 lesionado en Torino vs. Parma, por la 29\u00b0 fecha de la Serie A de Italia, y dej\u00f3 una imagen m\u00e1s que preocupante. El talentoso mediocampista de 21 a\u00f1os se march\u00f3 [&hellip;]<\/p>\n","protected":false},"author":1,"featured_media":132895,"comment_status":"open","ping_status":"closed","sticky":false,"template":"","format":"standard","meta":[],"categories":[16],"tags":[],"_links":{"self":[{"href":"http:\/\/hoycordobaweb.com\/index.php\/wp-json\/wp\/v2\/posts\/132894"}],"collection":[{"href":"http:\/\/hoycordobaweb.com\/index.php\/wp-json\/wp\/v2\/posts"}],"about":[{"href":"http:\/\/hoycordobaweb.com\/index.php\/wp-json\/wp\/v2\/types\/post"}],"author":[{"embeddable":true,"href":"http:\/\/hoycordobaweb.com\/index.php\/wp-json\/wp\/v2\/users\/1"}],"replies":[{"embeddable":true,"href":"http:\/\/hoycordobaweb.com\/index.php\/wp-json\/wp\/v2\/comments?post=132894"}],"version-history":[{"count":0,"href":"http:\/\/hoycordobaweb.com\/index.php\/wp-json\/wp\/v2\/posts\/132894\/revisions"}],"wp:featuredmedia":[{"embeddable":true,"href":"http:\/\/hoycordobaweb.com\/index.php\/wp-json\/wp\/v2\/media\/132895"}],"wp:attachment":[{"href":"http:\/\/hoycordobaweb.com\/index.php\/wp-json\/wp\/v2\/media?parent=132894"}],"wp:term":[{"taxonomy":"category","embeddable":true,"href":"http:\/\/hoycordobaweb.com\/index.php\/wp-json\/wp\/v2\/categories?post=132894"},{"taxonomy":"post_tag","embeddable":true,"href":"http:\/\/hoycordobaweb.com\/index.php\/wp-json\/wp\/v2\/tags?post=132894"}],"curies":[{"name":"wp","href":"https:\/\/api.w.org\/{rel}","templated":true}]}}