{"id":132892,"date":"2026-03-13T23:51:46","date_gmt":"2026-03-13T23:51:46","guid":{"rendered":"https:\/\/www.ole.com.ar\/futbol-internacional\/espana\/empate-villarreal-ultimo-minuto-equipo-espanol-tiempo-adicional-deportivo-alaves-fecha-28-liga_0_Uewt3LucIn.html"},"modified":"2026-03-13T23:51:46","modified_gmt":"2026-03-13T23:51:46","slug":"golpazo-agonico-del-villarreal-al-ex-equipo-de-coudet-supero-al-aletico-de-simeone-en-la-tabla","status":"publish","type":"post","link":"http:\/\/hoycordobaweb.com\/index.php\/2026\/03\/13\/golpazo-agonico-del-villarreal-al-ex-equipo-de-coudet-supero-al-aletico-de-simeone-en-la-tabla\/","title":{"rendered":"Golpazo ag\u00f3nico del Villarreal al ex equipo de Coudet: super\u00f3 al Al\u00e9tico de Simeone en la tabla"},"content":{"rendered":"<p><img src=\"http:\/\/hoycordobaweb.com\/wp-content\/uploads\/2026\/03\/golpazo-agonico-del-villarreal-al-ex-equipo-de-coudet-supero-al-aletico-de-simeone-en-la-tabla.jpg\"><\/p>\n<p><time class=\"createDate\" datetime=\"2026-03-13T20:51:46-03:00\">13\/03\/2026 20:51hs.<\/time><\/p>\n<div id=\"storyBody\">\n<div id=\"element-body-0\" class=\"sc-136cd478-0 ekTCfV\" readability=\"29.984756097561\">\n<p>El <strong><a href=\"https:\/\/www.ole.com.ar\/tema\/deportivo-alaves.html\" title=\"Deportivo Alaves\" alt=\"Deportivo Alaves\" class=\"slug\">Deportivo Alav\u00e9s<\/a><\/strong> y el <strong><a href=\"https:\/\/www.ole.com.ar\/tema\/villarreal.html\" title=\"Villarreal\" alt=\"Villarreal\" class=\"slug\">Villarreal<\/a><\/strong> empataron 1-1 en un partido correspondiente a la fecha 28 de <strong><a href=\"https:\/\/www.ole.com.ar\/tema\/la-liga.html\" title=\"La Liga\" alt=\"La Liga\" class=\"slug\">La Liga<\/a><\/strong> en el estadio Mendizorroza. <strong>El ex equipo del <a href=\"https:\/\/www.ole.com.ar\/tema\/eduardo-coudet.html\" title=\"Eduardo Coudet\" alt=\"Eduardo Coudet\" class=\"slug\">Chacho Coudet<\/a> no logr\u00f3 mantener el resultado y se acerca cada vez m\u00e1s a la zona de descenso.<\/strong> El Submarino Amarillo logr\u00f3 sorprenderlo en el minuto 98 y arrancarle la sonrisa.<\/p>\n<\/div>\n<div class=\"sc-e7b891c4-0 ifHnQL image-embed\" id=\"element-body-1\"><img alt=\"Antonio Sivera, arquero del Alav\u00e9s, en acci\u00f3n. (Foto: EFE)\" loading=\"lazy\" width=\"720\" height=\"100\" decoding=\"async\" data-nimg=\"1\" src=\"http:\/\/hoycordobaweb.com\/wp-content\/uploads\/2026\/03\/golpazo-agonico-del-villarreal-al-ex-equipo-de-coudet-supero-al-aletico-de-simeone-en-la-tabla-2.jpg\"><span class=\"epigraphe\">Antonio Sivera, arquero del Alav\u00e9s, en acci\u00f3n. (Foto: EFE)<\/span><\/div>\n<div id=\"element-body-2\" class=\"sc-136cd478-0 ekTCfV\" readability=\"34\">\n<p>Alav\u00e9s abri\u00f3 el marcador a los 40 minutos a trav\u00e9s de <strong>Rafa Mar\u00edn<\/strong> (en contra) y en el equipo visitante, <strong>Nicolas P\u00e9p\u00e9<\/strong> igual\u00f3 a los 52 minutos del segundo tiempo.<\/p>\n<\/div>\n<p><h2><strong>Lo que dej\u00f3 el partido<\/strong><\/h2>\n<\/p>\n<div id=\"element-body-4\" class=\"sc-136cd478-0 ekTCfV\" readability=\"37\">\n<p>En cuanto a las estad\u00edsticas, los babazorros tuvieron una posesi\u00f3n del 48%, realizaron cuatro tiros al arco y recibieron cuatro tarjetas amarillas. Mientras que Villarreal tuvo el 52% de posesi\u00f3n, nueve tiros al arco y una tarjeta amarilla.<\/p>\n<\/div>\n<div class=\"sc-e7b891c4-0 ifHnQL image-embed\" id=\"element-body-5\"><img alt=\"El Deportivo Alav\u00e9s igual\u00f3 1-1 con el Villarreal. (Foto: EFE)\" loading=\"lazy\" width=\"1290\" height=\"760\" decoding=\"async\" data-nimg=\"1\" src=\"http:\/\/hoycordobaweb.com\/wp-content\/uploads\/2026\/03\/golpazo-agonico-del-villarreal-al-ex-equipo-de-coudet-supero-al-aletico-de-simeone-en-la-tabla-3.jpg\"><span class=\"epigraphe\">El Deportivo Alav\u00e9s igual\u00f3 1-1 con el Villarreal. (Foto: EFE)<\/span><\/div>\n<div id=\"element-body-6\" class=\"sc-136cd478-0 ekTCfV\" readability=\"35\">\n<p>El desempe\u00f1o de Nicolas P\u00e9p\u00e9 lo posicion\u00f3 como el jugador m\u00e1s destacado del encuentro. <strong>El delantero del Villarreal mostr\u00f3 un gran nivel al ser el autor del gol, rematar tres veces al arco y realizar 12 pases correctos.<\/strong><\/p>\n<\/div>\n<p><h2><strong>Los pr\u00f3ximos encuentros de ambos equipos<\/strong><\/h2>\n<\/p>\n<div id=\"element-body-8\" class=\"sc-136cd478-0 ekTCfV\" readability=\"30.9375\">\n<p>El pr\u00f3ximo partido del Alav\u00e9s ser\u00e1 contra <strong><a href=\"https:\/\/www.ole.com.ar\/tema\/celta-de-vigo.html\" title=\"Celta de Vigo\" alt=\"Celta de Vigo\" class=\"slug\">Celta de Vigo<\/a><\/strong> el domingo 22 de marzo en el estadio Abanca-Bala\u00eddos. Por su parte, Villarreal se enfrentar\u00e1 al <strong><a href=\"https:\/\/www.ole.com.ar\/tema\/real-sociedad.html\" title=\"Real Sociedad\" alt=\"Real Sociedad\" class=\"slug\">Real Sociedad<\/a><\/strong> el viernes 20 de marzo en el Estadio de la Cer\u00e1mica.<\/p>\n<\/div>\n<div id=\"element-body-9\" class=\"sc-136cd478-0 ekTCfV\" readability=\"38\">\n<p>Tras este partido, <strong>el Villarreal super\u00f3 al Atl\u00e9tico de Madrid y lleg\u00f3 al tercer puesto en la tabla de posiciones<\/strong> de La Liga con 55 puntos, mientras que <strong>el equipo dirigido por Marcelino Garc\u00eda Toral est\u00e1 pr\u00f3ximo a la zona de descenso, en el puesto 16avo, con 28 puntos.<\/strong><\/p>\n<\/div>\n<div id=\"element-body-10\" class=\"sc-a7166897-0 eoLsBE\" readability=\"31\">\n<section readability=\"2\"><picture><img alt=\"La racha que estir\u00f3 Coudet en su debut como entrenador de River\" loading=\"lazy\" width=\"290\" height=\"290\" decoding=\"async\" data-nimg=\"1\" src=\"http:\/\/hoycordobaweb.com\/wp-content\/uploads\/2026\/03\/golpazo-agonico-del-villarreal-al-ex-equipo-de-coudet-supero-al-aletico-de-simeone-en-la-tabla-4.jpg\"><\/picture>\n<p><span>Mir\u00e1 tambi\u00e9n<\/span><\/p>\n<hr>\n<h3>La racha que estir\u00f3 Coudet en su debut como entrenador de River<\/h3>\n<\/p>\n<\/section>\n<\/div>\n<div id=\"element-body-11\" class=\"sc-a7166897-0 eoLsBE\" readability=\"31\">\n<section readability=\"2\"><picture><img alt=\"An\u00edbal Moreno resalt\u00f3 el &quot;trabajo fuerte&quot; de Coudet: &quot;\u00c9l es muy exigente&quot;\" loading=\"lazy\" width=\"290\" height=\"290\" decoding=\"async\" data-nimg=\"1\" src=\"http:\/\/hoycordobaweb.com\/wp-content\/uploads\/2026\/03\/golpazo-agonico-del-villarreal-al-ex-equipo-de-coudet-supero-al-aletico-de-simeone-en-la-tabla-5.jpg\"><\/picture>\n<p><span>Mir\u00e1 tambi\u00e9n<\/span><\/p>\n<hr>\n<h3>An\u00edbal Moreno resalt\u00f3 el \u00abtrabajo fuerte\u00bb de Coudet: \u00ab\u00c9l es muy exigente\u00bb<\/h3>\n<\/p>\n<\/section>\n<\/div>\n<div id=\"element-body-12\" class=\"sc-a7166897-0 eoLsBE\" readability=\"32\">\n<section readability=\"4\"><picture><img alt=\"Coudet, tras su debut triunfal en River: del &quot;fuimos justos ganadores&quot; al &quot;la semana fue una cagada a palos importante&quot;\" loading=\"lazy\" width=\"290\" height=\"290\" decoding=\"async\" data-nimg=\"1\" src=\"http:\/\/hoycordobaweb.com\/wp-content\/uploads\/2026\/03\/golpazo-agonico-del-villarreal-al-ex-equipo-de-coudet-supero-al-aletico-de-simeone-en-la-tabla-6.jpg\"><\/picture>\n<p><span>Mir\u00e1 tambi\u00e9n<\/span><\/p>\n<hr>\n<h3>Coudet, tras su debut triunfal en River: del \u00abfuimos justos ganadores\u00bb al \u00abla semana fue una cagada a palos importante\u00bb<\/h3>\n<\/p>\n<\/section>\n<\/div>\n<\/div>\n","protected":false},"excerpt":{"rendered":"<p>13\/03\/2026 20:51hs. El Deportivo Alav\u00e9s y el Villarreal empataron 1-1 en un partido correspondiente a la fecha 28 de La Liga en el estadio Mendizorroza. El ex equipo del Chacho Coudet no logr\u00f3 mantener el resultado y se acerca cada vez m\u00e1s a la zona de descenso. El Submarino Amarillo logr\u00f3 sorprenderlo en el minuto [&hellip;]<\/p>\n","protected":false},"author":1,"featured_media":132893,"comment_status":"open","ping_status":"closed","sticky":false,"template":"","format":"standard","meta":[],"categories":[16],"tags":[],"_links":{"self":[{"href":"http:\/\/hoycordobaweb.com\/index.php\/wp-json\/wp\/v2\/posts\/132892"}],"collection":[{"href":"http:\/\/hoycordobaweb.com\/index.php\/wp-json\/wp\/v2\/posts"}],"about":[{"href":"http:\/\/hoycordobaweb.com\/index.php\/wp-json\/wp\/v2\/types\/post"}],"author":[{"embeddable":true,"href":"http:\/\/hoycordobaweb.com\/index.php\/wp-json\/wp\/v2\/users\/1"}],"replies":[{"embeddable":true,"href":"http:\/\/hoycordobaweb.com\/index.php\/wp-json\/wp\/v2\/comments?post=132892"}],"version-history":[{"count":0,"href":"http:\/\/hoycordobaweb.com\/index.php\/wp-json\/wp\/v2\/posts\/132892\/revisions"}],"wp:featuredmedia":[{"embeddable":true,"href":"http:\/\/hoycordobaweb.com\/index.php\/wp-json\/wp\/v2\/media\/132893"}],"wp:attachment":[{"href":"http:\/\/hoycordobaweb.com\/index.php\/wp-json\/wp\/v2\/media?parent=132892"}],"wp:term":[{"taxonomy":"category","embeddable":true,"href":"http:\/\/hoycordobaweb.com\/index.php\/wp-json\/wp\/v2\/categories?post=132892"},{"taxonomy":"post_tag","embeddable":true,"href":"http:\/\/hoycordobaweb.com\/index.php\/wp-json\/wp\/v2\/tags?post=132892"}],"curies":[{"name":"wp","href":"https:\/\/api.w.org\/{rel}","templated":true}]}}