{"id":132888,"date":"2026-03-13T23:57:00","date_gmt":"2026-03-13T23:57:00","guid":{"rendered":"https:\/\/www.ole.com.ar\/fuera-de-juego\/padel-futbol-futbolistas-chile-seleccion-torneo_0_zIJJEUryVb.html"},"modified":"2026-03-13T23:57:00","modified_gmt":"2026-03-13T23:57:00","slug":"ex-futbolistas-y-un-duelo-al-padel-entre-argentina-y-chile","status":"publish","type":"post","link":"http:\/\/hoycordobaweb.com\/index.php\/2026\/03\/13\/ex-futbolistas-y-un-duelo-al-padel-entre-argentina-y-chile\/","title":{"rendered":"Ex futbolistas y un duelo al padel entre Argentina y Chile"},"content":{"rendered":"<p><img src=\"http:\/\/hoycordobaweb.com\/wp-content\/uploads\/2026\/03\/ex-futbolistas-y-un-duelo-al-padel-entre-argentina-y-chile.jpg\"><\/p>\n<p><time class=\"createDate\" datetime=\"2026-03-13T20:57:00-03:00\">13\/03\/2026 20:57hs.<\/time><\/p>\n<div id=\"storyBody\">\n<div id=\"element-body-0\" class=\"sc-136cd478-0 ekTCfV\" readability=\"36\">\n<p>Desde hace rato que <strong>el padel se volvi\u00f3 un deporte muy popular entre los futbolistas<\/strong> y cada vez son m\u00e1s los que lo juegan. Es habitual ver a jugadores o entrenadores subiendo fotos donde agarran la pala para no perder el ritmo o para salir de la rutina. Claro, algunos compiten a un nivel m\u00e1s exigente y ahora <strong>se arm\u00f3 una Selecci\u00f3n Argentina de padel pero integrada por ex futbolistas<\/strong> que este viernes comenz\u00f3 a jugar <strong>un torneo en Chile ante el combinado local.<\/strong><\/p>\n<\/div>\n<div class=\"sc-e7b891c4-0 ifHnQL image-embed\" id=\"element-body-1\"><img alt=\"Pablo Mouche tambi\u00e9n juega para la Selecci\u00f3n Argentina FUPA. (Foto: Prensa FUPA).\" loading=\"lazy\" width=\"720\" height=\"100\" decoding=\"async\" data-nimg=\"1\" src=\"http:\/\/hoycordobaweb.com\/wp-content\/uploads\/2026\/03\/ex-futbolistas-y-un-duelo-al-padel-entre-argentina-y-chile-2.jpg\"><span class=\"epigraphe\">Pablo Mouche tambi\u00e9n juega para la Selecci\u00f3n Argentina FUPA. (Foto: Prensa FUPA).<\/span><\/div>\n<div id=\"element-body-2\" class=\"sc-136cd478-0 ekTCfV\" readability=\"50\">\n<p><strong>Pablo Mouche, Nico Navarro, Jon\u00e1s Guti\u00e9rrez, Tano Pernia, Emanuel Rivas, Diego Mendoza, Carlos Matheu y Tom\u00e1s Costa<\/strong> fueron los que viajaron al otro lado de la Cordillera para medirse contra Chile, que tambi\u00e9n tiene nombres importantes: <strong>Beausejour, Carmona, Orellana, Villanueva, Valdivia jorge, Valdivia Claudio, Seymour, Vergara Ad\u00e1n, Etienne y Jara.<\/strong><\/p>\n<\/div>\n<div id=\"element-body-3\" class=\"sc-136cd478-0 ekTCfV\" readability=\"35\">\n<p>FUPA (f\u00fatbol \u2013 padel) naci\u00f3 hace un a\u00f1os y medio en Argentina y ya cuenta con <strong>seis ediciones en Buenos Aires<\/strong>, en varias de ellas supo contar con la presencia de ex jugadores extranjeros pero esta vez <strong>ser\u00e1 el primer duelo internacional.<\/strong><\/p>\n<\/div>\n<div class=\"sc-e7b891c4-0 ifHnQL image-embed\" id=\"element-body-4\"><img alt=\"Valdivia vino a jugar a Buenos Aires en una de las ediciones de FUPA, ahora estar\u00e1 defendiendo a su pa\u00eds. (Foto: Prensa FUPA).\" loading=\"lazy\" width=\"720\" height=\"100\" decoding=\"async\" data-nimg=\"1\" src=\"http:\/\/hoycordobaweb.com\/wp-content\/uploads\/2026\/03\/ex-futbolistas-y-un-duelo-al-padel-entre-argentina-y-chile-3.jpg\"><span class=\"epigraphe\">Valdivia vino a jugar a Buenos Aires en una de las ediciones de FUPA, ahora estar\u00e1 defendiendo a su pa\u00eds. (Foto: Prensa FUPA).<\/span><\/div>\n<div id=\"element-body-5\" class=\"sc-136cd478-0 ekTCfV\" readability=\"34\">\n<p>Claro que adem\u00e1s hay presi\u00f3n: es que los duelos (son cuatro partidos por pareja entre el viernes y el domingo) <strong>sumar\u00e1n puntos para ver qu\u00e9 selecci\u00f3n se queda con el Torneo de Leyendas<\/strong> y la competencia ser\u00e1 parte del Torneo Amateur Enigma.<\/p>\n<\/div>\n<div id=\"element-body-6\" class=\"sc-136cd478-0 ekTCfV\" readability=\"36\">\n<p>Hay m\u00e1s por delante porque este es el primer paso de muchos: <strong>la idea es que haya m\u00e1s duelos en distintos pa\u00edses de la regi\u00f3n y hasta se proyecta el cruce entre sudamericanos y europeos<\/strong>. Mientras, la competencia sigue, claro&#8230;<\/p>\n<\/div>\n<div id=\"element-body-7\" class=\"sc-a7166897-0 eoLsBE\" readability=\"31.5\">\n<section readability=\"3\"><picture><img alt=\"Con gol de Aquino, Lan\u00fas derrot\u00f3 a Estudiantes en UNO\" loading=\"lazy\" width=\"290\" height=\"290\" decoding=\"async\" data-nimg=\"1\" src=\"http:\/\/hoycordobaweb.com\/wp-content\/uploads\/2026\/03\/ex-futbolistas-y-un-duelo-al-padel-entre-argentina-y-chile-4.jpg\"><\/picture>\n<p><span>Mir\u00e1 tambi\u00e9n<\/span><\/p>\n<hr>\n<h3>Con gol de Aquino, Lan\u00fas derrot\u00f3 a Estudiantes en UNO<\/h3>\n<\/p>\n<\/section>\n<\/div>\n<div id=\"element-body-8\" class=\"sc-a7166897-0 eoLsBE\" readability=\"31\">\n<section readability=\"2\"><picture><img alt=\"Los ajustes que analiza Quinteros en Independiente para visitar a Instituto\" loading=\"lazy\" width=\"290\" height=\"290\" decoding=\"async\" data-nimg=\"1\" src=\"http:\/\/hoycordobaweb.com\/wp-content\/uploads\/2026\/03\/ex-futbolistas-y-un-duelo-al-padel-entre-argentina-y-chile-5.jpg\"><\/picture>\n<p><span>Mir\u00e1 tambi\u00e9n<\/span><\/p>\n<hr>\n<h3>Los ajustes que analiza Quinteros en Independiente para visitar a Instituto<\/h3>\n<\/p>\n<\/section>\n<\/div>\n<div id=\"element-body-9\" class=\"sc-a7166897-0 eoLsBE\" readability=\"31\">\n<section readability=\"2\"><picture><img alt=\"San Lorenzo y Boca empataron en el arranque del f\u00fatbol femenino\" loading=\"lazy\" width=\"290\" height=\"290\" decoding=\"async\" data-nimg=\"1\" src=\"http:\/\/hoycordobaweb.com\/wp-content\/uploads\/2026\/03\/ex-futbolistas-y-un-duelo-al-padel-entre-argentina-y-chile-6.jpg\"><\/picture>\n<p><span>Mir\u00e1 tambi\u00e9n<\/span><\/p>\n<hr>\n<h3>San Lorenzo y Boca empataron en el arranque del f\u00fatbol femenino<\/h3>\n<\/p>\n<\/section>\n<\/div>\n<div id=\"element-body-10\" class=\"sc-a7166897-0 eoLsBE\" readability=\"31\">\n<section readability=\"2\"><picture><img alt=\"Cuarto intermedio entre UEFA y Conmebol para definir la sede de la Final\u00edssima\" loading=\"lazy\" width=\"290\" height=\"290\" decoding=\"async\" data-nimg=\"1\" src=\"http:\/\/hoycordobaweb.com\/wp-content\/uploads\/2026\/03\/ex-futbolistas-y-un-duelo-al-padel-entre-argentina-y-chile-7.jpg\"><\/picture>\n<p><span>Mir\u00e1 tambi\u00e9n<\/span><\/p>\n<hr>\n<h3>Cuarto intermedio entre UEFA y Conmebol para definir la sede de la Final\u00edssima<\/h3>\n<\/p>\n<\/section>\n<\/div>\n<\/div>\n","protected":false},"excerpt":{"rendered":"<p>13\/03\/2026 20:57hs. Desde hace rato que el padel se volvi\u00f3 un deporte muy popular entre los futbolistas y cada vez son m\u00e1s los que lo juegan. Es habitual ver a jugadores o entrenadores subiendo fotos donde agarran la pala para no perder el ritmo o para salir de la rutina. Claro, algunos compiten a un [&hellip;]<\/p>\n","protected":false},"author":1,"featured_media":132889,"comment_status":"open","ping_status":"closed","sticky":false,"template":"","format":"standard","meta":[],"categories":[16],"tags":[],"_links":{"self":[{"href":"http:\/\/hoycordobaweb.com\/index.php\/wp-json\/wp\/v2\/posts\/132888"}],"collection":[{"href":"http:\/\/hoycordobaweb.com\/index.php\/wp-json\/wp\/v2\/posts"}],"about":[{"href":"http:\/\/hoycordobaweb.com\/index.php\/wp-json\/wp\/v2\/types\/post"}],"author":[{"embeddable":true,"href":"http:\/\/hoycordobaweb.com\/index.php\/wp-json\/wp\/v2\/users\/1"}],"replies":[{"embeddable":true,"href":"http:\/\/hoycordobaweb.com\/index.php\/wp-json\/wp\/v2\/comments?post=132888"}],"version-history":[{"count":0,"href":"http:\/\/hoycordobaweb.com\/index.php\/wp-json\/wp\/v2\/posts\/132888\/revisions"}],"wp:featuredmedia":[{"embeddable":true,"href":"http:\/\/hoycordobaweb.com\/index.php\/wp-json\/wp\/v2\/media\/132889"}],"wp:attachment":[{"href":"http:\/\/hoycordobaweb.com\/index.php\/wp-json\/wp\/v2\/media?parent=132888"}],"wp:term":[{"taxonomy":"category","embeddable":true,"href":"http:\/\/hoycordobaweb.com\/index.php\/wp-json\/wp\/v2\/categories?post=132888"},{"taxonomy":"post_tag","embeddable":true,"href":"http:\/\/hoycordobaweb.com\/index.php\/wp-json\/wp\/v2\/tags?post=132888"}],"curies":[{"name":"wp","href":"https:\/\/api.w.org\/{rel}","templated":true}]}}