{"id":132884,"date":"2026-03-14T00:07:58","date_gmt":"2026-03-14T00:07:58","guid":{"rendered":"https:\/\/www.ole.com.ar\/musica\/musica-caballeros-quema-abril-art-media-buenos-aires_0_33DOHQZcFZ.html"},"modified":"2026-03-14T00:07:58","modified_gmt":"2026-03-14T00:07:58","slug":"los-caballeros-de-la-quema-y-otro-show-en-buenos-aires","status":"publish","type":"post","link":"http:\/\/hoycordobaweb.com\/index.php\/2026\/03\/14\/los-caballeros-de-la-quema-y-otro-show-en-buenos-aires\/","title":{"rendered":"Los Caballeros de la Quema y otro show en Buenos Aires"},"content":{"rendered":"<p><img src=\"http:\/\/hoycordobaweb.com\/wp-content\/uploads\/2026\/03\/los-caballeros-de-la-quema-y-otro-show-en-buenos-aires.jpg\"><\/p>\n<p><time class=\"createDate\" datetime=\"2026-03-13T21:07:58-03:00\">13\/03\/2026 21:07hs.<\/time><\/p>\n<div id=\"storyBody\">\n<div id=\"element-body-0\" class=\"sc-136cd478-0 ekTCfV\" readability=\"38\">\n<p>El jueves <strong>30 de abril, Los Caballeros de la Quema<\/strong> se presentar\u00e1n en <strong>Complejo C Art Media<\/strong> en una noche que promete reunir lo mejor de su historia con la potencia de su presente. <strong> Ser\u00e1 la primera vez que la banda toque en este espacio<\/strong>, en un show que se anticipa multitudinario pero con esp\u00edritu intimista, ideal para vivir de cerca la intensidad de una de las bandas fundamentales del rock argentino.<\/p>\n<\/div>\n<div id=\"element-body-1\" class=\"sc-136cd478-0 ekTCfV\" readability=\"44\">\n<p>Con <strong>su caracter\u00edstico formato de recitales largos, llenos de sorpresas y rock and roll<\/strong>, el grupo repasar\u00e1 los grandes cl\u00e1sicos que marcaron a varias generaciones: Avanti Morocha, Fulanos de Nadie, Sapo de otro pozo, Oxidado, Otro jueves cobarde y Todos atr\u00e1s y Dios de 9, entre muchos otros. <strong>Tampoco faltar\u00e1n las canciones de Fiesta de Zombis , su m\u00e1s reciente trabajo discogr\u00e1fico<\/strong>, con el que la banda contin\u00faa ampliando un repertorio que sigue sumando nuevas p\u00e1ginas a su historia.<\/p>\n<\/div>\n<div id=\"element-body-2\" class=\"sc-136cd478-0 ekTCfV\" readability=\"35\">\n<p>El show llega luego de un gran momento para el grupo: <strong>en octubre del a\u00f1o pasado presentaron ese disco en el Movistar Arena Buenos Aires<\/strong>, con un concierto que confirm\u00f3 la vigencia y el poder de convocatoria de la banda.<\/p>\n<\/div>\n<div id=\"element-body-3\" class=\"sc-136cd478-0 ekTCfV\" readability=\"41\">\n<p>A este presente activo tambi\u00e9n se suma <strong>el reciente estreno del documental Todos atr\u00e1s y Dios de 9, disponible en Flow<\/strong> desde fines de febrero. Dirigida por Lisandro Litwin, <strong>la serie de tres cap\u00edtulos recorre la historia de la banda desde adentro<\/strong>, a partir de material de archivo generado por los propios integrantes. El relato atraviesa todas las etapas: <strong>los inicios, el crecimiento, el apogeo, la separaci\u00f3n y el reencuentro dos d\u00e9cadas despu\u00e9s<\/strong>.<\/p>\n<\/div>\n<div id=\"element-body-4\" class=\"sc-136cd478-0 ekTCfV\" readability=\"37\">\n<p>M\u00e1s que un repaso musical, <strong> el documental funciona como una mirada a la historia personal y colectiva de los a\u00f1os noventa en Argentina<\/strong>, a trav\u00e9s de canciones que permanecen y se niegan a ser olvidadas. Un testimonio sobre el paso del tiempo y sobre c\u00f3mo una banda puede sostenerse a pesar de los conflictos y las diferencias.<\/p>\n<\/div>\n<div id=\"element-body-5\" class=\"sc-136cd478-0 ekTCfV\" readability=\"39\">\n<p>Las entradas para el show en el Complejo C Art Media est\u00e1n disponibles en la plataforma Passline, mientras que ya hay m\u00e1s fechas confirmadas en el interior del pa\u00eds: s\u00e1bado 28 de marzo tocar\u00e1n en C\u00f3rdoba junto a Los Caligaris, el mi\u00e9rcoles 29 de abril en la Fiesta Nacional del Surub\u00ed, en Goya, Corrientes y el s\u00e1bado 2 de mayo en la ciudad de Santa Fe. <\/p>\n<\/div>\n<div id=\"element-body-6\" class=\"sc-a7166897-0 eoLsBE\" readability=\"32\">\n<section readability=\"4\"><picture><img alt=\"F1 GP de China con Franco Colapinto, EN VIVO: horario y por d\u00f3nde ver la carrera Sprint y la clasificaci\u00f3n\" loading=\"lazy\" width=\"290\" height=\"290\" decoding=\"async\" data-nimg=\"1\" src=\"http:\/\/hoycordobaweb.com\/wp-content\/uploads\/2026\/03\/los-caballeros-de-la-quema-y-otro-show-en-buenos-aires-2.jpg\"><\/picture>\n<p><span>Mir\u00e1 tambi\u00e9n<\/span><\/p>\n<hr>\n<h3>F1 GP de China con Franco Colapinto, EN VIVO: horario y por d\u00f3nde ver la carrera Sprint y la clasificaci\u00f3n<\/h3>\n<\/p>\n<\/section>\n<\/div>\n<div id=\"element-body-7\" class=\"sc-a7166897-0 eoLsBE\" readability=\"31.5\">\n<section readability=\"3\"><picture><img alt=\"La particular preparaci\u00f3n de Sava para tratar de amargar el debut de Coudet en el Monumental\" loading=\"lazy\" width=\"290\" height=\"290\" decoding=\"async\" data-nimg=\"1\" src=\"http:\/\/hoycordobaweb.com\/wp-content\/uploads\/2026\/03\/los-caballeros-de-la-quema-y-otro-show-en-buenos-aires-3.jpg\"><\/picture>\n<p><span>Mir\u00e1 tambi\u00e9n<\/span><\/p>\n<hr>\n<h3>La particular preparaci\u00f3n de Sava para tratar de amargar el debut de Coudet en el Monumental<\/h3>\n<\/p>\n<\/section>\n<\/div>\n<div id=\"element-body-8\" class=\"sc-a7166897-0 eoLsBE\" readability=\"31\">\n<section readability=\"2\"><picture><img alt=\"El grotesco motivo por el que se demor\u00f3 Botafogo - Flamengo por el torneo femenino\" loading=\"lazy\" width=\"290\" height=\"290\" decoding=\"async\" data-nimg=\"1\" src=\"http:\/\/hoycordobaweb.com\/wp-content\/uploads\/2026\/03\/los-caballeros-de-la-quema-y-otro-show-en-buenos-aires-4.jpg\"><\/picture>\n<p><span>Mir\u00e1 tambi\u00e9n<\/span><\/p>\n<hr>\n<h3>El grotesco motivo por el que se demor\u00f3 Botafogo &#8211; Flamengo por el torneo femenino<\/h3>\n<\/p>\n<\/section>\n<\/div>\n<div id=\"element-body-9\" class=\"sc-a7166897-0 eoLsBE\" readability=\"31\">\n<section readability=\"2\"><picture><img alt=\"Ex futbolistas y un duelo al padel entre Argentina y Chile\" loading=\"lazy\" width=\"290\" height=\"290\" decoding=\"async\" data-nimg=\"1\" src=\"http:\/\/hoycordobaweb.com\/wp-content\/uploads\/2026\/03\/los-caballeros-de-la-quema-y-otro-show-en-buenos-aires-5.jpg\"><\/picture>\n<p><span>Mir\u00e1 tambi\u00e9n<\/span><\/p>\n<hr>\n<h3>Ex futbolistas y un duelo al padel entre Argentina y Chile<\/h3>\n<\/p>\n<\/section>\n<\/div>\n<\/div>\n","protected":false},"excerpt":{"rendered":"<p>13\/03\/2026 21:07hs. El jueves 30 de abril, Los Caballeros de la Quema se presentar\u00e1n en Complejo C Art Media en una noche que promete reunir lo mejor de su historia con la potencia de su presente. Ser\u00e1 la primera vez que la banda toque en este espacio, en un show que se anticipa multitudinario pero [&hellip;]<\/p>\n","protected":false},"author":1,"featured_media":132885,"comment_status":"open","ping_status":"closed","sticky":false,"template":"","format":"standard","meta":[],"categories":[16],"tags":[],"_links":{"self":[{"href":"http:\/\/hoycordobaweb.com\/index.php\/wp-json\/wp\/v2\/posts\/132884"}],"collection":[{"href":"http:\/\/hoycordobaweb.com\/index.php\/wp-json\/wp\/v2\/posts"}],"about":[{"href":"http:\/\/hoycordobaweb.com\/index.php\/wp-json\/wp\/v2\/types\/post"}],"author":[{"embeddable":true,"href":"http:\/\/hoycordobaweb.com\/index.php\/wp-json\/wp\/v2\/users\/1"}],"replies":[{"embeddable":true,"href":"http:\/\/hoycordobaweb.com\/index.php\/wp-json\/wp\/v2\/comments?post=132884"}],"version-history":[{"count":0,"href":"http:\/\/hoycordobaweb.com\/index.php\/wp-json\/wp\/v2\/posts\/132884\/revisions"}],"wp:featuredmedia":[{"embeddable":true,"href":"http:\/\/hoycordobaweb.com\/index.php\/wp-json\/wp\/v2\/media\/132885"}],"wp:attachment":[{"href":"http:\/\/hoycordobaweb.com\/index.php\/wp-json\/wp\/v2\/media?parent=132884"}],"wp:term":[{"taxonomy":"category","embeddable":true,"href":"http:\/\/hoycordobaweb.com\/index.php\/wp-json\/wp\/v2\/categories?post=132884"},{"taxonomy":"post_tag","embeddable":true,"href":"http:\/\/hoycordobaweb.com\/index.php\/wp-json\/wp\/v2\/tags?post=132884"}],"curies":[{"name":"wp","href":"https:\/\/api.w.org\/{rel}","templated":true}]}}