{"id":132877,"date":"2026-03-13T12:31:51","date_gmt":"2026-03-13T12:31:51","guid":{"rendered":"https:\/\/ladecimaweb.com\/?p=33938"},"modified":"2026-03-13T12:31:51","modified_gmt":"2026-03-13T12:31:51","slug":"la-inflacion-de-febrero-fue-29-y-acumulo-59-en-el-primer-bimestre","status":"publish","type":"post","link":"http:\/\/hoycordobaweb.com\/index.php\/2026\/03\/13\/la-inflacion-de-febrero-fue-29-y-acumulo-59-en-el-primer-bimestre\/","title":{"rendered":"La inflaci\u00f3n de febrero fue 2,9% y acumul\u00f3 5,9% en el primer bimestre"},"content":{"rendered":"<div class=\"boldgrid-section\">\n<div class=\"container\">\n<div class=\"row\">\n<div class=\"col-md-12 col-xs-12 col-sm-12\">\n<p class=\"\"><a href=\"https:\/\/noticiasargentinas.com\/\"><strong>Buenos Aires, 12 marzo (NA) \u2013<\/strong><\/a><span>&nbsp;<\/span><em>La inflaci\u00f3n de febrero fue de&nbsp;<strong>2,9 por ciento y 5,9% en el primer bimestre<\/strong>, seg\u00fan inform\u00f3 este jueves el Indec.<\/em><\/p>\n<p class=\"\">De esta forma, el IPC no retrocede desde hace nueve meses.<\/p>\n<p class=\"\">En cuanto a<strong> la variaci\u00f3n interanual, fue de 33,1 por ciento, seg\u00fan el relevamiento del organismo.<\/strong><\/p>\n<p class=\"\">La divisi\u00f3n de mayor aumento en el mes fue Vivienda, agua, electricidad, gas y otros<\/p>\n<p class=\"\">combustibles (6,8%), principalmente por la suba de tarifas de gas, agua y electricidad en la mayor\u00eda de las provincias y la modificaci\u00f3n de los esquemas de beneficiarios de tarifa con y sin subsidio.<\/p>\n<p>La segunda divisi\u00f3n con mayor aumento fue Alimentos y bebidas no alcoh\u00f3licas (3,3%).<\/p>\n<p>La divisi\u00f3n con mayor incidencia en la variaci\u00f3n mensual regional fue Alimentos y bebidas no alcoh\u00f3licas, principalmente por la suba de Carnes y derivados, a excepci\u00f3n de Patagonia, donde la mayor incidencia se observ\u00f3 en Vivienda, agua, electricidad, gas y otros combustibles.<\/p>\n<p>Las dos divisiones que registraron las menores variaciones en febrero de 2026 fueron Bebidas alcoh\u00f3licas y tabaco (0,6%) y Prendas de vestir y calzado (0,0%).<\/p>\n<p>A nivel de las categor\u00edas, los precios Regulados (4,3%) tuvieron el mayor incremento, seguidos de IPC n\u00facleo (3,1%) y Estacionales (-1,3%).<\/p>\n<p>El petr\u00f3leo sigue en alza.<\/p>\n<p>La publicaci\u00f3n del IPC de febrero se da en plena suba del barril del petr\u00f3leo producto del conflicto b\u00e9lico en Medio Oriente, aunque este fen\u00f3meno deber\u00eda verse reflejado reci\u00e9n en un posible aumento de precios en el \u00edndice del mes que viene.<\/p>\n<p class=\"\">La inflaci\u00f3n del Indec se mostr\u00f3 por encima del \u00edndice que difundi\u00f3 en los \u00faltimos d\u00edas la Ciudad, con un incremento de 2,6%, menor al 3,1% de enero.&nbsp;<\/p>\n<p>Acumula as\u00ed en los primeros dos meses del a\u00f1o una suba de 5,7% y una trayectoria interanual del 32,4%, de acuerdo a los datos del Instituto de Estad\u00edstica y Censos de la Ciudad de Buenos Aires.&nbsp;<\/p>\n<p>El 2,6% de febrero de este a\u00f1o es mayor al 2,1% de igual mes de 2025.<\/p>\n<p class=\"\">A pesar de esta aceleraci\u00f3n, el presidente Javier Milei ha asegurado en diversos discursos y entrevistas que para agosto de este a\u00f1o &#8220;la inflaci\u00f3n comenzar\u00e1 con cero&#8221;, es decir, ser\u00e1 casi nula.<\/p>\n<p title=\"__IP__\" data-ipspy=\"__IP__\">En febrero, el Indec se encontraba atravesado por la pol\u00e9mica salida de Marco Lavagna del organismo, luego de que desde el Gobierno decidieran no utilizar la nueva metodolog\u00eda para medir la inflaci\u00f3n, que se ven\u00eda preparando desde 2017.<span data-nosnippet=\"\">__IP__<\/span><\/p>\n<p class=\"\">Ahora, el nuevo titular, Pedro Lines, comenz\u00f3 a analizar diferentes alternativas para actualizar el indicador y dejar atr\u00e1s la metodolog\u00eda vigente, que ya tiene un atraso de 20 a\u00f1os y es objetada por el Fondo Monetario.<\/p>\n<p><a href=\"https:\/\/noticiasargentinas.com\/-agenciana_t6916e70a4551e78eb9423f59\">#AgenciaNA<\/a>&nbsp;<\/p>\n<p>&nbsp;<\/p>\n<div class=\"ubm_banner\"><a href=\"https:\/\/www.epec.com.ar\/\" target=\"_self\" rel=\"dofollow noopener noreferrer\"><img src=\"http:\/\/hoycordobaweb.com\/wp-content\/uploads\/2026\/03\/la-inflacion-de-febrero-fue-29-y-acumulo-59-en-el-primer-bimestre.gif\" alt=\"\"><\/a><\/div>\n<\/div>\n<\/div>\n<\/div>\n<\/div>\n<p>La entrada <a rel=\"nofollow\" href=\"https:\/\/ladecimaweb.com\/la-inflacion-de-febrero-fue-29-y-acumulo-59-en-el-primer-bimestre\/\">La inflaci\u00f3n de febrero fue 2,9% y acumul\u00f3 5,9% en el primer bimestre<\/a> se public\u00f3 primero en <a rel=\"nofollow\" href=\"https:\/\/ladecimaweb.com\">LaDecima<\/a>.<\/p>\n","protected":false},"excerpt":{"rendered":"<p>Buenos Aires, 12 marzo (NA) \u2013&nbsp;La inflaci\u00f3n de febrero fue de&nbsp;2,9 por ciento y 5,9% en el primer bimestre, seg\u00fan inform\u00f3 este jueves el Indec. De esta forma, el IPC no retrocede desde hace nueve meses. En cuanto a la variaci\u00f3n interanual, fue de 33,1 por ciento, seg\u00fan el relevamiento del organismo. La divisi\u00f3n de [&hellip;]<\/p>\n","protected":false},"author":1,"featured_media":0,"comment_status":"closed","ping_status":"closed","sticky":false,"template":"","format":"standard","meta":[],"categories":[32],"tags":[],"_links":{"self":[{"href":"http:\/\/hoycordobaweb.com\/index.php\/wp-json\/wp\/v2\/posts\/132877"}],"collection":[{"href":"http:\/\/hoycordobaweb.com\/index.php\/wp-json\/wp\/v2\/posts"}],"about":[{"href":"http:\/\/hoycordobaweb.com\/index.php\/wp-json\/wp\/v2\/types\/post"}],"author":[{"embeddable":true,"href":"http:\/\/hoycordobaweb.com\/index.php\/wp-json\/wp\/v2\/users\/1"}],"replies":[{"embeddable":true,"href":"http:\/\/hoycordobaweb.com\/index.php\/wp-json\/wp\/v2\/comments?post=132877"}],"version-history":[{"count":0,"href":"http:\/\/hoycordobaweb.com\/index.php\/wp-json\/wp\/v2\/posts\/132877\/revisions"}],"wp:attachment":[{"href":"http:\/\/hoycordobaweb.com\/index.php\/wp-json\/wp\/v2\/media?parent=132877"}],"wp:term":[{"taxonomy":"category","embeddable":true,"href":"http:\/\/hoycordobaweb.com\/index.php\/wp-json\/wp\/v2\/categories?post=132877"},{"taxonomy":"post_tag","embeddable":true,"href":"http:\/\/hoycordobaweb.com\/index.php\/wp-json\/wp\/v2\/tags?post=132877"}],"curies":[{"name":"wp","href":"https:\/\/api.w.org\/{rel}","templated":true}]}}