{"id":132876,"date":"2026-03-13T22:23:39","date_gmt":"2026-03-13T22:23:39","guid":{"rendered":"http:\/\/hoycordobaweb.com\/index.php\/2026\/03\/13\/netflix-prepara-serie-sobre-la-turbulenta-vida-de-frida-kahlo-y-diego-rivera-confidencial\/"},"modified":"2026-03-13T22:23:39","modified_gmt":"2026-03-13T22:23:39","slug":"netflix-prepara-serie-sobre-la-turbulenta-vida-de-frida-kahlo-y-diego-rivera-confidencial","status":"publish","type":"post","link":"http:\/\/hoycordobaweb.com\/index.php\/2026\/03\/13\/netflix-prepara-serie-sobre-la-turbulenta-vida-de-frida-kahlo-y-diego-rivera-confidencial\/","title":{"rendered":"<b>Netflix<\/b> prepara serie sobre la \u201cturbulenta\u201d vida de Frida Kahlo y Diego Rivera &#8211; Confidencial"},"content":{"rendered":"<p><b>Netflix<\/b> no anunci\u00f3 a\u00fan la fecha de estreno ni qui\u00e9n interpretar\u00e1 a Frida Kahlo &#8230; Sign up for our weekly newsletter. We will send it to you every&nbsp;&#8230; <\/p>\n","protected":false},"excerpt":{"rendered":"<p>Netflix no anunci\u00f3 a\u00fan la fecha de estreno ni qui\u00e9n interpretar\u00e1 a Frida Kahlo &#8230; Sign up for our weekly newsletter. We will send it to you every&nbsp;&#8230;<\/p>\n","protected":false},"author":1,"featured_media":0,"comment_status":"closed","ping_status":"closed","sticky":false,"template":"","format":"standard","meta":[],"categories":[23],"tags":[],"_links":{"self":[{"href":"http:\/\/hoycordobaweb.com\/index.php\/wp-json\/wp\/v2\/posts\/132876"}],"collection":[{"href":"http:\/\/hoycordobaweb.com\/index.php\/wp-json\/wp\/v2\/posts"}],"about":[{"href":"http:\/\/hoycordobaweb.com\/index.php\/wp-json\/wp\/v2\/types\/post"}],"author":[{"embeddable":true,"href":"http:\/\/hoycordobaweb.com\/index.php\/wp-json\/wp\/v2\/users\/1"}],"replies":[{"embeddable":true,"href":"http:\/\/hoycordobaweb.com\/index.php\/wp-json\/wp\/v2\/comments?post=132876"}],"version-history":[{"count":0,"href":"http:\/\/hoycordobaweb.com\/index.php\/wp-json\/wp\/v2\/posts\/132876\/revisions"}],"wp:attachment":[{"href":"http:\/\/hoycordobaweb.com\/index.php\/wp-json\/wp\/v2\/media?parent=132876"}],"wp:term":[{"taxonomy":"category","embeddable":true,"href":"http:\/\/hoycordobaweb.com\/index.php\/wp-json\/wp\/v2\/categories?post=132876"},{"taxonomy":"post_tag","embeddable":true,"href":"http:\/\/hoycordobaweb.com\/index.php\/wp-json\/wp\/v2\/tags?post=132876"}],"curies":[{"name":"wp","href":"https:\/\/api.w.org\/{rel}","templated":true}]}}