{"id":132858,"date":"2026-03-12T15:54:58","date_gmt":"2026-03-12T15:54:58","guid":{"rendered":"https:\/\/www.mujerhoy.com\/moda\/no-te-pierdas\/vestidos-invitada-temporada-primavera-verano-favoritos-20260312093746-nt.html"},"modified":"2026-03-12T15:54:58","modified_gmt":"2026-03-12T15:54:58","slug":"ya-estan-aqui-los-primeros-vestidos-de-invitada-de-la-temporada-primavera-verano-y-estos-son-los-favoritos","status":"publish","type":"post","link":"http:\/\/hoycordobaweb.com\/index.php\/2026\/03\/12\/ya-estan-aqui-los-primeros-vestidos-de-invitada-de-la-temporada-primavera-verano-y-estos-son-los-favoritos\/","title":{"rendered":"Ya est\u00e1n aqu\u00ed los primeros vestidos de invitada de la temporada primavera-verano y estos son los favoritos"},"content":{"rendered":"<p><!-- AUTHOR --><\/p>\n<div class=\"voc-author-timesocial \">\n<!-- AUTHOR --><\/p>\n<div class=\"voc-author-timesocial__signature \">\n<!-- IMAGE AUTHOR -->\n<picture class=\"voc-image-signature\">\n<img class=\"voc-image-signature__img\" src=\"http:\/\/hoycordobaweb.com\/wp-content\/uploads\/2026\/03\/ya-estan-aqui-los-primeros-vestidos-de-invitada-de-la-temporada-primavera-verano-y-estos-son-los-favoritos.jpg\" alt=\"Raquel Rodr\u00edguez\">\n<\/picture>\n<!-- INFO AUTHOR --> <\/div><\/div>\n<p><!-- COMPONENTS --><\/p>\n<p class=\"voc-paragraph\">Las <strong>tendencias para invitadas de la primavera <\/strong>2026 lo dejan claro: los looks elegantes y sofisticados marcar\u00e1n la pauta este a\u00f1o, combinando estilo y comodidad. Unas propuestas en la que los estampados originales son los oabsolutos protagonistas y los tejidos que se muevan con facilidad, perfectos para adaptarse a la ceremonia y la celebraci\u00f3n, son los favoritos.<\/p>\n<p class=\"voc-paragraph\">Con estas premisas, seleccionamos algunos de los primeros<a href=\"https:\/\/www.mujerhoy.com\/moda\/no-te-pierdas\/vestidos-invitada-invierno-nueva-temporada-elegantes-femeninos-20251230141952-nt.html\" title=\"www.mujerhoy.com\" data-voc-vtm-id=\"in-text-traffic\" data-mrf-link=\"www.mujerhoy.com\"> vestidos de invitada <\/a>favoritos para esta temporada. Algunas firma sya han lanzado las primeras pinceladas de sus <strong>colecciones de fiesta <\/strong>y este es el mejor resumen si tienes boda a la vista. \u00bfCon cu\u00e1l te quedas?<\/p>\n<div class=\"v-c-cmp v-c-cmp--t1 \">\n<div class=\"v-cmp-rld v-cmp-rld--2 \">\n<div class=\"v-cnt-m v-cnt-m--m\">\n<div class=\"v-cnt-m__c\">\n<div class=\"v-cnt-m__w v-cnt-m__w--1\">\n<p class=\"v-cnt-m__t\">\nTAMBI\u00c9N TE INTERESA\n<\/p>\n<\/div>\n<\/div>\n<\/div>\n<div class=\"v-g v-g--2-c v-g--bdr-min-xs\">\n<div class=\"v-g__c \">\n<article class=\"v-a v-a--cmp-rld v-a--cmp-rld-2 v-a--p-l\">\n<div class=\"v-a-img-c\">\n<figure class=\"v-a-fig\">\n<a href=\"https:\/\/www.mujerhoy.com\/moda\/no-te-pierdas\/zara-primavera-vestidos-entretiempos-pantalones-tipazo-complementos-rojos-entretiempo-20260223072325-nt.html#vtm_modulosEngag=mod-rel:moda:noticia:1:cmp:2-not\" class=\"v-a-link\" title=\"Las compras de Zara de la semana: vestidos de entretiempo, pantalones que hacen tipazo y zapatos rojos\"><br \/>\n<img loading=\"lazy\" class=\"v-a-img\" src=\"http:\/\/hoycordobaweb.com\/wp-content\/uploads\/2026\/03\/ya-estan-aqui-los-primeros-vestidos-de-invitada-de-la-temporada-primavera-verano-y-estos-son-los-favoritos-1.jpg\" alt=\"Las compras de Zara de la semana: vestidos de entretiempo, pantalones que hacen tipazo y zapatos rojos\"><br \/>\n<\/a><br \/>\n<\/figure>\n<\/div>\n<\/article>\n<\/div>\n<div class=\"v-g__c \">\n<article class=\"v-a v-a--cmp-rld v-a--cmp-rld-2 v-a--p-l\">\n<div class=\"v-a-img-c\">\n<figure class=\"v-a-fig\">\n<a href=\"https:\/\/www.mujerhoy.com\/moda\/no-te-pierdas\/sofia-palazuelo-truco-estilo-llevar-transparencias-look-invitada-primavera-20260223142956-nt.html#vtm_modulosEngag=mod-rel:moda:noticia:2:cmp:2-not\" class=\"v-a-link\" title=\"Sof\u00eda Palazuelo tiene el truco de estilo definitivo para llevar transparencias en tus looks de invitada esta primavera\"><br \/>\n<img loading=\"lazy\" class=\"v-a-img\" src=\"http:\/\/hoycordobaweb.com\/wp-content\/uploads\/2026\/03\/ya-estan-aqui-los-primeros-vestidos-de-invitada-de-la-temporada-primavera-verano-y-estos-son-los-favoritos-2.jpg\" alt=\"Sof\u00eda Palazuelo tiene el truco de estilo definitivo para llevar transparencias en tus looks de invitada esta primavera\"><br \/>\n<\/a><br \/>\n<\/figure>\n<\/div>\n<\/article>\n<\/div>\n<\/div>\n<\/div>\n<\/div>\n<div class=\"v-c-cmp \">\n<div class=\"v-cmp-m v-cmp-m--t1\">\n<article class=\"v-a v-a--cmp-m v-c-cmp--m-p\">\n<div class=\"v-a-img-c v-a-img-c--fw-xs\">\n<div class=\"v-a-fig\">\n<div class=\"v-a-link\">\n<img loading=\"lazy\" src=\"http:\/\/hoycordobaweb.com\/wp-content\/uploads\/2026\/03\/ya-estan-aqui-los-primeros-vestidos-de-invitada-de-la-temporada-primavera-verano-y-estos-son-los-favoritos-3.jpg\" class=\"v-a-img\" width=\"650\" height=\"975\" alt data-voc-vtm-id=\"in-text-traffic\">\n<\/div>\n<\/div>\n<\/div>\n<\/article>\n<\/div>\n<\/div>\n<p><h3 class=\"v-cmp-suh\">\nRedondo Brand<br \/>\n<\/h3>\n<\/p>\n<p class=\"voc-paragraph\">Esta temporada, Redondo Brand apuesta por una sofisticaci\u00f3n muy audaz donde el tejido y el color se convierte en protagonista absoluto. Los tejidos texturizados en tonos cobre, los tules et\u00e9reos y los estampados desflecados a\u00f1aden dimensi\u00f3n y riqueza visual, creando piezas que capturan la luz y el movimiento con cada paso.<\/p>\n<div class=\"v-c-cmp \">\n<div class=\"v-cmp-m v-cmp-m--t1\">\n<article class=\"v-a v-a--cmp-m v-c-cmp--m-p\">\n<div class=\"v-a-img-c v-a-img-c--fw-xs\">\n<div class=\"v-a-fig\">\n<div class=\"v-a-link\">\n<img loading=\"lazy\" src=\"http:\/\/hoycordobaweb.com\/wp-content\/uploads\/2026\/03\/ya-estan-aqui-los-primeros-vestidos-de-invitada-de-la-temporada-primavera-verano-y-estos-son-los-favoritos-4.jpg\" class=\"v-a-img\" width=\"650\" height=\"975\" alt data-voc-vtm-id=\"in-text-traffic\">\n<\/div>\n<\/div>\n<\/div>\n<\/article>\n<\/div>\n<\/div>\n<p><h3 class=\"v-cmp-suh\">\nVogana<br \/>\n<\/h3>\n<\/p>\n<p class=\"voc-paragraph\">La colecci\u00f3n Pre-Spring 26&#8242; nace como una propuesta de transici\u00f3n pensada para la mujer que busca versatilidad, estilo y funcionalidad sin renunciar al car\u00e1cter distintivo de la firma. La colecci\u00f3n se construye sobre un di\u00e1logo fluido entre invitada y casual, redefiniendo los l\u00edmites entre ambos universos y adapt\u00e1ndose a los distintos momentos del d\u00eda. Precio: 285 euros.<\/p>\n<div class=\"v-c-cmp \">\n<div class=\"v-cmp-m v-cmp-m--t1\">\n<article class=\"v-a v-a--cmp-m v-c-cmp--m-p\">\n<div class=\"v-a-img-c v-a-img-c--fw-xs\">\n<div class=\"v-a-fig\">\n<div class=\"v-a-link\">\n<img loading=\"lazy\" src=\"http:\/\/hoycordobaweb.com\/wp-content\/uploads\/2026\/03\/ya-estan-aqui-los-primeros-vestidos-de-invitada-de-la-temporada-primavera-verano-y-estos-son-los-favoritos-5.jpg\" class=\"v-a-img\" width=\"650\" height=\"975\" alt data-voc-vtm-id=\"in-text-traffic\">\n<\/div>\n<\/div>\n<\/div>\n<\/article>\n<\/div>\n<\/div>\n<p><h3 class=\"v-cmp-suh\">\nCoosy<br \/>\n<\/h3>\n<\/p>\n<p class=\"voc-paragraph\">Italia ha sido el pa\u00eds elegido, en concreto Roma y el arte que emana de sus calles, para presentar la nueva colecci\u00f3n. Un viaje a la Ciudad Eterna para presentar una nueva selecci\u00f3n de piezas que ya nos van acercando a la primavera y esos d\u00edas de sol que poco a poco van siendo m\u00e1s largos y c\u00e1lidos, de la mano de propuestas buc\u00f3licas como polka dots y entramados que se inspiran en la naturaleza con detalles florales. Precio: 180 euros.<\/p>\n<div class=\"v-c-cmp \">\n<div class=\"v-cmp-m v-cmp-m--t1\">\n<article class=\"v-a v-a--cmp-m v-c-cmp--m-p\">\n<div class=\"v-a-img-c v-a-img-c--fw-xs\">\n<div class=\"v-a-fig\">\n<div class=\"v-a-link\">\n<img loading=\"lazy\" src=\"http:\/\/hoycordobaweb.com\/wp-content\/uploads\/2026\/03\/ya-estan-aqui-los-primeros-vestidos-de-invitada-de-la-temporada-primavera-verano-y-estos-son-los-favoritos-6.jpg\" class=\"v-a-img\" width=\"650\" height=\"975\" alt data-voc-vtm-id=\"in-text-traffic\">\n<\/div>\n<\/div>\n<\/div>\n<\/article>\n<\/div>\n<\/div>\n<p><h3 class=\"v-cmp-suh\">\nPol\u00edn et Moi<br \/>\n<\/h3>\n<\/p>\n<p class=\"voc-paragraph\">\u00c9lys\u00e9e, la nueva colecci\u00f3n de invitada de Pol\u00edn et Moi se adentra en el territorio de una feminidad consciente: aquella que no necesita impostar para brillar. Inspirada en la luminosidad natural, la armon\u00eda cl\u00e1sica y una belleza que fluye sin artificios, la propuesta construye un imaginario atemporal donde la autenticidad es el verdadero lujo. Precio del vestido: 99,95 euros.<\/p>\n<div class=\"v-c-cmp \">\n<div class=\"v-cmp-m v-cmp-m--t1\">\n<article class=\"v-a v-a--cmp-m v-c-cmp--m-p\">\n<div class=\"v-a-img-c v-a-img-c--fw-xs\">\n<div class=\"v-a-fig\">\n<div class=\"v-a-link\">\n<img loading=\"lazy\" src=\"http:\/\/hoycordobaweb.com\/wp-content\/uploads\/2026\/03\/ya-estan-aqui-los-primeros-vestidos-de-invitada-de-la-temporada-primavera-verano-y-estos-son-los-favoritos-7.jpg\" class=\"v-a-img\" width=\"650\" height=\"975\" alt data-voc-vtm-id=\"in-text-traffic\">\n<\/div>\n<\/div>\n<\/div>\n<\/article>\n<\/div>\n<\/div>\n<p><h3 class=\"v-cmp-suh\">\nVictoria<br \/>\n<\/h3>\n<\/p>\n<p class=\"voc-paragraph\">Victoria Colecci\u00f3n lanza su nueva colecci\u00f3n de primavera\/verano 2026, con looks reci\u00e9n llegados que combinan tendencia, elegancia y detalles. Cada prenda busca transmitir un estilo \u00fanico, luminoso y sofisticado, pensado para quienes buscan destacarse con sutilidad y elegancia. Precio del vestido: 249 euros.<\/p>\n<div class=\"v-c-cmp \">\n<div class=\"v-cmp-m v-cmp-m--t1\">\n<article class=\"v-a v-a--cmp-m v-c-cmp--m-p\">\n<div class=\"v-a-img-c v-a-img-c--fw-xs\">\n<div class=\"v-a-fig\">\n<div class=\"v-a-link\">\n<img loading=\"lazy\" src=\"http:\/\/hoycordobaweb.com\/wp-content\/uploads\/2026\/03\/ya-estan-aqui-los-primeros-vestidos-de-invitada-de-la-temporada-primavera-verano-y-estos-son-los-favoritos-8.jpg\" class=\"v-a-img\" width=\"650\" height=\"975\" alt data-voc-vtm-id=\"in-text-traffic\">\n<\/div>\n<\/div>\n<\/div>\n<\/article>\n<\/div>\n<\/div>\n<p><h3 class=\"v-cmp-suh\">\nSimorra<br \/>\n<\/h3>\n<\/p>\n<p class=\"voc-paragraph\">Para la temporada primavera\u2013verano 2026, la moda ha evolucionado hacia una elegancia m\u00e1s expresiva, donde la t\u00e9cnica, los materiales y la dimensi\u00f3n creativa definen una nueva manera de vestir para los eventos m\u00e1s especiales. En este contexto, presenta su nueva colecci\u00f3n de fiesta perfecta para invitadas. Precio del vestido: 258 euros.<\/p>\n<div class=\"v-c-cmp \">\n<div class=\"v-cmp-m v-cmp-m--t1\">\n<article class=\"v-a v-a--cmp-m v-c-cmp--m-p\">\n<div class=\"v-a-img-c v-a-img-c--fw-xs\">\n<div class=\"v-a-fig\">\n<div class=\"v-a-link\">\n<img loading=\"lazy\" src=\"http:\/\/hoycordobaweb.com\/wp-content\/uploads\/2026\/03\/ya-estan-aqui-los-primeros-vestidos-de-invitada-de-la-temporada-primavera-verano-y-estos-son-los-favoritos-9.jpg\" class=\"v-a-img\" width=\"650\" height=\"975\" alt data-voc-vtm-id=\"in-text-traffic\">\n<\/div>\n<\/div>\n<\/div>\n<\/article>\n<\/div>\n<\/div>\n<p><h3 class=\"v-cmp-suh\">\nMiphai<br \/>\n<\/h3>\n<\/p>\n<p class=\"voc-paragraph\">Inspirada en la riqueza textil y crom\u00e1tica de Marruecos, esta colecci\u00f3n es un homenaje a la luz que transforma todo lo que toca. A esa claridad c\u00e1lida que ba\u00f1a los zocos al atardecer, que intensifica los estampados, que acaricia las celos\u00edas y convierte cada tejido en una declaraci\u00f3n de intenciones. \u00abNamaskar\u00bb captura ese instante suspendido en el tiempo donde la belleza se descubre en los detalles y el ritmo se ralentiza. Precio del conjunto: falda 109,99 euros, top 79,99 euros.<\/p>\n<div class=\"v-c-cmp \">\n<div class=\"v-cmp-m v-cmp-m--t1\">\n<article class=\"v-a v-a--cmp-m v-c-cmp--m-p\">\n<div class=\"v-a-img-c v-a-img-c--fw-xs\">\n<div class=\"v-a-fig\">\n<div class=\"v-a-link\">\n<img loading=\"lazy\" src=\"http:\/\/hoycordobaweb.com\/wp-content\/uploads\/2026\/03\/ya-estan-aqui-los-primeros-vestidos-de-invitada-de-la-temporada-primavera-verano-y-estos-son-los-favoritos-10.jpg\" class=\"v-a-img\" width=\"650\" height=\"975\" alt data-voc-vtm-id=\"in-text-traffic\">\n<\/div>\n<\/div>\n<\/div>\n<\/article>\n<\/div>\n<\/div>\n<p><h3 class=\"v-cmp-suh\">\nBo\u00fcret<br \/>\n<\/h3>\n<\/p>\n<p class=\"voc-paragraph\">Herminia, la nueva colecci\u00f3n de Verano 2026 de Bo\u00fcret, rinde homenaje a Herminia Borrell, mujer gallega nacida a finales del siglo XIX, pionera, elegante y radicalmente libre cuando la libertad femenina a\u00fan no ten\u00eda nombre. Los vestidos de gala florales en panam\u00e1 de algod\u00f3n reinterpretan la herencia desde una mirada contempor\u00e1nea, mientras los vestidos midi en popel\u00edn de algod\u00f3n, crep\u00e9 y tafet\u00e1n aportan estructura, ligereza y movimiento.<\/p>\n<div class=\"v-c-cmp \">\n<div class=\"v-cmp-m v-cmp-m--t1\">\n<article class=\"v-a v-a--cmp-m v-c-cmp--m-p\">\n<div class=\"v-a-img-c v-a-img-c--fw-xs\">\n<div class=\"v-a-fig\">\n<div class=\"v-a-link\">\n<img loading=\"lazy\" src=\"http:\/\/hoycordobaweb.com\/wp-content\/uploads\/2026\/03\/ya-estan-aqui-los-primeros-vestidos-de-invitada-de-la-temporada-primavera-verano-y-estos-son-los-favoritos-11.jpg\" class=\"v-a-img\" width=\"650\" height=\"975\" alt data-voc-vtm-id=\"in-text-traffic\">\n<\/div>\n<\/div>\n<\/div>\n<\/article>\n<\/div>\n<\/div>\n<p><h3 class=\"v-cmp-suh\">\nIQ Collection<br \/>\n<\/h3>\n<\/p>\n<p class=\"voc-paragraph\">Alora II es la nueva colecci\u00f3n que tiene como objetivo presentar una imagen muy clara: la forma c\u00f3mo identidad. Aqu\u00ed la cultura no es inspiraci\u00f3n superficial, es fundamento. La tradici\u00f3n no es nostalgia, es impulso creativo. Porque al final, dise\u00f1ar es lo mismo que construir, y construir es definir qui\u00e9n eres. Precio del vestido: 305 euros.<\/p>\n<div class=\"v-c-cmp \">\n<div class=\"v-cmp-m v-cmp-m--t1\">\n<article class=\"v-a v-a--cmp-m v-c-cmp--m-p\">\n<div class=\"v-a-img-c v-a-img-c--fw-xs\">\n<div class=\"v-a-fig\">\n<div class=\"v-a-link\">\n<img loading=\"lazy\" src=\"http:\/\/hoycordobaweb.com\/wp-content\/uploads\/2026\/03\/ya-estan-aqui-los-primeros-vestidos-de-invitada-de-la-temporada-primavera-verano-y-estos-son-los-favoritos-12.jpg\" class=\"v-a-img\" width=\"650\" height=\"975\" alt data-voc-vtm-id=\"in-text-traffic\">\n<\/div>\n<\/div>\n<\/div>\n<\/article>\n<\/div>\n<\/div>\n<p><h3 class=\"v-cmp-suh\">\nSophie &amp; Lucie<br \/>\n<\/h3>\n<\/p>\n<p class=\"voc-paragraph\">La nueva colecci\u00f3n de fiesta acaba de llegar y es perfecta para celebrar los 10 a\u00f1os de Sophie &amp; Lucie. Elegante, sofisticado, moderno y femenino, la firma lanza nuevas siluetas y estilos, dise\u00f1ados para hacerte so\u00f1ar y recibir muchos elogios por tu look. Precio: 360 euros.<\/p>\n<div class=\"v-c-cmp v-c-cmp--t1 \">\n<div class=\"v-cmp-rld v-cmp-rld--2 \">\n<div class=\"v-cnt-m v-cnt-m--m\">\n<div class=\"v-cnt-m__c\">\n<div class=\"v-cnt-m__w v-cnt-m__w--1\">\n<p class=\"v-cnt-m__t\">\nTAMBI\u00c9N TE INTERESA\n<\/p>\n<\/div>\n<\/div>\n<\/div>\n<div class=\"v-g v-g--2-c v-g--bdr-min-xs\">\n<div class=\"v-g__c \">\n<article class=\"v-a v-a--cmp-rld v-a--cmp-rld-2 v-a--p-l\">\n<div class=\"v-a-img-c\">\n<figure class=\"v-a-fig\">\n<a href=\"https:\/\/www.mujerhoy.com\/mujerhoy\/noticias\/202602\/11\/moda\/no-te-pierdas\/wet-dress-tendencia-vestidos.xml#vtm_modulosEngag=mod-rel:moda:noticia:1:cmp:2-not\" class=\"v-a-link\" title=\"El wet dress es el vestido favorito de las mujeres m\u00e1s elegantes: c\u00f3mo llevarlo y los m\u00e1s bonitos\"><br \/>\n<img loading=\"lazy\" class=\"v-a-img\" src=\"http:\/\/hoycordobaweb.com\/wp-content\/uploads\/2026\/03\/ya-estan-aqui-los-primeros-vestidos-de-invitada-de-la-temporada-primavera-verano-y-estos-son-los-favoritos-13.jpg\" alt=\"El wet dress es el vestido favorito de las mujeres m\u00e1s elegantes: c\u00f3mo llevarlo y los m\u00e1s bonitos\"><br \/>\n<\/a><br \/>\n<\/figure>\n<\/div>\n<\/article>\n<\/div>\n<div class=\"v-g__c \">\n<article class=\"v-a v-a--cmp-rld v-a--cmp-rld-2 v-a--p-l\">\n<div class=\"v-a-img-c\">\n<figure class=\"v-a-fig\">\n<a href=\"https:\/\/www.mujerhoy.com\/moda\/no-te-pierdas\/color-temporada-baby-blue-como-llevan-mejor-vestidas-20260215140121-nt.html#vtm_modulosEngag=mod-rel:moda:noticia:2:cmp:2-not\" class=\"v-a-link\" title=\"El color de la temporada es el baby blue y as\u00ed es como lo llevan las mejor vestidas\"><br \/>\n<img loading=\"lazy\" class=\"v-a-img\" src=\"http:\/\/hoycordobaweb.com\/wp-content\/uploads\/2026\/03\/ya-estan-aqui-los-primeros-vestidos-de-invitada-de-la-temporada-primavera-verano-y-estos-son-los-favoritos-14.jpg\" alt=\"El color de la temporada es el baby blue y as\u00ed es como lo llevan las mejor vestidas\"><br \/>\n<\/a><br \/>\n<\/figure>\n<\/div>\n<\/article>\n<\/div>\n<\/div>\n<\/div>\n<\/div>\n<div class=\"media_block\"><\/div>\n","protected":false},"excerpt":{"rendered":"<p>Las tendencias para invitadas de la primavera 2026 lo dejan claro: los looks elegantes y sofisticados marcar\u00e1n la pauta este a\u00f1o, combinando estilo y comodidad. Unas propuestas en la que los estampados originales son los oabsolutos protagonistas y los tejidos que se muevan con facilidad, perfectos para adaptarse a la ceremonia y la celebraci\u00f3n, son [&hellip;]<\/p>\n","protected":false},"author":1,"featured_media":132859,"comment_status":"closed","ping_status":"closed","sticky":false,"template":"","format":"standard","meta":[],"categories":[],"tags":[],"_links":{"self":[{"href":"http:\/\/hoycordobaweb.com\/index.php\/wp-json\/wp\/v2\/posts\/132858"}],"collection":[{"href":"http:\/\/hoycordobaweb.com\/index.php\/wp-json\/wp\/v2\/posts"}],"about":[{"href":"http:\/\/hoycordobaweb.com\/index.php\/wp-json\/wp\/v2\/types\/post"}],"author":[{"embeddable":true,"href":"http:\/\/hoycordobaweb.com\/index.php\/wp-json\/wp\/v2\/users\/1"}],"replies":[{"embeddable":true,"href":"http:\/\/hoycordobaweb.com\/index.php\/wp-json\/wp\/v2\/comments?post=132858"}],"version-history":[{"count":0,"href":"http:\/\/hoycordobaweb.com\/index.php\/wp-json\/wp\/v2\/posts\/132858\/revisions"}],"wp:featuredmedia":[{"embeddable":true,"href":"http:\/\/hoycordobaweb.com\/index.php\/wp-json\/wp\/v2\/media\/132859"}],"wp:attachment":[{"href":"http:\/\/hoycordobaweb.com\/index.php\/wp-json\/wp\/v2\/media?parent=132858"}],"wp:term":[{"taxonomy":"category","embeddable":true,"href":"http:\/\/hoycordobaweb.com\/index.php\/wp-json\/wp\/v2\/categories?post=132858"},{"taxonomy":"post_tag","embeddable":true,"href":"http:\/\/hoycordobaweb.com\/index.php\/wp-json\/wp\/v2\/tags?post=132858"}],"curies":[{"name":"wp","href":"https:\/\/api.w.org\/{rel}","templated":true}]}}