{"id":132856,"date":"2026-03-12T20:32:16","date_gmt":"2026-03-12T20:32:16","guid":{"rendered":"https:\/\/www.mujerhoy.com\/moda\/pasarelas\/mejores-looks-impresionantes-desfile-inaugural-omoda-madrid-moda-20260312002439-nt.html"},"modified":"2026-03-12T20:32:16","modified_gmt":"2026-03-12T20:32:16","slug":"omoda-madrid-es-moda-arranca-con-un-espectacular-desfile-en-la-plaza-de-espana-el-futuro-de-la-moda-de-autor-empieza-aqui-y-reivindica-la-artesania","status":"publish","type":"post","link":"http:\/\/hoycordobaweb.com\/index.php\/2026\/03\/12\/omoda-madrid-es-moda-arranca-con-un-espectacular-desfile-en-la-plaza-de-espana-el-futuro-de-la-moda-de-autor-empieza-aqui-y-reivindica-la-artesania\/","title":{"rendered":"OMODA Madrid es Moda arranca con un espectacular desfile en la Plaza de Espa\u00f1a: el futuro de la moda de autor empieza aqu\u00ed y reivindica la artesan\u00eda"},"content":{"rendered":"<p><!-- AUTHOR --><\/p>\n<div class=\"voc-author-timesocial \">\n<!-- AUTHOR --><\/p>\n<div class=\"voc-author-timesocial__signature \">\n<!-- IMAGE AUTHOR -->\n<picture class=\"voc-image-signature\">\n<img class=\"voc-image-signature__img\" src=\"http:\/\/hoycordobaweb.com\/wp-content\/uploads\/2026\/03\/omoda-madrid-es-moda-arranca-con-un-espectacular-desfile-en-la-plaza-de-espana-el-futuro-de-la-moda-de-autor-empieza-aqui-y-reivindica-la-artesania.jpg\" alt=\"Ana Calvo\">\n<\/picture>\n<!-- INFO AUTHOR --><\/p>\n<div class=\"voc-author-timesocial__info\" data-mrf-recirculation=\"Autor\">\n<div class=\"voc-author-info\">\n<author><br \/>\n<a class=\"voc-author\" href=\"https:\/\/www.mujerhoy.com\/autor\/ana-calvo-1186.html\">Ana Calvo<\/a><br \/>\n<\/author><br \/>\n<!-- TIME --><br \/>\n<time datetime=\"2026-03-12T20:32:16Z\" data-timestamp><br \/>\nPublicado \u00b7 <span data-voc-date-modified-short> 12 de marzo de 2026, 21:32 h <\/span><br \/>\n<\/time>\n<\/div>\n<\/div>\n<\/div><\/div>\n<p><!-- COMPONENTS --><\/p>\n<p class=\"voc-paragraph\">Madrid est\u00e1 a la altura de las grandes capitales de la moda internacional y la mejor prueba de ello es <a href=\"https:\/\/madridesmoda.com\/\" target=\"_blank\" data-voc-vtm-id=\"in-text-traffic\" title=\"OMODA Madrid es Moda\" data-mrf-link=\"madridesmoda.com\" rel=\"noopener noreferrer\">OMODA Madrid es Moda<\/a>, que ha arrancado este 12 de marzo una nueva edici\u00f3n con un imponente <strong>desfile inaugural en la ic\u00f3nica Plaza de Espa\u00f1a<\/strong>. Esta pasarela viva se integrar\u00e1 hasta el pr\u00f3ximo d\u00eda 17 en la vida urbana de una ciudad que est\u00e1 en su mejor momento, poniendo en valor la moda de autor y a nuestros artesanos en un di\u00e1logo constante con el arte, la arquitectura, la cultura y esa luz \u00fanica de la ciudad. <\/p>\n<p class=\"voc-paragraph\">Bajo el lema <a href=\"https:\/\/madridesmoda.com\/concepto\/\" title=\"madridesmoda.com\" data-voc-vtm-id=\"in-text-traffic\" data-mrf-link=\"madridesmoda.com\">El futuro empieza aqu\u00ed<\/a>, <strong>OMODA Madrid es Moda<\/strong> ha dado el pistoletazo de salida a esta nueva edici\u00f3n escoltada por la Torre de Madrid y el Edificio Espa\u00f1a y con Don Quijote y Sancho Panza como testigos de un desfile que ha reunido a 25 dise\u00f1adores espa\u00f1oles para dar forma a 40 looks que celebran la moda de autor espa\u00f1ola y reivindicar los oficios y la artesan\u00eda que la hacen posible.<\/p>\n<div class=\"v-c-cmp v-c-cmp--t1 \">\n<div class=\"v-cmp-rld v-cmp-rld--2 \">\n<div class=\"v-cnt-m v-cnt-m--m\">\n<div class=\"v-cnt-m__c\">\n<div class=\"v-cnt-m__w v-cnt-m__w--1\">\n<p class=\"v-cnt-m__t\">\nTAMBI\u00c9N TE INTERESA\n<\/p>\n<\/div>\n<\/div>\n<\/div>\n<div class=\"v-g v-g--2-c v-g--bdr-min-xs\">\n<div class=\"v-g__c \">\n<article class=\"v-a v-a--cmp-rld v-a--cmp-rld-2 v-a--p-l\">\n<div class=\"v-a-img-c\">\n<figure class=\"v-a-fig\">\n<a href=\"https:\/\/www.mujerhoy.com\/moda\/pasarelas\/omoda-madrid-es-moda-agenda-calendario-marzo-2026-desfile-inaugural-plaza-espana-20260302132813-nt.html#vtm_modulosEngag=mod-rel:moda:noticia:1:cmp:2-not\" class=\"v-a-link\" title=\"As\u00ed ser\u00e1 la 11\u00aa edici\u00f3n de OMODA Madrid es Moda, con un imponente desfile inaugural en Plaza de Espa\u00f1a y una mirada al futuro de la artesan\u00eda\"><br \/>\n<img loading=\"lazy\" class=\"v-a-img\" src=\"http:\/\/hoycordobaweb.com\/wp-content\/uploads\/2026\/03\/omoda-madrid-es-moda-arranca-con-un-espectacular-desfile-en-la-plaza-de-espana-el-futuro-de-la-moda-de-autor-empieza-aqui-y-reivindica-la-artesania-1.jpg\" alt=\"As\u00ed ser\u00e1 la 11\u00aa edici\u00f3n de OMODA Madrid es Moda, con un imponente desfile inaugural en Plaza de Espa\u00f1a y una mirada al futuro de la artesan\u00eda\"><br \/>\n<\/a><br \/>\n<\/figure>\n<\/div>\n<\/article>\n<\/div>\n<div class=\"v-g__c \">\n<article class=\"v-a v-a--cmp-rld v-a--cmp-rld-2 v-a--p-l\">\n<div class=\"v-a-img-c\">\n<figure class=\"v-a-fig\">\n<a href=\"https:\/\/www.mujerhoy.com\/moda\/pasarelas\/madrid-es-moda-desfile-inaugural-jardines-plaza-oriente-decimo-aniversario-artesania-20250914113503-nt.html#vtm_modulosEngag=mod-rel:moda:noticia:2:cmp:2-not\" class=\"v-a-link\" title=\"As\u00ed ha sido el espectacular desfile inaugural de Madrid es Moda en los jardines de la Plaza de Oriente\"><br \/>\n<img loading=\"lazy\" class=\"v-a-img\" src=\"http:\/\/hoycordobaweb.com\/wp-content\/uploads\/2026\/03\/omoda-madrid-es-moda-arranca-con-un-espectacular-desfile-en-la-plaza-de-espana-el-futuro-de-la-moda-de-autor-empieza-aqui-y-reivindica-la-artesania-2.jpg\" alt=\"As\u00ed ha sido el espectacular desfile inaugural de Madrid es Moda en los jardines de la Plaza de Oriente\"><br \/>\n<\/a><br \/>\n<\/figure>\n<\/div>\n<\/article>\n<\/div>\n<\/div>\n<\/div>\n<\/div>\n<div class=\"v-c-cmp \">\n<div class=\"v-cmp-m \">\n<article class=\"v-a v-a--cmp-m v-c-cmp--m-z\">\n<div class=\"v-a-img-c \">\n<div class=\"v-a-fig\">\n<button class=\"v-a-link\" popovertarget=\"photo-287\"><br \/>\n<img loading=\"lazy\" src=\"http:\/\/hoycordobaweb.com\/wp-content\/uploads\/2026\/03\/omoda-madrid-es-moda-arranca-con-un-espectacular-desfile-en-la-plaza-de-espana-el-futuro-de-la-moda-de-autor-empieza-aqui-y-reivindica-la-artesania-3.jpg\" class=\"v-a-img\" width=\"748\" height=\"524\" alt=\"Los modelos con posan con todos los looks del desfile inaugural de OMODA Madrid es Moda.\" data-voc-vtm-id=\"in-text-traffic\"> <\/button><figcaption class=\"v-fc\">\n<span class=\"v-fc__t\"><br \/>\nLos modelos con posan con todos los looks del desfile inaugural de OMODA Madrid es Moda.<br \/>\n<\/span><br \/>\n<span class=\"v-fc__p\"><br \/>\nPablo Paniagua<br \/>\n<\/span><br \/>\n<\/figcaption><\/div>\n<\/div>\n<div id=\"photo-287\" popover class=\"v-mdl v-mdl--fw\">\n<button class=\"v-x\" popovertarget=\"photo-287\" popovertargetaction=\"hide\"><br \/>\n<span class=\"v-i\"><br \/>\n<svg width=\"24\" height=\"23.996\" viewBox=\"0 0 24 23.996\">\n<path data-name=\"Uni\u00f3n 29\" d=\"M12,14.03,2.031,24,0,21.963,9.968,12,0,2.033,2.031,0,12,9.966,21.969,0,24,2.033,14.032,12,24,21.963,21.969,24Z\" \/>\n<\/svg><br \/>\n<\/span><br \/>\n<\/button><\/p>\n<div class=\"v-mdl__c\">\n<div class=\"v-mdl__w\">\n<img loading=\"lazy\" src=\"http:\/\/hoycordobaweb.com\/wp-content\/uploads\/2026\/03\/omoda-madrid-es-moda-arranca-con-un-espectacular-desfile-en-la-plaza-de-espana-el-futuro-de-la-moda-de-autor-empieza-aqui-y-reivindica-la-artesania-3.jpg\" class=\"v-mdl__img-z\" width=\"748\" height=\"524\" alt>\n<\/div>\n<\/div>\n<\/div>\n<p><span class=\"v-bdp\"><\/span><br \/>\n<\/article>\n<\/div>\n<\/div>\n<p class=\"voc-paragraph\">Promovido en colaboraci\u00f3n con la Asociaci\u00f3n Creadores de Moda de Espa\u00f1a (ACME) y con el apoyo del Ayuntamiento de Madrid a trav\u00e9s de la iniciativa municipal Madrid Capital de Moda, liderada por el \u00c1rea de Gobierno de Econom\u00eda, Innovaci\u00f3n y Hacienda, <strong>OMODA Madrid es Moda<\/strong> cuenta en esta edici\u00f3n con OMODA como Global Partner, el patrocinio de Sol\u00e1n de Cabras, Glo\u2122*, Keune, Ancient+Brave y Unisa, adem\u00e1s de la colaboraci\u00f3n de Barcel\u00f3 Torre de Madrid como Hotel Oficial.<\/p>\n<div class=\"v-c-cmp v-c-cmp--s\">\n<div class=\"v-cmp-m \">\n<article class=\"v-a v-a--cmp-m v-c-cmp--m-z\">\n<div class=\"v-a-img-c \">\n<div class=\"v-a-fig\">\n<button class=\"v-a-link\" popovertarget=\"photo-741\"><br \/>\n<img loading=\"lazy\" src=\"http:\/\/hoycordobaweb.com\/wp-content\/uploads\/2026\/03\/omoda-madrid-es-moda-arranca-con-un-espectacular-desfile-en-la-plaza-de-espana-el-futuro-de-la-moda-de-autor-empieza-aqui-y-reivindica-la-artesania-4.jpg\" class=\"v-a-img\" width=\"650\" height=\"650\" alt=\"Juan Duyos, presidente de ACME; Engracia Hidalgo, delgada del \u00c1rea de Gobierno de Econom\u00eda, Innovaci\u00f3n y Hacienda del Ayuntamiento de Madrid y Pepa Bueno, directora Ejecutiva de ACME y vicepresidenta de la Academia de la Moda.\" data-voc-vtm-id=\"in-text-traffic\"> <\/button><figcaption class=\"v-fc\">\n<span class=\"v-fc__t\"><br \/>\nJuan Duyos, presidente de ACME; Engracia Hidalgo, delgada del \u00c1rea de Gobierno de Econom\u00eda, Innovaci\u00f3n y Hacienda del Ayuntamiento de Madrid y Pepa Bueno, directora Ejecutiva de ACME y vicepresidenta de la Academia de la Moda.<br \/>\n<\/span><br \/>\n<span class=\"v-fc__p\"><br \/>\nPablo Paniagua<br \/>\n<\/span><br \/>\n<\/figcaption><\/div>\n<\/div>\n<div id=\"photo-741\" popover class=\"v-mdl v-mdl--fw\">\n<button class=\"v-x\" popovertarget=\"photo-741\" popovertargetaction=\"hide\"><br \/>\n<span class=\"v-i\"><br \/>\n<svg width=\"24\" height=\"23.996\" viewBox=\"0 0 24 23.996\">\n<path data-name=\"Uni\u00f3n 29\" d=\"M12,14.03,2.031,24,0,21.963,9.968,12,0,2.033,2.031,0,12,9.966,21.969,0,24,2.033,14.032,12,24,21.963,21.969,24Z\" \/>\n<\/svg><br \/>\n<\/span><br \/>\n<\/button><\/p>\n<div class=\"v-mdl__c\">\n<div class=\"v-mdl__w\">\n<img loading=\"lazy\" src=\"http:\/\/hoycordobaweb.com\/wp-content\/uploads\/2026\/03\/omoda-madrid-es-moda-arranca-con-un-espectacular-desfile-en-la-plaza-de-espana-el-futuro-de-la-moda-de-autor-empieza-aqui-y-reivindica-la-artesania-4.jpg\" class=\"v-mdl__img-z\" width=\"650\" height=\"650\" alt>\n<\/div>\n<\/div>\n<\/div>\n<p><span class=\"v-bdp\"><\/span><br \/>\n<\/article>\n<\/div>\n<\/div>\n<div class=\"v-c-cmp v-c-cmp--s\">\n<div class=\"v-cmp-m \">\n<article class=\"v-a v-a--cmp-m v-c-cmp--m-z\">\n<div class=\"v-a-img-c \">\n<div class=\"v-a-fig\">\n<button class=\"v-a-link\" popovertarget=\"photo-966\"><br \/>\n<img loading=\"lazy\" src=\"http:\/\/hoycordobaweb.com\/wp-content\/uploads\/2026\/03\/omoda-madrid-es-moda-arranca-con-un-espectacular-desfile-en-la-plaza-de-espana-el-futuro-de-la-moda-de-autor-empieza-aqui-y-reivindica-la-artesania-5.jpg\" class=\"v-a-img\" width=\"650\" height=\"650\" alt=\"De izquierda a derecha: Alberto Gonz\u00e1lez, Concejal Presidente del Distrito de Latina; Cayetana Hern\u00e1ndez, Concejal Presidenta del Distrito de Salamanca; Almudena Maillo, titular del \u00c1rea Delegada de Turismo y Concejal Presidenta del Distrito de San Blas-Canillejas; Engracia Hidalgo, delgada del \u00c1rea de Gobierno de Econom\u00eda, Innovaci\u00f3n y Hacienda del Ayuntamiento de Madrid; Borja Fanjul, Concejal Presidente del Distrito de Moncloa-Aravaca; Marta Rivera de la Cruz, tercera Teniente de Alcalde y Delegada del \u00c1rea de Gobierno de Cultura, Turismo y Deporte; David P\u00e9rez, Concejal Presidente del Distrito de Hortaleza y \u00c1ngel Ni\u00f1o, Concejal Delegado de Innovaci\u00f3n y Emprendimiento.\" data-voc-vtm-id=\"in-text-traffic\"> <\/button><figcaption class=\"v-fc\">\n<span class=\"v-fc__t\"><br \/>\nDe izquierda a derecha: Alberto Gonz\u00e1lez, Concejal Presidente del Distrito de Latina; Cayetana Hern\u00e1ndez, Concejal Presidenta del Distrito de Salamanca; Almudena Maillo, titular del \u00c1rea Delegada de Turismo y Concejal Presidenta del Distrito de San Blas-Canillejas; Engracia Hidalgo, delgada del \u00c1rea de Gobierno de Econom\u00eda, Innovaci\u00f3n y Hacienda del Ayuntamiento de Madrid; Borja Fanjul, Concejal Presidente del Distrito de Moncloa-Aravaca; Marta Rivera de la Cruz, tercera Teniente de Alcalde y Delegada del \u00c1rea de Gobierno de Cultura, Turismo y Deporte; David P\u00e9rez, Concejal Presidente del Distrito de Hortaleza y \u00c1ngel Ni\u00f1o, Concejal Delegado de Innovaci\u00f3n y Emprendimiento.<br \/>\n<\/span><br \/>\n<span class=\"v-fc__p\"><br \/>\nPablo Paniagua<br \/>\n<\/span><br \/>\n<\/figcaption><\/div>\n<\/div>\n<div id=\"photo-966\" popover class=\"v-mdl v-mdl--fw\">\n<button class=\"v-x\" popovertarget=\"photo-966\" popovertargetaction=\"hide\"><br \/>\n<span class=\"v-i\"><br \/>\n<svg width=\"24\" height=\"23.996\" viewBox=\"0 0 24 23.996\">\n<path data-name=\"Uni\u00f3n 29\" d=\"M12,14.03,2.031,24,0,21.963,9.968,12,0,2.033,2.031,0,12,9.966,21.969,0,24,2.033,14.032,12,24,21.963,21.969,24Z\" \/>\n<\/svg><br \/>\n<\/span><br \/>\n<\/button><\/p>\n<div class=\"v-mdl__c\">\n<div class=\"v-mdl__w\">\n<img loading=\"lazy\" src=\"http:\/\/hoycordobaweb.com\/wp-content\/uploads\/2026\/03\/omoda-madrid-es-moda-arranca-con-un-espectacular-desfile-en-la-plaza-de-espana-el-futuro-de-la-moda-de-autor-empieza-aqui-y-reivindica-la-artesania-5.jpg\" class=\"v-mdl__img-z\" width=\"650\" height=\"650\" alt>\n<\/div>\n<\/div>\n<\/div>\n<p><span class=\"v-bdp\"><\/span><br \/>\n<\/article>\n<\/div>\n<\/div>\n<p class=\"voc-paragraph\">Este desfile inaugural de OMODA Madrid es Moda, que est\u00e1 organizado junto al Ayuntamiento de Madrid y ACME, hace gala del lema de esta edici\u00f3n, El futuro empieza aqu\u00ed. Y lo hace con una mezcla \u00fanica de <strong>intuici\u00f3n, rebeld\u00eda elegante y visi\u00f3n a largo plazo<\/strong> que han sabido plasmar con sus propuestas sobre la pasarela Adlib Ibiza, Candelas y Felipa, Daniel Chong, Devota &amp; Lomba, Dominnico, Duyos, E.R.A.X., Eduardo Navarrete, Evade House, F\u00e9lix Ramiro, Garc\u00eda Madrid, It-Spain, Javier Delafuente, Juana Mart\u00edn, Luis Berrendero, Luis Infantes, Miguel Marinero, Mirto, Pe\u00f1alver Brand, Paloma Su\u00e1rez, Pilar Dalbat, Roberto Torretta, Roberto Verino, The Extreme Collection y WE ARE SPASTOR. <\/p>\n<div class=\"v-c-cmp v-c-cmp--s\">\n<div class=\"v-cmp-m \">\n<article class=\"v-a v-a--cmp-m v-c-cmp--m-z\">\n<div class=\"v-a-img-c \">\n<div class=\"v-a-fig\">\n<button class=\"v-a-link\" popovertarget=\"photo-262\"><br \/>\n<img loading=\"lazy\" src=\"http:\/\/hoycordobaweb.com\/wp-content\/uploads\/2026\/03\/omoda-madrid-es-moda-arranca-con-un-espectacular-desfile-en-la-plaza-de-espana-el-futuro-de-la-moda-de-autor-empieza-aqui-y-reivindica-la-artesania-6.jpg\" class=\"v-a-img\" width=\"650\" height=\"650\" alt=\"OMODA es Global Partner de OMODA Madrid es Moda y sus coches han acompa\u00f1ado a las VIP en el desfile inagural de esta edici\u00f3n.\" data-voc-vtm-id=\"in-text-traffic\"> <\/button><figcaption class=\"v-fc\">\n<span class=\"v-fc__t\"><br \/>\nOMODA es Global Partner de OMODA Madrid es Moda y sus coches han acompa\u00f1ado a las VIP en el desfile inagural de esta edici\u00f3n.<br \/>\n<\/span><br \/>\n<span class=\"v-fc__p\"><br \/>\nLeticia D\u00edaz de la Morena<br \/>\n<\/span><br \/>\n<\/figcaption><\/div>\n<\/div>\n<div id=\"photo-262\" popover class=\"v-mdl v-mdl--fw\">\n<button class=\"v-x\" popovertarget=\"photo-262\" popovertargetaction=\"hide\"><br \/>\n<span class=\"v-i\"><br \/>\n<svg width=\"24\" height=\"23.996\" viewBox=\"0 0 24 23.996\">\n<path data-name=\"Uni\u00f3n 29\" d=\"M12,14.03,2.031,24,0,21.963,9.968,12,0,2.033,2.031,0,12,9.966,21.969,0,24,2.033,14.032,12,24,21.963,21.969,24Z\" \/>\n<\/svg><br \/>\n<\/span><br \/>\n<\/button><\/p>\n<div class=\"v-mdl__c\">\n<div class=\"v-mdl__w\">\n<img loading=\"lazy\" src=\"http:\/\/hoycordobaweb.com\/wp-content\/uploads\/2026\/03\/omoda-madrid-es-moda-arranca-con-un-espectacular-desfile-en-la-plaza-de-espana-el-futuro-de-la-moda-de-autor-empieza-aqui-y-reivindica-la-artesania-6.jpg\" class=\"v-mdl__img-z\" width=\"650\" height=\"650\" alt>\n<\/div>\n<\/div>\n<\/div>\n<p><span class=\"v-bdp\"><\/span><br \/>\n<\/article>\n<\/div>\n<\/div>\n<p><h3 class=\"v-cmp-suh\">\nAs\u00ed ha sido el desfile inaugural de OMODA Madrid es Moda<br \/>\n<\/h3>\n<\/p>\n<p class=\"voc-paragraph\">La sastrer\u00eda impecable, los vestidos majestuosos, <strong>la artesan\u00eda elevada a su m\u00e1xima expresi\u00f3n<\/strong>, los detalles bien hilvanados en una narrativa com\u00fan y una paleta de color minimalista que ha tenido como protagonistas el blanco y el negro se han adue\u00f1ado de la pasarela en una ma\u00f1ana soleada que adelantaba la primavera y en la que la luz y la efervescencia de la ciudad han ocupado el papel de estrellas invitadas de este desfile inaugural de OMODA Madrid es Moda.<\/p>\n<div class=\"v-c-cmp \">\n<div class=\"v-cmp-m \">\n<article class=\"v-a v-a--cmp-m v-c-cmp--m-z\">\n<div class=\"v-a-img-c \">\n<div class=\"v-a-fig\">\n<button class=\"v-a-link\" popovertarget=\"photo-931\"><br \/>\n<img loading=\"lazy\" src=\"http:\/\/hoycordobaweb.com\/wp-content\/uploads\/2026\/03\/omoda-madrid-es-moda-arranca-con-un-espectacular-desfile-en-la-plaza-de-espana-el-futuro-de-la-moda-de-autor-empieza-aqui-y-reivindica-la-artesania-7.jpg\" class=\"v-a-img\" width=\"748\" height=\"524\" alt=\"Al finalizar este desfile inaugural las modelos han posado frente a la ic\u00f3nica fuente de Plaza de Espa\u00f1a junto a los dise\u00f1adores participantes y las autoridades de OMODA Madrid es Moda, ACME y el Ayuntamiento de Madrid.\" data-voc-vtm-id=\"in-text-traffic\"> <\/button><figcaption class=\"v-fc\">\n<span class=\"v-fc__t\"><br \/>\nAl finalizar este desfile inaugural las modelos han posado frente a la ic\u00f3nica fuente de Plaza de Espa\u00f1a junto a los dise\u00f1adores participantes y las autoridades de OMODA Madrid es Moda, ACME y el Ayuntamiento de Madrid.<br \/>\n<\/span><br \/>\n<span class=\"v-fc__p\"><br \/>\nPablo Paniagua<br \/>\n<\/span><br \/>\n<\/figcaption><\/div>\n<\/div>\n<div id=\"photo-931\" popover class=\"v-mdl v-mdl--fw\">\n<button class=\"v-x\" popovertarget=\"photo-931\" popovertargetaction=\"hide\"><br \/>\n<span class=\"v-i\"><br \/>\n<svg width=\"24\" height=\"23.996\" viewBox=\"0 0 24 23.996\">\n<path data-name=\"Uni\u00f3n 29\" d=\"M12,14.03,2.031,24,0,21.963,9.968,12,0,2.033,2.031,0,12,9.966,21.969,0,24,2.033,14.032,12,24,21.963,21.969,24Z\" \/>\n<\/svg><br \/>\n<\/span><br \/>\n<\/button><\/p>\n<div class=\"v-mdl__c\">\n<div class=\"v-mdl__w\">\n<img loading=\"lazy\" src=\"http:\/\/hoycordobaweb.com\/wp-content\/uploads\/2026\/03\/omoda-madrid-es-moda-arranca-con-un-espectacular-desfile-en-la-plaza-de-espana-el-futuro-de-la-moda-de-autor-empieza-aqui-y-reivindica-la-artesania-7.jpg\" class=\"v-mdl__img-z\" width=\"748\" height=\"524\" alt>\n<\/div>\n<\/div>\n<\/div>\n<p><span class=\"v-bdp\"><\/span><br \/>\n<\/article>\n<\/div>\n<\/div>\n<p class=\"voc-paragraph\">As\u00ed, con la ic\u00f3nica Plaza de Espa\u00f1a como testigo de excepci\u00f3n, los mejores dise\u00f1adores de moda de autor de nuestro pa\u00eds han contado a trav\u00e9s de sus propuestas una historia impecable, la de nuestra moda, en la que <strong>pasado, presente y futuro dialogan con respeto y sin miedo<\/strong>.<\/p>\n<p class=\"voc-paragraph\">Con <a href=\"https:\/\/madridesmoda.com\/agenda\/\" target=\"_blank\" data-voc-vtm-id=\"in-text-traffic\" title=\"un calendario que se prolongar\u00e1 hasta el 17 de marzo\" data-mrf-link=\"madridesmoda.com\" rel=\"noopener noreferrer\">un calendario que se prolongar\u00e1 hasta el 17 de marzo<\/a> y que incluye desfiles y performance en solitario en diferentes localizaciones hist\u00f3ricas de la ciudad, todos ellos son ejemplo que <strong>ese futuro que desfila y camina por las calles de Madrid<\/strong>. Ese futuro que mantiene vivas las manos que lo tejen y reivindica la innovaci\u00f3n que construye nuevos c\u00f3digos est\u00e9ticos sin renunciar a la emoci\u00f3n y a la tradici\u00f3n.<\/p>\n<div class=\"v-c-cmp\">\n<div class=\"v-cmp-cmb\">\n<figure class=\"v-cmp-cmb__fig\"><figcaption class=\"v-fc\">\n<span class=\"v-fc__p\"><br \/>\nLeticia D\u00edaz de la Morena<br \/>\n<\/span><br \/>\n<\/figcaption><\/figure>\n<\/div>\n<\/div>\n<div id=\"100\" popover class=\"v-mdl v-mdl--fw\">\n<button class=\"v-x\" popovertarget=\"100\" popovertargetaction=\"hide\"><br \/>\n<span class=\"v-i\"><br \/>\n<svg width=\"24\" height=\"23.996\" viewBox=\"0 0 24 23.996\">\n<path data-name=\"Uni\u00f3n 29\" d=\"M12,14.03,2.031,24,0,21.963,9.968,12,0,2.033,2.031,0,12,9.966,21.969,0,24,2.033,14.032,12,24,21.963,21.969,24Z\" \/>\n<\/svg><br \/>\n<\/span><br \/>\n<\/button><\/p>\n<div class=\"v-mdl__c\">\n<div class=\"v-mdl__w\">\n<img loading=\"lazy\" src=\"http:\/\/hoycordobaweb.com\/wp-content\/uploads\/2026\/03\/omoda-madrid-es-moda-arranca-con-un-espectacular-desfile-en-la-plaza-de-espana-el-futuro-de-la-moda-de-autor-empieza-aqui-y-reivindica-la-artesania-8.jpg\" class=\"v-mdl__img-z\" width=\"1200\" height=\"841\" alt=\"Imagen principal - OMODA Madrid es Moda arranca con un espectacular desfile en la Plaza de Espa\u00f1a: el futuro de la moda de autor empieza aqu\u00ed y reivindica la artesan\u00eda\">\n<\/div>\n<\/div>\n<\/div>\n<p><span class=\"v-bdp\"><\/span><\/p>\n<div id=\"101\" popover class=\"v-mdl v-mdl--fw\">\n<button class=\"v-x\" popovertarget=\"101\" popovertargetaction=\"hide\"><br \/>\n<span class=\"v-i\"><br \/>\n<svg width=\"24\" height=\"23.996\" viewBox=\"0 0 24 23.996\">\n<path data-name=\"Uni\u00f3n 29\" d=\"M12,14.03,2.031,24,0,21.963,9.968,12,0,2.033,2.031,0,12,9.966,21.969,0,24,2.033,14.032,12,24,21.963,21.969,24Z\" \/>\n<\/svg><br \/>\n<\/span><br \/>\n<\/button><\/p>\n<div class=\"v-mdl__c\">\n<div class=\"v-mdl__w\">\n<img loading=\"lazy\" src=\"http:\/\/hoycordobaweb.com\/wp-content\/uploads\/2026\/03\/omoda-madrid-es-moda-arranca-con-un-espectacular-desfile-en-la-plaza-de-espana-el-futuro-de-la-moda-de-autor-empieza-aqui-y-reivindica-la-artesania-9.jpg\" class=\"v-mdl__img-z\" width=\"1200\" height=\"851\" alt=\"Imagen secundaria 1 - OMODA Madrid es Moda arranca con un espectacular desfile en la Plaza de Espa\u00f1a: el futuro de la moda de autor empieza aqu\u00ed y reivindica la artesan\u00eda\">\n<\/div>\n<\/div>\n<\/div>\n<p><span class=\"v-bdp\"><\/span><\/p>\n<div id=\"102\" popover class=\"v-mdl v-mdl--fw\">\n<button class=\"v-x\" popovertarget=\"102\" popovertargetaction=\"hide\"><br \/>\n<span class=\"v-i\"><br \/>\n<svg width=\"24\" height=\"23.996\" viewBox=\"0 0 24 23.996\">\n<path data-name=\"Uni\u00f3n 29\" d=\"M12,14.03,2.031,24,0,21.963,9.968,12,0,2.033,2.031,0,12,9.966,21.969,0,24,2.033,14.032,12,24,21.963,21.969,24Z\" \/>\n<\/svg><br \/>\n<\/span><br \/>\n<\/button><\/p>\n<div class=\"v-mdl__c\">\n<div class=\"v-mdl__w\">\n<img loading=\"lazy\" src=\"http:\/\/hoycordobaweb.com\/wp-content\/uploads\/2026\/03\/omoda-madrid-es-moda-arranca-con-un-espectacular-desfile-en-la-plaza-de-espana-el-futuro-de-la-moda-de-autor-empieza-aqui-y-reivindica-la-artesania-10.jpg\" class=\"v-mdl__img-z\" width=\"711\" height=\"841\" alt=\"Imagen secundaria 2 - OMODA Madrid es Moda arranca con un espectacular desfile en la Plaza de Espa\u00f1a: el futuro de la moda de autor empieza aqu\u00ed y reivindica la artesan\u00eda\">\n<\/div>\n<\/div>\n<\/div>\n<p><span class=\"v-bdp\"><\/span><\/p>\n<p class=\"voc-paragraph\"><strong>Glo\u2122*<\/strong> ha estado presentado sus dispositivos antes del desfile, los mismos que Juan Duyos ha elevado a la categor\u00eda de complemento joya en forma de cintur\u00f3n sobre la pasarela.<\/p>\n<p><h3 class=\"v-cmp-suh\">\nTodos los looks del desfile inaugural de OMODA Madrid es Moda<br \/>\n<\/h3>\n<\/p>\n<div class=\"v-c-cmp \">\n<div class=\"v-cmp-m v-cmp-m--t1\">\n<article class=\"v-a v-a--cmp-m v-c-cmp--m-p\">\n<div class=\"v-a-img-c v-a-img-c--fw-xs\">\n<div class=\"v-a-fig\">\n<div class=\"v-a-link\">\n<img loading=\"lazy\" src=\"http:\/\/hoycordobaweb.com\/wp-content\/uploads\/2026\/03\/omoda-madrid-es-moda-arranca-con-un-espectacular-desfile-en-la-plaza-de-espana-el-futuro-de-la-moda-de-autor-empieza-aqui-y-reivindica-la-artesania-11.jpg\" class=\"v-a-img\" width=\"650\" height=\"975\" alt data-voc-vtm-id=\"in-text-traffic\">\n<\/div><figcaption class=\"v-fc\">\n<span class=\"v-fc__p\"><br \/>\nPablo Paniagua<br \/>\n<\/span><br \/>\n<\/figcaption><\/div>\n<\/div>\n<\/article>\n<\/div>\n<\/div>\n<p><h3 class=\"v-cmp-suh\">\nCandelas y Felipa<br \/>\n<\/h3>\n<\/p>\n<p class=\"voc-paragraph\">Look de Candelas y Felipa en el desfile inaugural de OMODA Madrid es Moda.<\/p>\n<div class=\"v-c-cmp \">\n<div class=\"v-cmp-m v-cmp-m--t1\">\n<article class=\"v-a v-a--cmp-m v-c-cmp--m-p\">\n<div class=\"v-a-img-c v-a-img-c--fw-xs\">\n<div class=\"v-a-fig\">\n<div class=\"v-a-link\">\n<img loading=\"lazy\" src=\"http:\/\/hoycordobaweb.com\/wp-content\/uploads\/2026\/03\/omoda-madrid-es-moda-arranca-con-un-espectacular-desfile-en-la-plaza-de-espana-el-futuro-de-la-moda-de-autor-empieza-aqui-y-reivindica-la-artesania-12.jpg\" class=\"v-a-img\" width=\"650\" height=\"975\" alt data-voc-vtm-id=\"in-text-traffic\">\n<\/div><figcaption class=\"v-fc\">\n<span class=\"v-fc__p\"><br \/>\nPablo Paniagua<br \/>\n<\/span><br \/>\n<\/figcaption><\/div>\n<\/div>\n<\/article>\n<\/div>\n<\/div>\n<p><h3 class=\"v-cmp-suh\">\nGarc\u00eda Madrid<br \/>\n<\/h3>\n<\/p>\n<p class=\"voc-paragraph\">Look de Garc\u00eda Madrid en el desfile inaugural de OMODA Madrid es Moda.<\/p>\n<div class=\"v-c-cmp \">\n<div class=\"v-cmp-m v-cmp-m--t1\">\n<article class=\"v-a v-a--cmp-m v-c-cmp--m-p\">\n<div class=\"v-a-img-c v-a-img-c--fw-xs\">\n<div class=\"v-a-fig\">\n<div class=\"v-a-link\">\n<img loading=\"lazy\" src=\"http:\/\/hoycordobaweb.com\/wp-content\/uploads\/2026\/03\/omoda-madrid-es-moda-arranca-con-un-espectacular-desfile-en-la-plaza-de-espana-el-futuro-de-la-moda-de-autor-empieza-aqui-y-reivindica-la-artesania-13.jpg\" class=\"v-a-img\" width=\"650\" height=\"975\" alt data-voc-vtm-id=\"in-text-traffic\">\n<\/div><figcaption class=\"v-fc\">\n<span class=\"v-fc__p\"><br \/>\nPablo Paniagua<br \/>\n<\/span><br \/>\n<\/figcaption><\/div>\n<\/div>\n<\/article>\n<\/div>\n<\/div>\n<p><h3 class=\"v-cmp-suh\">\nBeatriz Pe\u00f1alver<br \/>\n<\/h3>\n<\/p>\n<p class=\"voc-paragraph\">Look de Beatriz Pe\u00f1alver en el desfile inaugural de OMODA Madrid es Moda.<\/p>\n<div class=\"v-c-cmp \">\n<div class=\"v-cmp-m v-cmp-m--t1\">\n<article class=\"v-a v-a--cmp-m v-c-cmp--m-p\">\n<div class=\"v-a-img-c v-a-img-c--fw-xs\">\n<div class=\"v-a-fig\">\n<div class=\"v-a-link\">\n<img loading=\"lazy\" src=\"http:\/\/hoycordobaweb.com\/wp-content\/uploads\/2026\/03\/omoda-madrid-es-moda-arranca-con-un-espectacular-desfile-en-la-plaza-de-espana-el-futuro-de-la-moda-de-autor-empieza-aqui-y-reivindica-la-artesania-14.jpg\" class=\"v-a-img\" width=\"650\" height=\"975\" alt data-voc-vtm-id=\"in-text-traffic\">\n<\/div><figcaption class=\"v-fc\">\n<span class=\"v-fc__p\"><br \/>\nPablo Paniagua<br \/>\n<\/span><br \/>\n<\/figcaption><\/div>\n<\/div>\n<\/article>\n<\/div>\n<\/div>\n<p><h3 class=\"v-cmp-suh\">\nMiguel Marinero<br \/>\n<\/h3>\n<\/p>\n<p class=\"voc-paragraph\">Look de Miguel Marinero en el desfile inaugural de OMODA Madrid es Moda.<\/p>\n<div class=\"v-c-cmp v-c-cmp--s\">\n<div class=\"v-cmp-m \">\n<article class=\"v-a v-a--cmp-m v-c-cmp--m-z\">\n<div class=\"v-a-img-c \">\n<div class=\"v-a-fig\">\n<button class=\"v-a-link\" popovertarget=\"photo-117\"><br \/>\n<img loading=\"lazy\" src=\"http:\/\/hoycordobaweb.com\/wp-content\/uploads\/2026\/03\/omoda-madrid-es-moda-arranca-con-un-espectacular-desfile-en-la-plaza-de-espana-el-futuro-de-la-moda-de-autor-empieza-aqui-y-reivindica-la-artesania-15.jpg\" class=\"v-a-img\" width=\"650\" height=\"650\" alt data-voc-vtm-id=\"in-text-traffic\"> <\/button><figcaption class=\"v-fc\">\n<span class=\"v-fc__p\"><br \/>\nLeticia D\u00edaz de la Morena.<br \/>\n<\/span><br \/>\n<\/figcaption><\/div>\n<\/div>\n<div id=\"photo-117\" popover class=\"v-mdl v-mdl--fw\">\n<button class=\"v-x\" popovertarget=\"photo-117\" popovertargetaction=\"hide\"><br \/>\n<span class=\"v-i\"><br \/>\n<svg width=\"24\" height=\"23.996\" viewBox=\"0 0 24 23.996\">\n<path data-name=\"Uni\u00f3n 29\" d=\"M12,14.03,2.031,24,0,21.963,9.968,12,0,2.033,2.031,0,12,9.966,21.969,0,24,2.033,14.032,12,24,21.963,21.969,24Z\" \/>\n<\/svg><br \/>\n<\/span><br \/>\n<\/button><\/p>\n<div class=\"v-mdl__c\">\n<div class=\"v-mdl__w\">\n<img loading=\"lazy\" src=\"http:\/\/hoycordobaweb.com\/wp-content\/uploads\/2026\/03\/omoda-madrid-es-moda-arranca-con-un-espectacular-desfile-en-la-plaza-de-espana-el-futuro-de-la-moda-de-autor-empieza-aqui-y-reivindica-la-artesania-15.jpg\" class=\"v-mdl__img-z\" width=\"650\" height=\"650\" alt>\n<\/div>\n<\/div>\n<\/div>\n<p><span class=\"v-bdp\"><\/span><br \/>\n<\/article>\n<\/div>\n<\/div>\n<p class=\"voc-paragraph\">Los peinados de plena tendencia que hemos visto sobre la pasarela del desfile inaugural de OMODA Madrid es Moda han corrido a cargo de <strong>Keune<\/strong>, con la direcci\u00f3n de maquillaje y peluquer\u00eda de Yos Baute.<\/p>\n<div class=\"v-c-cmp \">\n<div class=\"v-cmp-m v-cmp-m--t1\">\n<article class=\"v-a v-a--cmp-m v-c-cmp--m-p\">\n<div class=\"v-a-img-c v-a-img-c--fw-xs\">\n<div class=\"v-a-fig\">\n<div class=\"v-a-link\">\n<img loading=\"lazy\" src=\"http:\/\/hoycordobaweb.com\/wp-content\/uploads\/2026\/03\/omoda-madrid-es-moda-arranca-con-un-espectacular-desfile-en-la-plaza-de-espana-el-futuro-de-la-moda-de-autor-empieza-aqui-y-reivindica-la-artesania-16.jpg\" class=\"v-a-img\" width=\"650\" height=\"975\" alt data-voc-vtm-id=\"in-text-traffic\">\n<\/div><figcaption class=\"v-fc\">\n<span class=\"v-fc__p\"><br \/>\nPablo Paniagua<br \/>\n<\/span><br \/>\n<\/figcaption><\/div>\n<\/div>\n<\/article>\n<\/div>\n<\/div>\n<p><h3 class=\"v-cmp-suh\">\nE.R.A.X.<br \/>\n<\/h3>\n<\/p>\n<p class=\"voc-paragraph\">Look de E.R.A.X. en el desfile inaugural de OMODA Madrid es Moda.<\/p>\n<div class=\"v-c-cmp \">\n<div class=\"v-cmp-m v-cmp-m--t1\">\n<article class=\"v-a v-a--cmp-m v-c-cmp--m-p\">\n<div class=\"v-a-img-c v-a-img-c--fw-xs\">\n<div class=\"v-a-fig\">\n<div class=\"v-a-link\">\n<img loading=\"lazy\" src=\"http:\/\/hoycordobaweb.com\/wp-content\/uploads\/2026\/03\/omoda-madrid-es-moda-arranca-con-un-espectacular-desfile-en-la-plaza-de-espana-el-futuro-de-la-moda-de-autor-empieza-aqui-y-reivindica-la-artesania-17.jpg\" class=\"v-a-img\" width=\"650\" height=\"975\" alt data-voc-vtm-id=\"in-text-traffic\">\n<\/div><figcaption class=\"v-fc\">\n<span class=\"v-fc__p\"><br \/>\nPablo Paniagua<br \/>\n<\/span><br \/>\n<\/figcaption><\/div>\n<\/div>\n<\/article>\n<\/div>\n<\/div>\n<p><h3 class=\"v-cmp-suh\">\nMirto<br \/>\n<\/h3>\n<\/p>\n<p class=\"voc-paragraph\">Look de Mirto en el desfile inaugural de OMODA Madrid es Moda. Las modelos han desfilado con paso firme por la ic\u00f3nica Plaza de Espa\u00f1a con zapatos de Unisa que a\u00fanan comodidad y estilo con cualquier look.<\/p>\n<div class=\"v-c-cmp \">\n<div class=\"v-cmp-m v-cmp-m--t1\">\n<article class=\"v-a v-a--cmp-m v-c-cmp--m-p\">\n<div class=\"v-a-img-c v-a-img-c--fw-xs\">\n<div class=\"v-a-fig\">\n<div class=\"v-a-link\">\n<img loading=\"lazy\" src=\"http:\/\/hoycordobaweb.com\/wp-content\/uploads\/2026\/03\/omoda-madrid-es-moda-arranca-con-un-espectacular-desfile-en-la-plaza-de-espana-el-futuro-de-la-moda-de-autor-empieza-aqui-y-reivindica-la-artesania-18.jpg\" class=\"v-a-img\" width=\"650\" height=\"975\" alt data-voc-vtm-id=\"in-text-traffic\">\n<\/div><figcaption class=\"v-fc\">\n<span class=\"v-fc__p\"><br \/>\nPablo Paniagua<br \/>\n<\/span><br \/>\n<\/figcaption><\/div>\n<\/div>\n<\/article>\n<\/div>\n<\/div>\n<p><h3 class=\"v-cmp-suh\">\nE.R.A.X.<br \/>\n<\/h3>\n<\/p>\n<p class=\"voc-paragraph\">Look de E.R.A.X. en el desfile inaugural de OMODA Madrid es Moda.<\/p>\n<div class=\"v-c-cmp \">\n<div class=\"v-cmp-m v-cmp-m--t1\">\n<article class=\"v-a v-a--cmp-m v-c-cmp--m-p\">\n<div class=\"v-a-img-c v-a-img-c--fw-xs\">\n<div class=\"v-a-fig\">\n<div class=\"v-a-link\">\n<img loading=\"lazy\" src=\"http:\/\/hoycordobaweb.com\/wp-content\/uploads\/2026\/03\/omoda-madrid-es-moda-arranca-con-un-espectacular-desfile-en-la-plaza-de-espana-el-futuro-de-la-moda-de-autor-empieza-aqui-y-reivindica-la-artesania-19.jpg\" class=\"v-a-img\" width=\"650\" height=\"975\" alt data-voc-vtm-id=\"in-text-traffic\">\n<\/div><figcaption class=\"v-fc\">\n<span class=\"v-fc__p\"><br \/>\nPablo Paniagua<br \/>\n<\/span><br \/>\n<\/figcaption><\/div>\n<\/div>\n<\/article>\n<\/div>\n<\/div>\n<p><h3 class=\"v-cmp-suh\">\nDominnico<br \/>\n<\/h3>\n<\/p>\n<p class=\"voc-paragraph\">Look de Dominnico en el desfile inaugural de OMODA Madrid es Moda.<\/p>\n<div class=\"v-c-cmp v-c-cmp--s\">\n<div class=\"v-cmp-m \">\n<article class=\"v-a v-a--cmp-m v-c-cmp--m-z\">\n<div class=\"v-a-img-c \">\n<div class=\"v-a-fig\">\n<button class=\"v-a-link\" popovertarget=\"photo-330\"><br \/>\n<img loading=\"lazy\" src=\"http:\/\/hoycordobaweb.com\/wp-content\/uploads\/2026\/03\/omoda-madrid-es-moda-arranca-con-un-espectacular-desfile-en-la-plaza-de-espana-el-futuro-de-la-moda-de-autor-empieza-aqui-y-reivindica-la-artesania-20.jpg\" class=\"v-a-img\" width=\"650\" height=\"650\" alt data-voc-vtm-id=\"in-text-traffic\"> <\/button><figcaption class=\"v-fc\">\n<span class=\"v-fc__p\"><br \/>\nLeticia D\u00edaz de la Morena<br \/>\n<\/span><br \/>\n<\/figcaption><\/div>\n<\/div>\n<div id=\"photo-330\" popover class=\"v-mdl v-mdl--fw\">\n<button class=\"v-x\" popovertarget=\"photo-330\" popovertargetaction=\"hide\"><br \/>\n<span class=\"v-i\"><br \/>\n<svg width=\"24\" height=\"23.996\" viewBox=\"0 0 24 23.996\">\n<path data-name=\"Uni\u00f3n 29\" d=\"M12,14.03,2.031,24,0,21.963,9.968,12,0,2.033,2.031,0,12,9.966,21.969,0,24,2.033,14.032,12,24,21.963,21.969,24Z\" \/>\n<\/svg><br \/>\n<\/span><br \/>\n<\/button><\/p>\n<div class=\"v-mdl__c\">\n<div class=\"v-mdl__w\">\n<img loading=\"lazy\" src=\"http:\/\/hoycordobaweb.com\/wp-content\/uploads\/2026\/03\/omoda-madrid-es-moda-arranca-con-un-espectacular-desfile-en-la-plaza-de-espana-el-futuro-de-la-moda-de-autor-empieza-aqui-y-reivindica-la-artesania-20.jpg\" class=\"v-mdl__img-z\" width=\"650\" height=\"650\" alt>\n<\/div>\n<\/div>\n<\/div>\n<p><span class=\"v-bdp\"><\/span><br \/>\n<\/article>\n<\/div>\n<\/div>\n<p class=\"voc-paragraph\"><strong>Sol\u00e1n de Cabras<\/strong> se ha encargado de mantener a invitados y modelos bien hidratadas durante todo el desfile inaugural de OMODA Madrid es Moda, que se ha celebrado en una maravillosa y soleada ma\u00f1ana que anticipaba la primavera en la capital.<\/p>\n<div class=\"v-c-cmp \">\n<div class=\"v-cmp-m v-cmp-m--t1\">\n<article class=\"v-a v-a--cmp-m v-c-cmp--m-p\">\n<div class=\"v-a-img-c v-a-img-c--fw-xs\">\n<div class=\"v-a-fig\">\n<div class=\"v-a-link\">\n<img loading=\"lazy\" src=\"http:\/\/hoycordobaweb.com\/wp-content\/uploads\/2026\/03\/omoda-madrid-es-moda-arranca-con-un-espectacular-desfile-en-la-plaza-de-espana-el-futuro-de-la-moda-de-autor-empieza-aqui-y-reivindica-la-artesania-21.jpg\" class=\"v-a-img\" width=\"650\" height=\"975\" alt data-voc-vtm-id=\"in-text-traffic\">\n<\/div><figcaption class=\"v-fc\">\n<span class=\"v-fc__p\"><br \/>\nPablo Paniagua<br \/>\n<\/span><br \/>\n<\/figcaption><\/div>\n<\/div>\n<\/article>\n<\/div>\n<\/div>\n<p><h3 class=\"v-cmp-suh\">\nMiguel Marinero<br \/>\n<\/h3>\n<\/p>\n<p class=\"voc-paragraph\">Look de Miguel Marinero en el desfile inaugural de OMODA Madrid es Moda.<\/p>\n<div class=\"v-c-cmp \">\n<div class=\"v-cmp-m v-cmp-m--t1\">\n<article class=\"v-a v-a--cmp-m v-c-cmp--m-p\">\n<div class=\"v-a-img-c v-a-img-c--fw-xs\">\n<div class=\"v-a-fig\">\n<div class=\"v-a-link\">\n<img loading=\"lazy\" src=\"http:\/\/hoycordobaweb.com\/wp-content\/uploads\/2026\/03\/omoda-madrid-es-moda-arranca-con-un-espectacular-desfile-en-la-plaza-de-espana-el-futuro-de-la-moda-de-autor-empieza-aqui-y-reivindica-la-artesania-22.jpg\" class=\"v-a-img\" width=\"650\" height=\"975\" alt data-voc-vtm-id=\"in-text-traffic\">\n<\/div><figcaption class=\"v-fc\">\n<span class=\"v-fc__p\"><br \/>\nPablo Paniagua<br \/>\n<\/span><br \/>\n<\/figcaption><\/div>\n<\/div>\n<\/article>\n<\/div>\n<\/div>\n<p><h3 class=\"v-cmp-suh\">\nE.R.A.X.<br \/>\n<\/h3>\n<\/p>\n<p class=\"voc-paragraph\">Look de E.R.A.X. en el desfile inaugural de OMODA Madrid es Moda.<\/p>\n<div class=\"v-c-cmp \">\n<div class=\"v-cmp-m v-cmp-m--t1\">\n<article class=\"v-a v-a--cmp-m v-c-cmp--m-p\">\n<div class=\"v-a-img-c v-a-img-c--fw-xs\">\n<div class=\"v-a-fig\">\n<div class=\"v-a-link\">\n<img loading=\"lazy\" src=\"http:\/\/hoycordobaweb.com\/wp-content\/uploads\/2026\/03\/omoda-madrid-es-moda-arranca-con-un-espectacular-desfile-en-la-plaza-de-espana-el-futuro-de-la-moda-de-autor-empieza-aqui-y-reivindica-la-artesania-23.jpg\" class=\"v-a-img\" width=\"650\" height=\"975\" alt data-voc-vtm-id=\"in-text-traffic\">\n<\/div><figcaption class=\"v-fc\">\n<span class=\"v-fc__p\"><br \/>\nPablo Paniagua<br \/>\n<\/span><br \/>\n<\/figcaption><\/div>\n<\/div>\n<\/article>\n<\/div>\n<\/div>\n<p><h3 class=\"v-cmp-suh\">\nLuis Berendero<br \/>\n<\/h3>\n<\/p>\n<p class=\"voc-paragraph\">Look de Luis Berendero en el desfile inaugural de OMODA Madrid es Moda.<\/p>\n<div class=\"v-c-cmp \">\n<div class=\"v-cmp-m v-cmp-m--t1\">\n<article class=\"v-a v-a--cmp-m v-c-cmp--m-p\">\n<div class=\"v-a-img-c v-a-img-c--fw-xs\">\n<div class=\"v-a-fig\">\n<div class=\"v-a-link\">\n<img loading=\"lazy\" src=\"http:\/\/hoycordobaweb.com\/wp-content\/uploads\/2026\/03\/omoda-madrid-es-moda-arranca-con-un-espectacular-desfile-en-la-plaza-de-espana-el-futuro-de-la-moda-de-autor-empieza-aqui-y-reivindica-la-artesania-24.jpg\" class=\"v-a-img\" width=\"650\" height=\"975\" alt data-voc-vtm-id=\"in-text-traffic\">\n<\/div><figcaption class=\"v-fc\">\n<span class=\"v-fc__p\"><br \/>\nPablo Paniagua<br \/>\n<\/span><br \/>\n<\/figcaption><\/div>\n<\/div>\n<\/article>\n<\/div>\n<\/div>\n<p><h3 class=\"v-cmp-suh\">\nEduardo Navarrete<br \/>\n<\/h3>\n<\/p>\n<p class=\"voc-paragraph\">Look de Eduardo Navarrete en el desfile inaugural de OMODA Madrid es Moda. Los zapatos de Unisa han demostrado sobre la pasarea que encajan con todo tipo de looks y estilos.<\/p>\n<div class=\"v-c-cmp \">\n<div class=\"v-cmp-m v-cmp-m--t1\">\n<article class=\"v-a v-a--cmp-m v-c-cmp--m-p\">\n<div class=\"v-a-img-c v-a-img-c--fw-xs\">\n<div class=\"v-a-fig\">\n<div class=\"v-a-link\">\n<img loading=\"lazy\" src=\"http:\/\/hoycordobaweb.com\/wp-content\/uploads\/2026\/03\/omoda-madrid-es-moda-arranca-con-un-espectacular-desfile-en-la-plaza-de-espana-el-futuro-de-la-moda-de-autor-empieza-aqui-y-reivindica-la-artesania-25.jpg\" class=\"v-a-img\" width=\"650\" height=\"975\" alt data-voc-vtm-id=\"in-text-traffic\">\n<\/div><figcaption class=\"v-fc\">\n<span class=\"v-fc__p\"><br \/>\nPablo Paniagua<br \/>\n<\/span><br \/>\n<\/figcaption><\/div>\n<\/div>\n<\/article>\n<\/div>\n<\/div>\n<p><h3 class=\"v-cmp-suh\">\nDaniel Chong<br \/>\n<\/h3>\n<\/p>\n<p class=\"voc-paragraph\">Look de Daniel Chong en el desfile inaugural de OMODA Madrid es Moda.<\/p>\n<div class=\"v-c-cmp \">\n<div class=\"v-cmp-m v-cmp-m--t1\">\n<article class=\"v-a v-a--cmp-m v-c-cmp--m-p\">\n<div class=\"v-a-img-c v-a-img-c--fw-xs\">\n<div class=\"v-a-fig\">\n<div class=\"v-a-link\">\n<img loading=\"lazy\" src=\"http:\/\/hoycordobaweb.com\/wp-content\/uploads\/2026\/03\/omoda-madrid-es-moda-arranca-con-un-espectacular-desfile-en-la-plaza-de-espana-el-futuro-de-la-moda-de-autor-empieza-aqui-y-reivindica-la-artesania-26.jpg\" class=\"v-a-img\" width=\"650\" height=\"975\" alt data-voc-vtm-id=\"in-text-traffic\">\n<\/div><figcaption class=\"v-fc\">\n<span class=\"v-fc__p\"><br \/>\nPablo Paniagua<br \/>\n<\/span><br \/>\n<\/figcaption><\/div>\n<\/div>\n<\/article>\n<\/div>\n<\/div>\n<p><h3 class=\"v-cmp-suh\">\nThe Extreme Collection<br \/>\n<\/h3>\n<\/p>\n<p class=\"voc-paragraph\">Look de The Extreme Collection en el desfile inaugural de OMODA Madrid es Moda.<\/p>\n<div class=\"v-c-cmp v-c-cmp--s\">\n<div class=\"v-cmp-m \">\n<article class=\"v-a v-a--cmp-m v-c-cmp--m-z\">\n<div class=\"v-a-img-c \">\n<div class=\"v-a-fig\">\n<button class=\"v-a-link\" popovertarget=\"photo-72\"><br \/>\n<img loading=\"lazy\" src=\"http:\/\/hoycordobaweb.com\/wp-content\/uploads\/2026\/03\/omoda-madrid-es-moda-arranca-con-un-espectacular-desfile-en-la-plaza-de-espana-el-futuro-de-la-moda-de-autor-empieza-aqui-y-reivindica-la-artesania-27.jpg\" class=\"v-a-img\" width=\"650\" height=\"650\" alt data-voc-vtm-id=\"in-text-traffic\"> <\/button><figcaption class=\"v-fc\">\n<span class=\"v-fc__p\"><br \/>\nLeticia D\u00edaz de la Morena.<br \/>\n<\/span><br \/>\n<\/figcaption><\/div>\n<\/div>\n<div id=\"photo-72\" popover class=\"v-mdl v-mdl--fw\">\n<button class=\"v-x\" popovertarget=\"photo-72\" popovertargetaction=\"hide\"><br \/>\n<span class=\"v-i\"><br \/>\n<svg width=\"24\" height=\"23.996\" viewBox=\"0 0 24 23.996\">\n<path data-name=\"Uni\u00f3n 29\" d=\"M12,14.03,2.031,24,0,21.963,9.968,12,0,2.033,2.031,0,12,9.966,21.969,0,24,2.033,14.032,12,24,21.963,21.969,24Z\" \/>\n<\/svg><br \/>\n<\/span><br \/>\n<\/button><\/p>\n<div class=\"v-mdl__c\">\n<div class=\"v-mdl__w\">\n<img loading=\"lazy\" src=\"http:\/\/hoycordobaweb.com\/wp-content\/uploads\/2026\/03\/omoda-madrid-es-moda-arranca-con-un-espectacular-desfile-en-la-plaza-de-espana-el-futuro-de-la-moda-de-autor-empieza-aqui-y-reivindica-la-artesania-27.jpg\" class=\"v-mdl__img-z\" width=\"650\" height=\"650\" alt>\n<\/div>\n<\/div>\n<\/div>\n<p><span class=\"v-bdp\"><\/span><br \/>\n<\/article>\n<\/div>\n<\/div>\n<p class=\"voc-paragraph\">Antes del desfile, las invitadas han podido probar los c\u00f3cteles con col\u00e1geno de <strong>Ancient+Brave<\/strong>, los mismos que han podido disfrutar las modelos en el aftershow para coger fuerzas para el desfile.<\/p>\n<div class=\"v-c-cmp \">\n<div class=\"v-cmp-m v-cmp-m--t1\">\n<article class=\"v-a v-a--cmp-m v-c-cmp--m-p\">\n<div class=\"v-a-img-c v-a-img-c--fw-xs\">\n<div class=\"v-a-fig\">\n<div class=\"v-a-link\">\n<img loading=\"lazy\" src=\"http:\/\/hoycordobaweb.com\/wp-content\/uploads\/2026\/03\/omoda-madrid-es-moda-arranca-con-un-espectacular-desfile-en-la-plaza-de-espana-el-futuro-de-la-moda-de-autor-empieza-aqui-y-reivindica-la-artesania-28.jpg\" class=\"v-a-img\" width=\"650\" height=\"975\" alt data-voc-vtm-id=\"in-text-traffic\">\n<\/div><figcaption class=\"v-fc\">\n<span class=\"v-fc__p\"><br \/>\nPablo Paniagua<br \/>\n<\/span><br \/>\n<\/figcaption><\/div>\n<\/div>\n<\/article>\n<\/div>\n<\/div>\n<p><h3 class=\"v-cmp-suh\">\nEvade House<br \/>\n<\/h3>\n<\/p>\n<p class=\"voc-paragraph\">Look de Evade House en el desfile inaugural de OMODA Madrid es Moda.<\/p>\n<div class=\"v-c-cmp \">\n<div class=\"v-cmp-m v-cmp-m--t1\">\n<article class=\"v-a v-a--cmp-m v-c-cmp--m-p\">\n<div class=\"v-a-img-c v-a-img-c--fw-xs\">\n<div class=\"v-a-fig\">\n<div class=\"v-a-link\">\n<img loading=\"lazy\" src=\"http:\/\/hoycordobaweb.com\/wp-content\/uploads\/2026\/03\/omoda-madrid-es-moda-arranca-con-un-espectacular-desfile-en-la-plaza-de-espana-el-futuro-de-la-moda-de-autor-empieza-aqui-y-reivindica-la-artesania-29.jpg\" class=\"v-a-img\" width=\"650\" height=\"975\" alt data-voc-vtm-id=\"in-text-traffic\">\n<\/div><figcaption class=\"v-fc\">\n<span class=\"v-fc__p\"><br \/>\nPablo Paniagua<br \/>\n<\/span><br \/>\n<\/figcaption><\/div>\n<\/div>\n<\/article>\n<\/div>\n<\/div>\n<p><h3 class=\"v-cmp-suh\">\nWe Are Spastor<br \/>\n<\/h3>\n<\/p>\n<p class=\"voc-paragraph\">Look de We Are Spastor en el desfile inaugural de OMODA Madrid es Moda.<\/p>\n<div class=\"v-c-cmp \">\n<div class=\"v-cmp-m v-cmp-m--t1\">\n<article class=\"v-a v-a--cmp-m v-c-cmp--m-p\">\n<div class=\"v-a-img-c v-a-img-c--fw-xs\">\n<div class=\"v-a-fig\">\n<div class=\"v-a-link\">\n<img loading=\"lazy\" src=\"http:\/\/hoycordobaweb.com\/wp-content\/uploads\/2026\/03\/omoda-madrid-es-moda-arranca-con-un-espectacular-desfile-en-la-plaza-de-espana-el-futuro-de-la-moda-de-autor-empieza-aqui-y-reivindica-la-artesania-30.jpg\" class=\"v-a-img\" width=\"650\" height=\"975\" alt data-voc-vtm-id=\"in-text-traffic\">\n<\/div><figcaption class=\"v-fc\">\n<span class=\"v-fc__p\"><br \/>\nPablo Paniagua<br \/>\n<\/span><br \/>\n<\/figcaption><\/div>\n<\/div>\n<\/article>\n<\/div>\n<\/div>\n<p><h3 class=\"v-cmp-suh\">\nDevota&amp;Lomba<br \/>\n<\/h3>\n<\/p>\n<p class=\"voc-paragraph\">Look de Devota&amp;Lomba en el desfile inaugural de OMODA Madrid es Moda.<\/p>\n<div class=\"v-c-cmp \">\n<div class=\"v-cmp-m v-cmp-m--t1\">\n<article class=\"v-a v-a--cmp-m v-c-cmp--m-p\">\n<div class=\"v-a-img-c v-a-img-c--fw-xs\">\n<div class=\"v-a-fig\">\n<div class=\"v-a-link\">\n<img loading=\"lazy\" src=\"http:\/\/hoycordobaweb.com\/wp-content\/uploads\/2026\/03\/omoda-madrid-es-moda-arranca-con-un-espectacular-desfile-en-la-plaza-de-espana-el-futuro-de-la-moda-de-autor-empieza-aqui-y-reivindica-la-artesania-31.jpg\" class=\"v-a-img\" width=\"650\" height=\"975\" alt data-voc-vtm-id=\"in-text-traffic\">\n<\/div><figcaption class=\"v-fc\">\n<span class=\"v-fc__p\"><br \/>\nPablo Paniagua<br \/>\n<\/span><br \/>\n<\/figcaption><\/div>\n<\/div>\n<\/article>\n<\/div>\n<\/div>\n<p><h3 class=\"v-cmp-suh\">\nJuana Mart\u00edn<br \/>\n<\/h3>\n<\/p>\n<p class=\"voc-paragraph\">Look de Juana Mart\u00edn en el desfile inaugural de OMODA Madrid es Moda.<\/p>\n<div class=\"v-c-cmp \">\n<div class=\"v-cmp-m v-cmp-m--t1\">\n<article class=\"v-a v-a--cmp-m v-c-cmp--m-p\">\n<div class=\"v-a-img-c v-a-img-c--fw-xs\">\n<div class=\"v-a-fig\">\n<div class=\"v-a-link\">\n<img loading=\"lazy\" src=\"http:\/\/hoycordobaweb.com\/wp-content\/uploads\/2026\/03\/omoda-madrid-es-moda-arranca-con-un-espectacular-desfile-en-la-plaza-de-espana-el-futuro-de-la-moda-de-autor-empieza-aqui-y-reivindica-la-artesania-32.jpg\" class=\"v-a-img\" width=\"650\" height=\"975\" alt data-voc-vtm-id=\"in-text-traffic\">\n<\/div><figcaption class=\"v-fc\">\n<span class=\"v-fc__p\"><br \/>\nPablo Paniagua<br \/>\n<\/span><br \/>\n<\/figcaption><\/div>\n<\/div>\n<\/article>\n<\/div>\n<\/div>\n<p><h3 class=\"v-cmp-suh\">\nRoberto Verino<br \/>\n<\/h3>\n<\/p>\n<p class=\"voc-paragraph\">Look de Roberto Verino en el desfile inaugural de OMODA Madrid es Moda.<\/p>\n<div class=\"v-c-cmp \">\n<div class=\"v-cmp-m v-cmp-m--t1\">\n<article class=\"v-a v-a--cmp-m v-c-cmp--m-p\">\n<div class=\"v-a-img-c v-a-img-c--fw-xs\">\n<div class=\"v-a-fig\">\n<div class=\"v-a-link\">\n<img loading=\"lazy\" src=\"http:\/\/hoycordobaweb.com\/wp-content\/uploads\/2026\/03\/omoda-madrid-es-moda-arranca-con-un-espectacular-desfile-en-la-plaza-de-espana-el-futuro-de-la-moda-de-autor-empieza-aqui-y-reivindica-la-artesania-33.jpg\" class=\"v-a-img\" width=\"650\" height=\"975\" alt data-voc-vtm-id=\"in-text-traffic\">\n<\/div><figcaption class=\"v-fc\">\n<span class=\"v-fc__p\"><br \/>\nPablo Paniagua<br \/>\n<\/span><br \/>\n<\/figcaption><\/div>\n<\/div>\n<\/article>\n<\/div>\n<\/div>\n<p><h3 class=\"v-cmp-suh\">\nAdlib Ibiza<br \/>\n<\/h3>\n<\/p>\n<p class=\"voc-paragraph\">Look de Adlib Ibiza en el desfile inaugural de OMODA Madrid es Moda.<\/p>\n<div class=\"v-c-cmp \">\n<div class=\"v-cmp-m v-cmp-m--t1\">\n<article class=\"v-a v-a--cmp-m v-c-cmp--m-p\">\n<div class=\"v-a-img-c v-a-img-c--fw-xs\">\n<div class=\"v-a-fig\">\n<div class=\"v-a-link\">\n<img loading=\"lazy\" src=\"http:\/\/hoycordobaweb.com\/wp-content\/uploads\/2026\/03\/omoda-madrid-es-moda-arranca-con-un-espectacular-desfile-en-la-plaza-de-espana-el-futuro-de-la-moda-de-autor-empieza-aqui-y-reivindica-la-artesania-34.jpg\" class=\"v-a-img\" width=\"650\" height=\"975\" alt data-voc-vtm-id=\"in-text-traffic\">\n<\/div><figcaption class=\"v-fc\">\n<span class=\"v-fc__p\"><br \/>\nPablo Paniagua<br \/>\n<\/span><br \/>\n<\/figcaption><\/div>\n<\/div>\n<\/article>\n<\/div>\n<\/div>\n<p><h3 class=\"v-cmp-suh\">\nDevota&amp;Lomba<br \/>\n<\/h3>\n<\/p>\n<p class=\"voc-paragraph\">Look de Devota&amp;Lomba en el desfile inaugural de OMODA Madrid es Moda.<\/p>\n<div class=\"v-c-cmp \">\n<div class=\"v-cmp-m v-cmp-m--t1\">\n<article class=\"v-a v-a--cmp-m v-c-cmp--m-p\">\n<div class=\"v-a-img-c v-a-img-c--fw-xs\">\n<div class=\"v-a-fig\">\n<div class=\"v-a-link\">\n<img loading=\"lazy\" src=\"http:\/\/hoycordobaweb.com\/wp-content\/uploads\/2026\/03\/omoda-madrid-es-moda-arranca-con-un-espectacular-desfile-en-la-plaza-de-espana-el-futuro-de-la-moda-de-autor-empieza-aqui-y-reivindica-la-artesania-35.jpg\" class=\"v-a-img\" width=\"650\" height=\"975\" alt data-voc-vtm-id=\"in-text-traffic\">\n<\/div><figcaption class=\"v-fc\">\n<span class=\"v-fc__p\"><br \/>\nPablo Paniagua<br \/>\n<\/span><br \/>\n<\/figcaption><\/div>\n<\/div>\n<\/article>\n<\/div>\n<\/div>\n<p><h3 class=\"v-cmp-suh\">\nRoberto Torretta<br \/>\n<\/h3>\n<\/p>\n<p class=\"voc-paragraph\">Look de Roberto Torretta en el desfile inaugural de OMODA Madrid es Moda.<\/p>\n<div class=\"v-c-cmp \">\n<div class=\"v-cmp-m v-cmp-m--t1\">\n<article class=\"v-a v-a--cmp-m v-c-cmp--m-p\">\n<div class=\"v-a-img-c v-a-img-c--fw-xs\">\n<div class=\"v-a-fig\">\n<div class=\"v-a-link\">\n<img loading=\"lazy\" src=\"http:\/\/hoycordobaweb.com\/wp-content\/uploads\/2026\/03\/omoda-madrid-es-moda-arranca-con-un-espectacular-desfile-en-la-plaza-de-espana-el-futuro-de-la-moda-de-autor-empieza-aqui-y-reivindica-la-artesania-36.jpg\" class=\"v-a-img\" width=\"650\" height=\"975\" alt data-voc-vtm-id=\"in-text-traffic\">\n<\/div><figcaption class=\"v-fc\">\n<span class=\"v-fc__p\"><br \/>\nPablo Paniagua<br \/>\n<\/span><br \/>\n<\/figcaption><\/div>\n<\/div>\n<\/article>\n<\/div>\n<\/div>\n<p><h3 class=\"v-cmp-suh\">\nMirto<br \/>\n<\/h3>\n<\/p>\n<p class=\"voc-paragraph\">Look de Mirto en el desfile inaugural de OMODA Madrid es Moda.<\/p>\n<div class=\"v-c-cmp \">\n<div class=\"v-cmp-m v-cmp-m--t1\">\n<article class=\"v-a v-a--cmp-m v-c-cmp--m-p\">\n<div class=\"v-a-img-c v-a-img-c--fw-xs\">\n<div class=\"v-a-fig\">\n<div class=\"v-a-link\">\n<img loading=\"lazy\" src=\"http:\/\/hoycordobaweb.com\/wp-content\/uploads\/2026\/03\/omoda-madrid-es-moda-arranca-con-un-espectacular-desfile-en-la-plaza-de-espana-el-futuro-de-la-moda-de-autor-empieza-aqui-y-reivindica-la-artesania-37.jpg\" class=\"v-a-img\" width=\"650\" height=\"975\" alt data-voc-vtm-id=\"in-text-traffic\">\n<\/div><figcaption class=\"v-fc\">\n<span class=\"v-fc__p\"><br \/>\nPablo Paniagua<br \/>\n<\/span><br \/>\n<\/figcaption><\/div>\n<\/div>\n<\/article>\n<\/div>\n<\/div>\n<p><h3 class=\"v-cmp-suh\">\nEduardo Navarrete<br \/>\n<\/h3>\n<\/p>\n<p class=\"voc-paragraph\">Look de Eduardo Navarrete en el desfile inaugural de OMODA Madrid es Moda.<\/p>\n<div class=\"v-c-cmp \">\n<div class=\"v-cmp-m v-cmp-m--t1\">\n<article class=\"v-a v-a--cmp-m v-c-cmp--m-p\">\n<div class=\"v-a-img-c v-a-img-c--fw-xs\">\n<div class=\"v-a-fig\">\n<div class=\"v-a-link\">\n<img loading=\"lazy\" src=\"http:\/\/hoycordobaweb.com\/wp-content\/uploads\/2026\/03\/omoda-madrid-es-moda-arranca-con-un-espectacular-desfile-en-la-plaza-de-espana-el-futuro-de-la-moda-de-autor-empieza-aqui-y-reivindica-la-artesania-38.jpg\" class=\"v-a-img\" width=\"650\" height=\"975\" alt data-voc-vtm-id=\"in-text-traffic\">\n<\/div><figcaption class=\"v-fc\">\n<span class=\"v-fc__p\"><br \/>\nPablo Paniagua<br \/>\n<\/span><br \/>\n<\/figcaption><\/div>\n<\/div>\n<\/article>\n<\/div>\n<\/div>\n<p><h3 class=\"v-cmp-suh\">\nThe Extreme Collection<br \/>\n<\/h3>\n<\/p>\n<p class=\"voc-paragraph\">Look de The Extreme Collection en el desfile inaugural de OMODA Madrid es Moda.<\/p>\n<div class=\"v-c-cmp \">\n<div class=\"v-cmp-m v-cmp-m--t1\">\n<article class=\"v-a v-a--cmp-m v-c-cmp--m-p\">\n<div class=\"v-a-img-c v-a-img-c--fw-xs\">\n<div class=\"v-a-fig\">\n<div class=\"v-a-link\">\n<img loading=\"lazy\" src=\"http:\/\/hoycordobaweb.com\/wp-content\/uploads\/2026\/03\/omoda-madrid-es-moda-arranca-con-un-espectacular-desfile-en-la-plaza-de-espana-el-futuro-de-la-moda-de-autor-empieza-aqui-y-reivindica-la-artesania-39.jpg\" class=\"v-a-img\" width=\"650\" height=\"975\" alt=\"En este look, Juan Duyos ha integrado en el cintur\u00f3n a modo de accesorio de lujo un dispositivo de Glo\u2122*.\" data-voc-vtm-id=\"in-text-traffic\">\n<\/div><figcaption class=\"v-fc\">\n<span class=\"v-fc__t\"><br \/>\nEn este look, Juan Duyos ha integrado en el cintur\u00f3n a modo de accesorio de lujo un dispositivo de Glo\u2122*.<br \/>\n<\/span><br \/>\n<span class=\"v-fc__p\"><br \/>\nPablo Paniagua<br \/>\n<\/span><br \/>\n<\/figcaption><\/div>\n<\/div>\n<\/article>\n<\/div>\n<\/div>\n<p><h3 class=\"v-cmp-suh\">\nDuyos<br \/>\n<\/h3>\n<\/p>\n<p class=\"voc-paragraph\">Duyos ha sorprendido en el desfile inaugural de OMODA Madrid es Moda al combinar este imponente vestido blanco roto con un cintur\u00f3n en el que el dise\u00f1ador ha integrado un dispositivo de Glo\u2122* como un accesorio de lujo.<\/p>\n<div class=\"v-c-cmp \">\n<div class=\"v-cmp-m v-cmp-m--t1\">\n<article class=\"v-a v-a--cmp-m v-c-cmp--m-p\">\n<div class=\"v-a-img-c v-a-img-c--fw-xs\">\n<div class=\"v-a-fig\">\n<div class=\"v-a-link\">\n<img loading=\"lazy\" src=\"http:\/\/hoycordobaweb.com\/wp-content\/uploads\/2026\/03\/omoda-madrid-es-moda-arranca-con-un-espectacular-desfile-en-la-plaza-de-espana-el-futuro-de-la-moda-de-autor-empieza-aqui-y-reivindica-la-artesania-40.jpg\" class=\"v-a-img\" width=\"650\" height=\"975\" alt data-voc-vtm-id=\"in-text-traffic\">\n<\/div><figcaption class=\"v-fc\">\n<span class=\"v-fc__p\"><br \/>\nPablo Paniagua<br \/>\n<\/span><br \/>\n<\/figcaption><\/div>\n<\/div>\n<\/article>\n<\/div>\n<\/div>\n<p><h3 class=\"v-cmp-suh\">\nAdlib Ibiza<br \/>\n<\/h3>\n<\/p>\n<p class=\"voc-paragraph\">Look de Adlib Ibiza en el desfile inaugural de OMODA Madrid es Moda.<\/p>\n<div class=\"v-c-cmp \">\n<div class=\"v-cmp-m v-cmp-m--t1\">\n<article class=\"v-a v-a--cmp-m v-c-cmp--m-p\">\n<div class=\"v-a-img-c v-a-img-c--fw-xs\">\n<div class=\"v-a-fig\">\n<div class=\"v-a-link\">\n<img loading=\"lazy\" src=\"http:\/\/hoycordobaweb.com\/wp-content\/uploads\/2026\/03\/omoda-madrid-es-moda-arranca-con-un-espectacular-desfile-en-la-plaza-de-espana-el-futuro-de-la-moda-de-autor-empieza-aqui-y-reivindica-la-artesania-41.jpg\" class=\"v-a-img\" width=\"650\" height=\"975\" alt data-voc-vtm-id=\"in-text-traffic\">\n<\/div><figcaption class=\"v-fc\">\n<span class=\"v-fc__p\"><br \/>\nPablo Paniagua<br \/>\n<\/span><br \/>\n<\/figcaption><\/div>\n<\/div>\n<\/article>\n<\/div>\n<\/div>\n<p><h3 class=\"v-cmp-suh\">\nF\u00e9lix Ramiro<br \/>\n<\/h3>\n<\/p>\n<p class=\"voc-paragraph\">Look de F\u00e9lix Ramiro en el desfile inaugural de OMODA Madrid es Moda.<\/p>\n<div class=\"v-c-cmp \">\n<div class=\"v-cmp-m v-cmp-m--t1\">\n<article class=\"v-a v-a--cmp-m v-c-cmp--m-p\">\n<div class=\"v-a-img-c v-a-img-c--fw-xs\">\n<div class=\"v-a-fig\">\n<div class=\"v-a-link\">\n<img loading=\"lazy\" src=\"http:\/\/hoycordobaweb.com\/wp-content\/uploads\/2026\/03\/omoda-madrid-es-moda-arranca-con-un-espectacular-desfile-en-la-plaza-de-espana-el-futuro-de-la-moda-de-autor-empieza-aqui-y-reivindica-la-artesania-42.jpg\" class=\"v-a-img\" width=\"650\" height=\"975\" alt data-voc-vtm-id=\"in-text-traffic\">\n<\/div><figcaption class=\"v-fc\">\n<span class=\"v-fc__p\"><br \/>\nPablo Paniagua<br \/>\n<\/span><br \/>\n<\/figcaption><\/div>\n<\/div>\n<\/article>\n<\/div>\n<\/div>\n<p><h3 class=\"v-cmp-suh\">\nIt Spain<br \/>\n<\/h3>\n<\/p>\n<p class=\"voc-paragraph\">Look de It Spain en el desfile inaugural de OMODA Madrid es Moda.<\/p>\n<div class=\"v-c-cmp \">\n<div class=\"v-cmp-m v-cmp-m--t1\">\n<article class=\"v-a v-a--cmp-m v-c-cmp--m-p\">\n<div class=\"v-a-img-c v-a-img-c--fw-xs\">\n<div class=\"v-a-fig\">\n<div class=\"v-a-link\">\n<img loading=\"lazy\" src=\"http:\/\/hoycordobaweb.com\/wp-content\/uploads\/2026\/03\/omoda-madrid-es-moda-arranca-con-un-espectacular-desfile-en-la-plaza-de-espana-el-futuro-de-la-moda-de-autor-empieza-aqui-y-reivindica-la-artesania-43.jpg\" class=\"v-a-img\" width=\"650\" height=\"975\" alt data-voc-vtm-id=\"in-text-traffic\">\n<\/div><figcaption class=\"v-fc\">\n<span class=\"v-fc__p\"><br \/>\nPablo Paniagua<br \/>\n<\/span><br \/>\n<\/figcaption><\/div>\n<\/div>\n<\/article>\n<\/div>\n<\/div>\n<p><h3 class=\"v-cmp-suh\">\nMirto<br \/>\n<\/h3>\n<\/p>\n<p class=\"voc-paragraph\">Look de Mirto en el desfile inaugural de OMODA Madrid es Moda.<\/p>\n<div class=\"v-c-cmp \">\n<div class=\"v-cmp-m v-cmp-m--t1\">\n<article class=\"v-a v-a--cmp-m v-c-cmp--m-p\">\n<div class=\"v-a-img-c v-a-img-c--fw-xs\">\n<div class=\"v-a-fig\">\n<div class=\"v-a-link\">\n<img loading=\"lazy\" src=\"http:\/\/hoycordobaweb.com\/wp-content\/uploads\/2026\/03\/omoda-madrid-es-moda-arranca-con-un-espectacular-desfile-en-la-plaza-de-espana-el-futuro-de-la-moda-de-autor-empieza-aqui-y-reivindica-la-artesania-44.jpg\" class=\"v-a-img\" width=\"650\" height=\"975\" alt data-voc-vtm-id=\"in-text-traffic\">\n<\/div><figcaption class=\"v-fc\">\n<span class=\"v-fc__p\"><br \/>\nPablo Paniagua<br \/>\n<\/span><br \/>\n<\/figcaption><\/div>\n<\/div>\n<\/article>\n<\/div>\n<\/div>\n<p><h3 class=\"v-cmp-suh\">\nJavier Delafuente<br \/>\n<\/h3>\n<\/p>\n<p class=\"voc-paragraph\">Look de Javier Delafuente en el desfile inaugural de OMODA Madrid es Moda.<\/p>\n<div class=\"v-c-cmp \">\n<div class=\"v-cmp-m v-cmp-m--t1\">\n<article class=\"v-a v-a--cmp-m v-c-cmp--m-p\">\n<div class=\"v-a-img-c v-a-img-c--fw-xs\">\n<div class=\"v-a-fig\">\n<div class=\"v-a-link\">\n<img loading=\"lazy\" src=\"http:\/\/hoycordobaweb.com\/wp-content\/uploads\/2026\/03\/omoda-madrid-es-moda-arranca-con-un-espectacular-desfile-en-la-plaza-de-espana-el-futuro-de-la-moda-de-autor-empieza-aqui-y-reivindica-la-artesania-45.jpg\" class=\"v-a-img\" width=\"650\" height=\"975\" alt data-voc-vtm-id=\"in-text-traffic\">\n<\/div><figcaption class=\"v-fc\">\n<span class=\"v-fc__p\"><br \/>\nPablo Paniagua<br \/>\n<\/span><br \/>\n<\/figcaption><\/div>\n<\/div>\n<\/article>\n<\/div>\n<\/div>\n<p><h3 class=\"v-cmp-suh\">\nLuis Infantes<br \/>\n<\/h3>\n<\/p>\n<p class=\"voc-paragraph\">Look de Luis Infantes en el desfile inaugural de OMODA Madrid es Moda.<\/p>\n<div class=\"v-c-cmp \">\n<div class=\"v-cmp-m v-cmp-m--t1\">\n<article class=\"v-a v-a--cmp-m v-c-cmp--m-p\">\n<div class=\"v-a-img-c v-a-img-c--fw-xs\">\n<div class=\"v-a-fig\">\n<div class=\"v-a-link\">\n<img loading=\"lazy\" src=\"http:\/\/hoycordobaweb.com\/wp-content\/uploads\/2026\/03\/omoda-madrid-es-moda-arranca-con-un-espectacular-desfile-en-la-plaza-de-espana-el-futuro-de-la-moda-de-autor-empieza-aqui-y-reivindica-la-artesania-46.jpg\" class=\"v-a-img\" width=\"650\" height=\"975\" alt data-voc-vtm-id=\"in-text-traffic\">\n<\/div><figcaption class=\"v-fc\">\n<span class=\"v-fc__p\"><br \/>\nPablo Paniagua<br \/>\n<\/span><br \/>\n<\/figcaption><\/div>\n<\/div>\n<\/article>\n<\/div>\n<\/div>\n<p><h3 class=\"v-cmp-suh\">\nMiguel Marinero<br \/>\n<\/h3>\n<\/p>\n<p class=\"voc-paragraph\">Look de Miguel Marinero en el desfile inaugural de OMODA Madrid es Moda.<\/p>\n<div class=\"v-c-cmp \">\n<div class=\"v-cmp-m v-cmp-m--t1\">\n<article class=\"v-a v-a--cmp-m v-c-cmp--m-p\">\n<div class=\"v-a-img-c v-a-img-c--fw-xs\">\n<div class=\"v-a-fig\">\n<div class=\"v-a-link\">\n<img loading=\"lazy\" src=\"http:\/\/hoycordobaweb.com\/wp-content\/uploads\/2026\/03\/omoda-madrid-es-moda-arranca-con-un-espectacular-desfile-en-la-plaza-de-espana-el-futuro-de-la-moda-de-autor-empieza-aqui-y-reivindica-la-artesania-47.jpg\" class=\"v-a-img\" width=\"650\" height=\"975\" alt data-voc-vtm-id=\"in-text-traffic\">\n<\/div><figcaption class=\"v-fc\">\n<span class=\"v-fc__p\"><br \/>\nPablo Paniagua<br \/>\n<\/span><br \/>\n<\/figcaption><\/div>\n<\/div>\n<\/article>\n<\/div>\n<\/div>\n<p><h3 class=\"v-cmp-suh\">\nJavier Delafuente<br \/>\n<\/h3>\n<\/p>\n<p class=\"voc-paragraph\">Look de Javier Delafuente en el desfile inaugural de OMODA Madrid es Moda.<\/p>\n<div class=\"v-c-cmp \">\n<div class=\"v-cmp-m v-cmp-m--t1\">\n<article class=\"v-a v-a--cmp-m v-c-cmp--m-p\">\n<div class=\"v-a-img-c v-a-img-c--fw-xs\">\n<div class=\"v-a-fig\">\n<div class=\"v-a-link\">\n<img loading=\"lazy\" src=\"http:\/\/hoycordobaweb.com\/wp-content\/uploads\/2026\/03\/omoda-madrid-es-moda-arranca-con-un-espectacular-desfile-en-la-plaza-de-espana-el-futuro-de-la-moda-de-autor-empieza-aqui-y-reivindica-la-artesania-48.jpg\" class=\"v-a-img\" width=\"650\" height=\"975\" alt=\"Juan Duyos ha complementado sus looks del desfile inaugural de OMODA Madrid es Moda con unos cinturones que act\u00faan como complemento joya incorporando dispositivos de Glo\u2122*.\" data-voc-vtm-id=\"in-text-traffic\">\n<\/div><figcaption class=\"v-fc\">\n<span class=\"v-fc__t\"><br \/>\nJuan Duyos ha complementado sus looks del desfile inaugural de OMODA Madrid es Moda con unos cinturones que act\u00faan como complemento joya incorporando dispositivos de Glo\u2122*.<br \/>\n<\/span><br \/>\n<span class=\"v-fc__p\"><br \/>\nPablo Paniagua<br \/>\n<\/span><br \/>\n<\/figcaption><\/div>\n<\/div>\n<\/article>\n<\/div>\n<\/div>\n<p><h3 class=\"v-cmp-suh\">\nDuyos<br \/>\n<\/h3>\n<\/p>\n<p class=\"voc-paragraph\">Juan Duyos eleva a la categor\u00eda de complemento joya los dispositivos de Glo\u2122* y los integra de manera org\u00e1nica en sus dise\u00f1os del desfile inaugural de OMODA Madrid es Moda a trav\u00e9s de accesorios tan especiales como estos maxi cinturones.<\/p>\n<div class=\"v-c-cmp \">\n<div class=\"v-cmp-m v-cmp-m--t1\">\n<article class=\"v-a v-a--cmp-m v-c-cmp--m-p\">\n<div class=\"v-a-img-c v-a-img-c--fw-xs\">\n<div class=\"v-a-fig\">\n<div class=\"v-a-link\">\n<img loading=\"lazy\" src=\"http:\/\/hoycordobaweb.com\/wp-content\/uploads\/2026\/03\/omoda-madrid-es-moda-arranca-con-un-espectacular-desfile-en-la-plaza-de-espana-el-futuro-de-la-moda-de-autor-empieza-aqui-y-reivindica-la-artesania-49.jpg\" class=\"v-a-img\" width=\"650\" height=\"975\" alt data-voc-vtm-id=\"in-text-traffic\">\n<\/div><figcaption class=\"v-fc\">\n<span class=\"v-fc__p\"><br \/>\nPablo Paniagua<br \/>\n<\/span><br \/>\n<\/figcaption><\/div>\n<\/div>\n<\/article>\n<\/div>\n<\/div>\n<p><h3 class=\"v-cmp-suh\">\nLuis Infantes<br \/>\n<\/h3>\n<\/p>\n<p class=\"voc-paragraph\">Look de Luis Infantes en el desfile inaugural de OMODA Madrid es Moda.<\/p>\n<div class=\"v-c-cmp v-c-cmp--s\">\n<div class=\"v-cmp-m \">\n<article class=\"v-a v-a--cmp-m v-c-cmp--m-z\">\n<div class=\"v-a-img-c \">\n<div class=\"v-a-fig\">\n<button class=\"v-a-link\" popovertarget=\"photo-401\"><br \/>\n<img loading=\"lazy\" src=\"http:\/\/hoycordobaweb.com\/wp-content\/uploads\/2026\/03\/omoda-madrid-es-moda-arranca-con-un-espectacular-desfile-en-la-plaza-de-espana-el-futuro-de-la-moda-de-autor-empieza-aqui-y-reivindica-la-artesania-50.jpg\" class=\"v-a-img\" width=\"650\" height=\"650\" alt data-voc-vtm-id=\"in-text-traffic\"> <\/button><figcaption class=\"v-fc\">\n<span class=\"v-fc__p\"><br \/>\nLeticia D\u00edaz de la Morena<br \/>\n<\/span><br \/>\n<\/figcaption><\/div>\n<\/div>\n<div id=\"photo-401\" popover class=\"v-mdl v-mdl--fw\">\n<button class=\"v-x\" popovertarget=\"photo-401\" popovertargetaction=\"hide\"><br \/>\n<span class=\"v-i\"><br \/>\n<svg width=\"24\" height=\"23.996\" viewBox=\"0 0 24 23.996\">\n<path data-name=\"Uni\u00f3n 29\" d=\"M12,14.03,2.031,24,0,21.963,9.968,12,0,2.033,2.031,0,12,9.966,21.969,0,24,2.033,14.032,12,24,21.963,21.969,24Z\" \/>\n<\/svg><br \/>\n<\/span><br \/>\n<\/button><\/p>\n<div class=\"v-mdl__c\">\n<div class=\"v-mdl__w\">\n<img loading=\"lazy\" src=\"http:\/\/hoycordobaweb.com\/wp-content\/uploads\/2026\/03\/omoda-madrid-es-moda-arranca-con-un-espectacular-desfile-en-la-plaza-de-espana-el-futuro-de-la-moda-de-autor-empieza-aqui-y-reivindica-la-artesania-50.jpg\" class=\"v-mdl__img-z\" width=\"650\" height=\"650\" alt>\n<\/div>\n<\/div>\n<\/div>\n<p><span class=\"v-bdp\"><\/span><br \/>\n<\/article>\n<\/div>\n<\/div>\n<p class=\"voc-paragraph\">Los zapatos de UNISA han completado los looks de las modelos en este desfile inaugural de OMODA Madrid es Moda.<\/p>\n<div class=\"v-c-cmp \">\n<div class=\"v-cmp-m v-cmp-m--t1\">\n<article class=\"v-a v-a--cmp-m v-c-cmp--m-p\">\n<div class=\"v-a-img-c v-a-img-c--fw-xs\">\n<div class=\"v-a-fig\">\n<div class=\"v-a-link\">\n<img loading=\"lazy\" src=\"http:\/\/hoycordobaweb.com\/wp-content\/uploads\/2026\/03\/omoda-madrid-es-moda-arranca-con-un-espectacular-desfile-en-la-plaza-de-espana-el-futuro-de-la-moda-de-autor-empieza-aqui-y-reivindica-la-artesania-51.jpg\" class=\"v-a-img\" width=\"650\" height=\"975\" alt data-voc-vtm-id=\"in-text-traffic\">\n<\/div><figcaption class=\"v-fc\">\n<span class=\"v-fc__p\"><br \/>\nPablo Paniagua<br \/>\n<\/span><br \/>\n<\/figcaption><\/div>\n<\/div>\n<\/article>\n<\/div>\n<\/div>\n<p><h3 class=\"v-cmp-suh\">\nPilar Dalbart<br \/>\n<\/h3>\n<\/p>\n<p class=\"voc-paragraph\">Look de Pilar Dalbart en el desfile inaugural de OMODA Madrid es Moda.<\/p>\n<div class=\"v-c-cmp \">\n<div class=\"v-cmp-m v-cmp-m--t1\">\n<article class=\"v-a v-a--cmp-m v-c-cmp--m-p\">\n<div class=\"v-a-img-c v-a-img-c--fw-xs\">\n<div class=\"v-a-fig\">\n<div class=\"v-a-link\">\n<img loading=\"lazy\" src=\"http:\/\/hoycordobaweb.com\/wp-content\/uploads\/2026\/03\/omoda-madrid-es-moda-arranca-con-un-espectacular-desfile-en-la-plaza-de-espana-el-futuro-de-la-moda-de-autor-empieza-aqui-y-reivindica-la-artesania-52.jpg\" class=\"v-a-img\" width=\"650\" height=\"975\" alt data-voc-vtm-id=\"in-text-traffic\">\n<\/div><figcaption class=\"v-fc\">\n<span class=\"v-fc__p\"><br \/>\nPablo Paniagua<br \/>\n<\/span><br \/>\n<\/figcaption><\/div>\n<\/div>\n<\/article>\n<\/div>\n<\/div>\n<p><h3 class=\"v-cmp-suh\">\nCandelas y Felipa<br \/>\n<\/h3>\n<\/p>\n<p class=\"voc-paragraph\">Look de Candelas y Felipa en el desfile inaugural de OMODA Madrid es Moda.<\/p>\n<div class=\"v-c-cmp \">\n<div class=\"v-cmp-m v-cmp-m--t1\">\n<article class=\"v-a v-a--cmp-m v-c-cmp--m-p\">\n<div class=\"v-a-img-c v-a-img-c--fw-xs\">\n<div class=\"v-a-fig\">\n<div class=\"v-a-link\">\n<img loading=\"lazy\" src=\"http:\/\/hoycordobaweb.com\/wp-content\/uploads\/2026\/03\/omoda-madrid-es-moda-arranca-con-un-espectacular-desfile-en-la-plaza-de-espana-el-futuro-de-la-moda-de-autor-empieza-aqui-y-reivindica-la-artesania-53.jpg\" class=\"v-a-img\" width=\"650\" height=\"975\" alt data-voc-vtm-id=\"in-text-traffic\">\n<\/div><figcaption class=\"v-fc\">\n<span class=\"v-fc__p\"><br \/>\nPablo Paniagua<br \/>\n<\/span><br \/>\n<\/figcaption><\/div>\n<\/div>\n<\/article>\n<\/div>\n<\/div>\n<p><h3 class=\"v-cmp-suh\">\nLuis Berendero<br \/>\n<\/h3>\n<\/p>\n<p class=\"voc-paragraph\">Look de Luis Berendero en el desfile inaugural de OMODA Madrid es Moda.<\/p>\n<div class=\"v-c-cmp \">\n<div class=\"v-cmp-m v-cmp-m--t1\">\n<article class=\"v-a v-a--cmp-m v-c-cmp--m-p\">\n<div class=\"v-a-img-c v-a-img-c--fw-xs\">\n<div class=\"v-a-fig\">\n<div class=\"v-a-link\">\n<img loading=\"lazy\" src=\"http:\/\/hoycordobaweb.com\/wp-content\/uploads\/2026\/03\/omoda-madrid-es-moda-arranca-con-un-espectacular-desfile-en-la-plaza-de-espana-el-futuro-de-la-moda-de-autor-empieza-aqui-y-reivindica-la-artesania-54.jpg\" class=\"v-a-img\" width=\"650\" height=\"975\" alt data-voc-vtm-id=\"in-text-traffic\">\n<\/div><figcaption class=\"v-fc\">\n<span class=\"v-fc__p\"><br \/>\nPablo Paniagua<br \/>\n<\/span><br \/>\n<\/figcaption><\/div>\n<\/div>\n<\/article>\n<\/div>\n<\/div>\n<p><h3 class=\"v-cmp-suh\">\nLuis Infantes<br \/>\n<\/h3>\n<\/p>\n<p class=\"voc-paragraph\">Look de Luis Infantes en el desfile inaugural de OMODA Madrid es Moda.<\/p>\n<p><h3 class=\"v-cmp-suh\">\nAs\u00ed ha sido el aftershow del desfile inaugural de OMODA Madrid es Moda<br \/>\n<\/h3>\n<\/p>\n<p class=\"voc-paragraph\">Tras el espectacular desfile inaugural, los invitados a este pistoletazo de salida de OMODA Madrid es Moda han brindado por la mejor moda espa\u00f1ola de autor y por el buen hacer de nuestros dise\u00f1adores y artesanos en <strong>un aftershow que se ha celebrado en el Barcel\u00f3 Torre de Madrid<\/strong>, hotel oficial de esta edici\u00f3n, y que ha contado con la presencia del Global Partner de esta edici\u00f3n, OMODA, y tambi\u00e9n de sus patrocinadores Glo\u2122*, Ancient+Brave, Keune y Sol\u00e1n de Cabras.<\/p>\n<div class=\"v-c-cmp v-c-cmp--s\">\n<div class=\"v-cmp-m \">\n<article class=\"v-a v-a--cmp-m v-c-cmp--m-z\">\n<div class=\"v-a-img-c \">\n<div class=\"v-a-fig\">\n<button class=\"v-a-link\" popovertarget=\"photo-921\"><br \/>\n<img loading=\"lazy\" src=\"http:\/\/hoycordobaweb.com\/wp-content\/uploads\/2026\/03\/omoda-madrid-es-moda-arranca-con-un-espectacular-desfile-en-la-plaza-de-espana-el-futuro-de-la-moda-de-autor-empieza-aqui-y-reivindica-la-artesania-55.jpg\" class=\"v-a-img\" width=\"650\" height=\"650\" alt=\"Obsequio de OMODA a los asistentes al aftershow del desfile inaugural de OMODA Madrid es Moda.\" data-voc-vtm-id=\"in-text-traffic\"> <\/button><figcaption class=\"v-fc\">\n<span class=\"v-fc__t\"><br \/>\nObsequio de OMODA a los asistentes al aftershow del desfile inaugural de OMODA Madrid es Moda.<br \/>\n<\/span><br \/>\n<span class=\"v-fc__p\"><br \/>\nLeticia D\u00edaz de la Morena<br \/>\n<\/span><br \/>\n<\/figcaption><\/div>\n<\/div>\n<div id=\"photo-921\" popover class=\"v-mdl v-mdl--fw\">\n<button class=\"v-x\" popovertarget=\"photo-921\" popovertargetaction=\"hide\"><br \/>\n<span class=\"v-i\"><br \/>\n<svg width=\"24\" height=\"23.996\" viewBox=\"0 0 24 23.996\">\n<path data-name=\"Uni\u00f3n 29\" d=\"M12,14.03,2.031,24,0,21.963,9.968,12,0,2.033,2.031,0,12,9.966,21.969,0,24,2.033,14.032,12,24,21.963,21.969,24Z\" \/>\n<\/svg><br \/>\n<\/span><br \/>\n<\/button><\/p>\n<div class=\"v-mdl__c\">\n<div class=\"v-mdl__w\">\n<img loading=\"lazy\" src=\"http:\/\/hoycordobaweb.com\/wp-content\/uploads\/2026\/03\/omoda-madrid-es-moda-arranca-con-un-espectacular-desfile-en-la-plaza-de-espana-el-futuro-de-la-moda-de-autor-empieza-aqui-y-reivindica-la-artesania-55.jpg\" class=\"v-mdl__img-z\" width=\"650\" height=\"650\" alt>\n<\/div>\n<\/div>\n<\/div>\n<p><span class=\"v-bdp\"><\/span><br \/>\n<\/article>\n<\/div>\n<\/div>\n<div class=\"v-c-cmp v-c-cmp--s\">\n<div class=\"v-cmp-m \">\n<article class=\"v-a v-a--cmp-m v-c-cmp--m-z\">\n<div class=\"v-a-img-c \">\n<div class=\"v-a-fig\">\n<button class=\"v-a-link\" popovertarget=\"photo-181\"><br \/>\n<img loading=\"lazy\" src=\"http:\/\/hoycordobaweb.com\/wp-content\/uploads\/2026\/03\/omoda-madrid-es-moda-arranca-con-un-espectacular-desfile-en-la-plaza-de-espana-el-futuro-de-la-moda-de-autor-empieza-aqui-y-reivindica-la-artesania-56.jpg\" class=\"v-a-img\" width=\"650\" height=\"650\" alt=\"Espacio de Glo\u2122* en el aftershow del desfile inaugural de OMODA Madrid es Moda.\" data-voc-vtm-id=\"in-text-traffic\"> <\/button><figcaption class=\"v-fc\">\n<span class=\"v-fc__t\"><br \/>\nEspacio de Glo\u2122* en el aftershow del desfile inaugural de OMODA Madrid es Moda.<br \/>\n<\/span><br \/>\n<span class=\"v-fc__p\"><br \/>\nLeticia D\u00edaz de la Morena<br \/>\n<\/span><br \/>\n<\/figcaption><\/div>\n<\/div>\n<div id=\"photo-181\" popover class=\"v-mdl v-mdl--fw\">\n<button class=\"v-x\" popovertarget=\"photo-181\" popovertargetaction=\"hide\"><br \/>\n<span class=\"v-i\"><br \/>\n<svg width=\"24\" height=\"23.996\" viewBox=\"0 0 24 23.996\">\n<path data-name=\"Uni\u00f3n 29\" d=\"M12,14.03,2.031,24,0,21.963,9.968,12,0,2.033,2.031,0,12,9.966,21.969,0,24,2.033,14.032,12,24,21.963,21.969,24Z\" \/>\n<\/svg><br \/>\n<\/span><br \/>\n<\/button><\/p>\n<div class=\"v-mdl__c\">\n<div class=\"v-mdl__w\">\n<img loading=\"lazy\" src=\"http:\/\/hoycordobaweb.com\/wp-content\/uploads\/2026\/03\/omoda-madrid-es-moda-arranca-con-un-espectacular-desfile-en-la-plaza-de-espana-el-futuro-de-la-moda-de-autor-empieza-aqui-y-reivindica-la-artesania-56.jpg\" class=\"v-mdl__img-z\" width=\"650\" height=\"650\" alt>\n<\/div>\n<\/div>\n<\/div>\n<p><span class=\"v-bdp\"><\/span><br \/>\n<\/article>\n<\/div>\n<\/div>\n<div class=\"v-c-cmp v-c-cmp--s\">\n<div class=\"v-cmp-m \">\n<article class=\"v-a v-a--cmp-m v-c-cmp--m-z\">\n<div class=\"v-a-img-c \">\n<div class=\"v-a-fig\">\n<button class=\"v-a-link\" popovertarget=\"photo-357\"><br \/>\n<img loading=\"lazy\" src=\"http:\/\/hoycordobaweb.com\/wp-content\/uploads\/2026\/03\/omoda-madrid-es-moda-arranca-con-un-espectacular-desfile-en-la-plaza-de-espana-el-futuro-de-la-moda-de-autor-empieza-aqui-y-reivindica-la-artesania-57.jpg\" class=\"v-a-img\" width=\"650\" height=\"650\" alt=\"Espacio de Keune en el aftershow del desfile inaugural de OMODA Madrid es Moda.\" data-voc-vtm-id=\"in-text-traffic\"> <\/button><figcaption class=\"v-fc\">\n<span class=\"v-fc__t\"><br \/>\nEspacio de Keune en el aftershow del desfile inaugural de OMODA Madrid es Moda.<br \/>\n<\/span><br \/>\n<span class=\"v-fc__p\"><br \/>\nLeticia D\u00edaz de la Morena<br \/>\n<\/span><br \/>\n<\/figcaption><\/div>\n<\/div>\n<div id=\"photo-357\" popover class=\"v-mdl v-mdl--fw\">\n<button class=\"v-x\" popovertarget=\"photo-357\" popovertargetaction=\"hide\"><br \/>\n<span class=\"v-i\"><br \/>\n<svg width=\"24\" height=\"23.996\" viewBox=\"0 0 24 23.996\">\n<path data-name=\"Uni\u00f3n 29\" d=\"M12,14.03,2.031,24,0,21.963,9.968,12,0,2.033,2.031,0,12,9.966,21.969,0,24,2.033,14.032,12,24,21.963,21.969,24Z\" \/>\n<\/svg><br \/>\n<\/span><br \/>\n<\/button><\/p>\n<div class=\"v-mdl__c\">\n<div class=\"v-mdl__w\">\n<img loading=\"lazy\" src=\"http:\/\/hoycordobaweb.com\/wp-content\/uploads\/2026\/03\/omoda-madrid-es-moda-arranca-con-un-espectacular-desfile-en-la-plaza-de-espana-el-futuro-de-la-moda-de-autor-empieza-aqui-y-reivindica-la-artesania-57.jpg\" class=\"v-mdl__img-z\" width=\"650\" height=\"650\" alt>\n<\/div>\n<\/div>\n<\/div>\n<p><span class=\"v-bdp\"><\/span><br \/>\n<\/article>\n<\/div>\n<\/div>\n<div class=\"v-c-cmp v-c-cmp--s\">\n<div class=\"v-cmp-m \">\n<article class=\"v-a v-a--cmp-m v-c-cmp--m-z\">\n<div class=\"v-a-img-c \">\n<div class=\"v-a-fig\">\n<button class=\"v-a-link\" popovertarget=\"photo-190\"><br \/>\n<img loading=\"lazy\" src=\"http:\/\/hoycordobaweb.com\/wp-content\/uploads\/2026\/03\/omoda-madrid-es-moda-arranca-con-un-espectacular-desfile-en-la-plaza-de-espana-el-futuro-de-la-moda-de-autor-empieza-aqui-y-reivindica-la-artesania-58.jpg\" class=\"v-a-img\" width=\"650\" height=\"650\" alt=\"C\u00f3cteles con col\u00e1geno de Ancient+Brave en el aftershow del desfile inaugural de OMODA Madrid es Moda.\" data-voc-vtm-id=\"in-text-traffic\"> <\/button><figcaption class=\"v-fc\">\n<span class=\"v-fc__t\"><br \/>\nC\u00f3cteles con col\u00e1geno de Ancient+Brave en el aftershow del desfile inaugural de OMODA Madrid es Moda.<br \/>\n<\/span><br \/>\n<span class=\"v-fc__p\"><br \/>\nLeticia D\u00edaz de la Morena<br \/>\n<\/span><br \/>\n<\/figcaption><\/div>\n<\/div>\n<div id=\"photo-190\" popover class=\"v-mdl v-mdl--fw\">\n<button class=\"v-x\" popovertarget=\"photo-190\" popovertargetaction=\"hide\"><br \/>\n<span class=\"v-i\"><br \/>\n<svg width=\"24\" height=\"23.996\" viewBox=\"0 0 24 23.996\">\n<path data-name=\"Uni\u00f3n 29\" d=\"M12,14.03,2.031,24,0,21.963,9.968,12,0,2.033,2.031,0,12,9.966,21.969,0,24,2.033,14.032,12,24,21.963,21.969,24Z\" \/>\n<\/svg><br \/>\n<\/span><br \/>\n<\/button><\/p>\n<div class=\"v-mdl__c\">\n<div class=\"v-mdl__w\">\n<img loading=\"lazy\" src=\"http:\/\/hoycordobaweb.com\/wp-content\/uploads\/2026\/03\/omoda-madrid-es-moda-arranca-con-un-espectacular-desfile-en-la-plaza-de-espana-el-futuro-de-la-moda-de-autor-empieza-aqui-y-reivindica-la-artesania-58.jpg\" class=\"v-mdl__img-z\" width=\"650\" height=\"650\" alt>\n<\/div>\n<\/div>\n<\/div>\n<p><span class=\"v-bdp\"><\/span><br \/>\n<\/article>\n<\/div>\n<\/div>\n<div class=\"v-c-cmp v-c-cmp--s\">\n<div class=\"v-cmp-m \">\n<article class=\"v-a v-a--cmp-m v-c-cmp--m-z\">\n<div class=\"v-a-img-c \">\n<div class=\"v-a-fig\">\n<button class=\"v-a-link\" popovertarget=\"photo-393\"><br \/>\n<img loading=\"lazy\" src=\"http:\/\/hoycordobaweb.com\/wp-content\/uploads\/2026\/03\/omoda-madrid-es-moda-arranca-con-un-espectacular-desfile-en-la-plaza-de-espana-el-futuro-de-la-moda-de-autor-empieza-aqui-y-reivindica-la-artesania-59.jpg\" class=\"v-a-img\" width=\"650\" height=\"650\" alt data-voc-vtm-id=\"in-text-traffic\"> <\/button><figcaption class=\"v-fc\">\n<span class=\"v-fc__p\"><br \/>\nLeticia D\u00edaz de la Morena<br \/>\n<\/span><br \/>\n<\/figcaption><\/div>\n<\/div>\n<div id=\"photo-393\" popover class=\"v-mdl v-mdl--fw\">\n<button class=\"v-x\" popovertarget=\"photo-393\" popovertargetaction=\"hide\"><br \/>\n<span class=\"v-i\"><br \/>\n<svg width=\"24\" height=\"23.996\" viewBox=\"0 0 24 23.996\">\n<path data-name=\"Uni\u00f3n 29\" d=\"M12,14.03,2.031,24,0,21.963,9.968,12,0,2.033,2.031,0,12,9.966,21.969,0,24,2.033,14.032,12,24,21.963,21.969,24Z\" \/>\n<\/svg><br \/>\n<\/span><br \/>\n<\/button><\/p>\n<div class=\"v-mdl__c\">\n<div class=\"v-mdl__w\">\n<img loading=\"lazy\" src=\"http:\/\/hoycordobaweb.com\/wp-content\/uploads\/2026\/03\/omoda-madrid-es-moda-arranca-con-un-espectacular-desfile-en-la-plaza-de-espana-el-futuro-de-la-moda-de-autor-empieza-aqui-y-reivindica-la-artesania-59.jpg\" class=\"v-mdl__img-z\" width=\"650\" height=\"650\" alt>\n<\/div>\n<\/div>\n<\/div>\n<p><span class=\"v-bdp\"><\/span><br \/>\n<\/article>\n<\/div>\n<\/div>\n<p class=\"voc-paragraph\">*+18. Producto no exento de riesgos y al usarse con sticks proporciona nicotina, una sustancia adictiva.<\/p>\n<div class=\"media_block\"><\/div>\n","protected":false},"excerpt":{"rendered":"<p>Ana Calvo Publicado \u00b7 12 de marzo de 2026, 21:32 h Madrid est\u00e1 a la altura de las grandes capitales de la moda internacional y la mejor prueba de ello es OMODA Madrid es Moda, que ha arrancado este 12 de marzo una nueva edici\u00f3n con un imponente desfile inaugural en la ic\u00f3nica Plaza de [&hellip;]<\/p>\n","protected":false},"author":1,"featured_media":132857,"comment_status":"closed","ping_status":"closed","sticky":false,"template":"","format":"standard","meta":[],"categories":[],"tags":[],"_links":{"self":[{"href":"http:\/\/hoycordobaweb.com\/index.php\/wp-json\/wp\/v2\/posts\/132856"}],"collection":[{"href":"http:\/\/hoycordobaweb.com\/index.php\/wp-json\/wp\/v2\/posts"}],"about":[{"href":"http:\/\/hoycordobaweb.com\/index.php\/wp-json\/wp\/v2\/types\/post"}],"author":[{"embeddable":true,"href":"http:\/\/hoycordobaweb.com\/index.php\/wp-json\/wp\/v2\/users\/1"}],"replies":[{"embeddable":true,"href":"http:\/\/hoycordobaweb.com\/index.php\/wp-json\/wp\/v2\/comments?post=132856"}],"version-history":[{"count":0,"href":"http:\/\/hoycordobaweb.com\/index.php\/wp-json\/wp\/v2\/posts\/132856\/revisions"}],"wp:featuredmedia":[{"embeddable":true,"href":"http:\/\/hoycordobaweb.com\/index.php\/wp-json\/wp\/v2\/media\/132857"}],"wp:attachment":[{"href":"http:\/\/hoycordobaweb.com\/index.php\/wp-json\/wp\/v2\/media?parent=132856"}],"wp:term":[{"taxonomy":"category","embeddable":true,"href":"http:\/\/hoycordobaweb.com\/index.php\/wp-json\/wp\/v2\/categories?post=132856"},{"taxonomy":"post_tag","embeddable":true,"href":"http:\/\/hoycordobaweb.com\/index.php\/wp-json\/wp\/v2\/tags?post=132856"}],"curies":[{"name":"wp","href":"https:\/\/api.w.org\/{rel}","templated":true}]}}