{"id":132851,"date":"2026-03-12T22:35:11","date_gmt":"2026-03-12T22:35:11","guid":{"rendered":"https:\/\/www.ole.com.ar\/futbol-internacional\/orlandocity-entrenador-pareja-perelman_0_LqhyFAsCQS.html"},"modified":"2026-03-12T22:35:11","modified_gmt":"2026-03-12T22:35:11","slug":"quien-es-el-tercer-argentino-en-dirigir-en-esta-temporada-de-la-mls","status":"publish","type":"post","link":"http:\/\/hoycordobaweb.com\/index.php\/2026\/03\/12\/quien-es-el-tercer-argentino-en-dirigir-en-esta-temporada-de-la-mls\/","title":{"rendered":"Qui\u00e9n es el tercer argentino en dirigir en esta temporada de la MLS"},"content":{"rendered":"<p><img src=\"http:\/\/hoycordobaweb.com\/wp-content\/uploads\/2026\/03\/quien-es-el-tercer-argentino-en-dirigir-en-esta-temporada-de-la-mls.jpg\"><\/p>\n<p><span class=\"createDate\">12\/03\/2026 19:35hs.<\/span><time class=\"modificatedDate\" datetime=\"2026-03-12T19:42:37-03:00\"> Actualizado al 12\/03\/2026 19:42hs.<\/time><\/p>\n<div id=\"storyBody\">\n<div id=\"element-body-0\" class=\"sc-136cd478-0 ekTCfV\" readability=\"41.796064400716\">\n<p>La directiva de <strong>Orlando City <\/strong>resolvi\u00f3 un giro en su banquillo en pleno arranque de temporada. <strong>El club de Florida anunci\u00f3 la salida del t\u00e9cnico colombiano \u00d3scar Pareja <\/strong>despu\u00e9s de una racha de resultados que dej\u00f3 al equipo lejos de la expectativa con la que arranc\u00f3 el campeonato. En su lugar, anunci\u00f3 a un argentino, <strong>Mart\u00edn Perelman, que estar\u00e1 a cargo, seg\u00fan el club, en forma interina. Es el tercer entrenador de nuestro pa\u00eds al frente de un equipo de la MLS, los otros son <a href=\"https:\/\/www.ole.com.ar\/tema\/javier-mascherano.html\" title=\"Javier Mascherano\" alt=\"Javier Mascherano\" class=\"slug\">Javier Mascherano<\/a>, en <a href=\"https:\/\/www.ole.com.ar\/tema\/inter-miami.html\" title=\"Inter Miami\" alt=\"Inter Miami\" class=\"slug\">Inter Miami<\/a>, y Gerardo Martino, en Atlanta United.<\/strong><\/p>\n<\/div>\n<div class=\"custom-embedhtml\" id=\"element-body-1\" readability=\"29.57423580786\">\n<blockquote class=\"twitter-tweet\" readability=\"5.6331877729258\">\n<p lang=\"en\" dir=\"ltr\">Orlando City and Head Coach Oscar Pareja have mutually agreed to part ways. Assistant coach Mart\u00edn Perelman has been appointed interim head coach following Pareja\u2019s departure.<\/p>\n<p>\u2014 Orlando City SC (@OrlandoCitySC) <a href=\"https:\/\/twitter.com\/OrlandoCitySC\/status\/2031784720841806129?ref_src=twsrc%5Etfw\">March 11, 2026<\/a><\/p><\/blockquote><\/div>\n<div id=\"element-body-2\" class=\"sc-136cd478-0 ekTCfV\" readability=\"45\">\n<p>Perelman, de 39 a\u00f1os, es un ex futbolista argentino formado en Defensores de Belgrano y que debut\u00f3 profesionalmente en el Hapoel Tel Aviv. Tambi\u00e9n jug\u00f3 en Yupanqui, Argentino de Merlo, El Porvenir, Sportivo Italiano y Berazategui en Argentina. Como t\u00e9cnico se inici\u00f3 en Argentino de Merlo, en 2019, y tambi\u00e9n pas\u00f3 por Ca\u00f1uelas y Comunicaciones antes de sumarse a Orlando City, como conductor del equipo B, y luego al principal, con el cargo de entrenador asistente.<\/p>\n<\/div>\n<div class=\"sc-e7b891c4-0 ifHnQL image-embed\" id=\"element-body-3\"><img alt=\"Mart\u00edn Perelman en un entrenamiento con Orlando City.\" loading=\"lazy\" width=\"720\" height=\"100\" decoding=\"async\" data-nimg=\"1\" src=\"http:\/\/hoycordobaweb.com\/wp-content\/uploads\/2026\/03\/quien-es-el-tercer-argentino-en-dirigir-en-esta-temporada-de-la-mls-2.jpg\"><span class=\"epigraphe\">Mart\u00edn Perelman en un entrenamiento con Orlando City.<\/span><\/div>\n<p><h2><strong>La situaci\u00f3n en Orlando City<\/strong><\/h2>\n<\/p>\n<div id=\"element-body-5\" class=\"sc-136cd478-0 ekTCfV\" readability=\"41\">\n<p>El cambio llega tras un inicio turbulento para los Leones, que <strong>encadenaron derrotas ante New York Red Bulls, Inter Miami CF y New York City FC<\/strong>. La \u00faltima ca\u00edda, <strong>un contundente 5-0 en el Yankee Stadium, termin\u00f3 por encender todas las alarmas en Orlando.<\/strong> M\u00e1s que el marcador, lo que preocup\u00f3 en la estructura del club fue la falta de respuesta en el campo, una imagen poco habitual para un equipo que en temporadas recientes hab\u00eda sido competitivo en la Conferencia Este de la <strong>Major League Soccer.<\/strong><\/p>\n<\/div>\n<div id=\"element-body-6\" class=\"sc-136cd478-0 ekTCfV\" readability=\"43\">\n<p><strong>Pareja hab\u00eda asumido p\u00fablicamente la responsabilidad por el momento del equipo. <\/strong>\u201cUna actuaci\u00f3n muy mala de nuestra parte, <strong> asumo toda la responsabilidad,<\/strong> sinceramente. Pens\u00e9 que, m\u00e1s all\u00e1 de los incidentes, las tarjetas rojas y todo eso, creo que nuestra respuesta debi\u00f3 ser mejor, especialmente desde el lado t\u00e1ctico, as\u00ed que me siento muy responsable\u201d, explic\u00f3 el entrenador en conferencia de prensa despu\u00e9s del partido en Nueva York.<\/p>\n<\/div>\n<div class=\"sc-e7b891c4-0 ifHnQL image-embed\" id=\"element-body-7\"><img alt=\"Orlando City separa a \u00d3scar Pareja tras mal inicio de temporada en la MLS. (AP Photo\/Lynne Sladky)\" loading=\"lazy\" width=\"720\" height=\"100\" decoding=\"async\" data-nimg=\"1\" src=\"http:\/\/hoycordobaweb.com\/wp-content\/uploads\/2026\/03\/quien-es-el-tercer-argentino-en-dirigir-en-esta-temporada-de-la-mls-3.jpg\"><span class=\"epigraphe\">Orlando City separa a \u00d3scar Pareja tras mal inicio de temporada en la MLS. (AP Photo\/Lynne Sladky)<\/span><\/div>\n<div id=\"element-body-8\" class=\"sc-136cd478-0 ekTCfV\" readability=\"41\">\n<p>El t\u00e9cnico tambi\u00e9n hab\u00eda destacado la actitud de sus futbolistas pese al contexto adverso. <strong>\u201cLos jugadores, despu\u00e9s de la roja, respondieron con energ\u00eda, con las ganas de hacer lo correcto todo el tiempo, fue hasta el final del partido. As\u00ed que realmente es algo que no nos representa, pero tenemos que poner el pecho en esta situaci\u00f3n y yo ser\u00e9 el primero en hacerlo\u201d<\/strong>. Ahora el reto inmediato queda en manos de Perelman, quien deber\u00e1 reorganizar a un <strong>Orlando City <\/strong>que busca recuperar estabilidad y volver a competir con mayor solidez en la <strong>MLS.<\/strong><\/p>\n<\/div>\n<div id=\"element-body-9\" class=\"sc-136cd478-0 ekTCfV\" readability=\"35\">\n<p>Tras el Mundial, se incorporar\u00e1 Antoino Griezmann al Orlando City. En el plantel hay un argentino, el volante Mart\u00edn Ojeda.<\/p>\n<\/div>\n<div id=\"element-body-10\" class=\"sc-a7166897-0 eoLsBE\" readability=\"31\">\n<section readability=\"2\"><picture><img alt=\"Video: el gol de Taborda para la victoria del Panathinaikos ante el Betis\" loading=\"lazy\" width=\"290\" height=\"290\" decoding=\"async\" data-nimg=\"1\" src=\"http:\/\/hoycordobaweb.com\/wp-content\/uploads\/2026\/03\/quien-es-el-tercer-argentino-en-dirigir-en-esta-temporada-de-la-mls-4.jpg\"><\/picture>\n<p><span>Mir\u00e1 tambi\u00e9n<\/span><\/p>\n<hr>\n<h3>Video: el gol de Taborda para la victoria del Panathinaikos ante el Betis<\/h3>\n<\/p>\n<\/section>\n<\/div>\n<div id=\"element-body-11\" class=\"sc-a7166897-0 eoLsBE\" readability=\"32\">\n<section readability=\"4\"><picture><img alt=\"La Finalissima y el Monumental: el deseo de Tapia, la cumbre con Dom\u00ednguez y la traba de los recitales\" loading=\"lazy\" width=\"290\" height=\"290\" decoding=\"async\" data-nimg=\"1\" src=\"http:\/\/hoycordobaweb.com\/wp-content\/uploads\/2026\/03\/quien-es-el-tercer-argentino-en-dirigir-en-esta-temporada-de-la-mls-5.jpg\"><\/picture>\n<p><span>Mir\u00e1 tambi\u00e9n<\/span><\/p>\n<hr>\n<h3>La Finalissima y el Monumental: el deseo de Tapia, la cumbre con Dom\u00ednguez y la traba de los recitales<\/h3>\n<\/p>\n<\/section>\n<\/div>\n<\/div>\n","protected":false},"excerpt":{"rendered":"<p>12\/03\/2026 19:35hs. Actualizado al 12\/03\/2026 19:42hs. La directiva de Orlando City resolvi\u00f3 un giro en su banquillo en pleno arranque de temporada. El club de Florida anunci\u00f3 la salida del t\u00e9cnico colombiano \u00d3scar Pareja despu\u00e9s de una racha de resultados que dej\u00f3 al equipo lejos de la expectativa con la que arranc\u00f3 el campeonato. En [&hellip;]<\/p>\n","protected":false},"author":1,"featured_media":132852,"comment_status":"open","ping_status":"closed","sticky":false,"template":"","format":"standard","meta":[],"categories":[16],"tags":[],"_links":{"self":[{"href":"http:\/\/hoycordobaweb.com\/index.php\/wp-json\/wp\/v2\/posts\/132851"}],"collection":[{"href":"http:\/\/hoycordobaweb.com\/index.php\/wp-json\/wp\/v2\/posts"}],"about":[{"href":"http:\/\/hoycordobaweb.com\/index.php\/wp-json\/wp\/v2\/types\/post"}],"author":[{"embeddable":true,"href":"http:\/\/hoycordobaweb.com\/index.php\/wp-json\/wp\/v2\/users\/1"}],"replies":[{"embeddable":true,"href":"http:\/\/hoycordobaweb.com\/index.php\/wp-json\/wp\/v2\/comments?post=132851"}],"version-history":[{"count":0,"href":"http:\/\/hoycordobaweb.com\/index.php\/wp-json\/wp\/v2\/posts\/132851\/revisions"}],"wp:featuredmedia":[{"embeddable":true,"href":"http:\/\/hoycordobaweb.com\/index.php\/wp-json\/wp\/v2\/media\/132852"}],"wp:attachment":[{"href":"http:\/\/hoycordobaweb.com\/index.php\/wp-json\/wp\/v2\/media?parent=132851"}],"wp:term":[{"taxonomy":"category","embeddable":true,"href":"http:\/\/hoycordobaweb.com\/index.php\/wp-json\/wp\/v2\/categories?post=132851"},{"taxonomy":"post_tag","embeddable":true,"href":"http:\/\/hoycordobaweb.com\/index.php\/wp-json\/wp\/v2\/tags?post=132851"}],"curies":[{"name":"wp","href":"https:\/\/api.w.org\/{rel}","templated":true}]}}