{"id":132849,"date":"2026-03-12T22:51:19","date_gmt":"2026-03-12T22:51:19","guid":{"rendered":"https:\/\/www.ole.com.ar\/futbol-internacional\/colo-barco-pelea-companero-plantel-racing-estrasburgo-victoria-insolito_0_QxpycXx63K.html"},"modified":"2026-03-12T22:51:19","modified_gmt":"2026-03-12T22:51:19","slug":"la-noche-termino-mal-para-el-colo-barco-el-gesto-que-desato-una-pelea-con-uno-de-sus-companeros-del-racing-de-estrasburgo","status":"publish","type":"post","link":"http:\/\/hoycordobaweb.com\/index.php\/2026\/03\/12\/la-noche-termino-mal-para-el-colo-barco-el-gesto-que-desato-una-pelea-con-uno-de-sus-companeros-del-racing-de-estrasburgo\/","title":{"rendered":"La noche termin\u00f3 mal para el Colo Barco: el gesto que desat\u00f3 una pelea con uno de sus compa\u00f1eros del Racing de Estrasburgo"},"content":{"rendered":"<p><img src=\"http:\/\/hoycordobaweb.com\/wp-content\/uploads\/2026\/03\/la-noche-termino-mal-para-el-colo-barco-el-gesto-que-desato-una-pelea-con-uno-de-sus-companeros-del-racing-de-estrasburgo.jpg\"><\/p>\n<p><time class=\"createDate\" datetime=\"2026-03-12T19:51:19-03:00\">12\/03\/2026 19:51hs.<\/time><\/p>\n<div id=\"storyBody\">\n<div id=\"element-body-0\" class=\"sc-136cd478-0 ekTCfV\" readability=\"30.200945626478\">\n<p><strong><a href=\"https:\/\/www.ole.com.ar\/tema\/valentin-barco.html\" title=\"Valent\u00edn Barco\" alt=\"Valent\u00edn Barco\" class=\"slug\">Valent\u00edn Barco<\/a><\/strong> fue el centro de la atenci\u00f3n de todas las c\u00e1maras tras el pitazo final del encuentro entre <strong>Rijeka y <a href=\"https:\/\/www.ole.com.ar\/tema\/racing-de-estrasburgo.html\" title=\"Racing de Estrasburgo\" alt=\"Racing de Estrasburgo\" class=\"slug\">Racing de Estrasburgo<\/a>.<\/strong> El partido termino 2-1 a favor del equipo del argentino -con gol de Joaqu\u00edn Panichelli- por el partido de ida de octavos de la <strong><a href=\"https:\/\/www.ole.com.ar\/tema\/uefa-conference-league.html\" title=\"UEFA Conference League\" alt=\"UEFA Conference League\" class=\"slug\">UEFA Conference League<\/a><\/strong>. <strong>Pero la alegr\u00eda de la victoria pas\u00f3 a un segundo plano cuando el Colo comenz\u00f3 una fuerte discusi\u00f3n con uno de sus compa\u00f1eros. <\/strong><\/p>\n<\/div>\n<p><h2><strong>El fuerte cruce entre Barco y uno de sus compa\u00f1eros<\/strong><\/h2>\n<\/p>\n<div id=\"element-body-2\" class=\"sc-ef81c825-1 evSCNc\"><figcaption class=\"JWvideoNota_title\">\n<p>Video: ESPN<\/p>\n<\/figcaption><\/div>\n<div id=\"element-body-3\" class=\"sc-136cd478-0 ekTCfV\" readability=\"36.461818181818\">\n<p>La discusi\u00f3n se dio entre el surgido en <strong><a href=\"https:\/\/www.ole.com.ar\/tema\/boca-juniors.html\" title=\"Boca Juniors\" alt=\"Boca Juniors\" class=\"slug\">Boca<\/a> <\/strong>y Samir El Mourabet. Barco lo agarr\u00f3 de la camiseta y lo se\u00f1al\u00f3 con el dedo, como molesto por alguna actitud previa. <strong>Al argentino se lo ve\u00eda desencajado, soltando una palabra tras otra, mientras que el marroqu\u00ed lo empujaba..<\/strong><\/p>\n<\/div>\n<div id=\"element-body-4\" class=\"sc-136cd478-0 ekTCfV\" readability=\"36\">\n<p><strong> <\/strong>Los compa\u00f1eros del plantel intervinieron para que el conflicto no pasara a mayores. El capit\u00e1n de Racing de Estrasburgo, Gu\u00e9la Dou\u00e9, fue el primero en alejar al Colo Barco. Despu\u00e9s se acercaron Yassine y Hogsberg para hablar con Mourabet y tranquilizarlo.<\/p>\n<\/div>\n<div id=\"element-body-5\" class=\"sc-136cd478-0 ekTCfV\" readability=\"39\">\n<p>\u201cHubo un desacuerdo sobre una de las fases del juego. Cuando veo eso, no lo considero algo negativo para el vestuario, sino todo lo contrario. Demuestra que hay motivaci\u00f3n y que se plantean preguntas como: \u00bfC\u00f3mo podemos mejorar? Los dos quieren que el equipo progrese, as\u00ed que todo va bien\u201d, le rest\u00f3 importancia el DT Gary O\u2019Neil.<\/p>\n<\/div>\n<p><h2><strong>El partido de vuelta entre Racing de Estrasburgo y Rijeka<\/strong><\/h2>\n<\/p>\n<div id=\"element-body-7\" class=\"sc-136cd478-0 ekTCfV\" readability=\"35\">\n<p><strong>El pr\u00f3ximo 19 de marzo<\/strong> el conjunto de Gary O\u00b4neil buscar\u00e1 cerrar la llave a su favor con la ventaja del 2-1 en la ida, y <strong>se jugar\u00e1 en el Stade de la Meinau, en Francia.<\/strong><\/p>\n<\/div>\n<div id=\"element-body-8\" class=\"sc-a7166897-0 eoLsBE\" readability=\"32\">\n<section readability=\"4\"><picture><img alt=\"Dibu Mart\u00ednez: silbado, insultado y hasta con una bandera en su contra de los hinchas franceses\" loading=\"lazy\" width=\"290\" height=\"290\" decoding=\"async\" data-nimg=\"1\" src=\"http:\/\/hoycordobaweb.com\/wp-content\/uploads\/2026\/03\/la-noche-termino-mal-para-el-colo-barco-el-gesto-que-desato-una-pelea-con-uno-de-sus-companeros-del-racing-de-estrasburgo-2.jpg\"><\/picture>\n<p><span>Mir\u00e1 tambi\u00e9n<\/span><\/p>\n<hr>\n<h3>Dibu Mart\u00ednez: silbado, insultado y hasta con una bandera en su contra de los hinchas franceses<\/h3>\n<\/p>\n<\/section>\n<\/div>\n<div id=\"element-body-9\" class=\"sc-a7166897-0 eoLsBE\" readability=\"31\">\n<section readability=\"2\"><picture><img alt=\"Otro gol de Panichelli: \u00bfpuede ir al Mundial?\" loading=\"lazy\" width=\"290\" height=\"290\" decoding=\"async\" data-nimg=\"1\" src=\"http:\/\/hoycordobaweb.com\/wp-content\/uploads\/2026\/03\/la-noche-termino-mal-para-el-colo-barco-el-gesto-que-desato-una-pelea-con-uno-de-sus-companeros-del-racing-de-estrasburgo-3.jpg\"><\/picture>\n<p><span>Mir\u00e1 tambi\u00e9n<\/span><\/p>\n<hr>\n<h3>Otro gol de Panichelli: \u00bfpuede ir al Mundial?<\/h3>\n<\/p>\n<\/section>\n<\/div>\n<div id=\"element-body-10\" class=\"sc-a7166897-0 eoLsBE\" readability=\"31\">\n<section readability=\"2\"><picture><img alt=\"Europa y Conference League: los resultados de la ida de los octavos de final\" loading=\"lazy\" width=\"290\" height=\"290\" decoding=\"async\" data-nimg=\"1\" src=\"http:\/\/hoycordobaweb.com\/wp-content\/uploads\/2026\/03\/la-noche-termino-mal-para-el-colo-barco-el-gesto-que-desato-una-pelea-con-uno-de-sus-companeros-del-racing-de-estrasburgo-4.jpg\"><\/picture>\n<p><span>Mir\u00e1 tambi\u00e9n<\/span><\/p>\n<hr>\n<h3>Europa y Conference League: los resultados de la ida de los octavos de final<\/h3>\n<\/p>\n<\/section>\n<\/div>\n<\/div>\n","protected":false},"excerpt":{"rendered":"<p>12\/03\/2026 19:51hs. Valent\u00edn Barco fue el centro de la atenci\u00f3n de todas las c\u00e1maras tras el pitazo final del encuentro entre Rijeka y Racing de Estrasburgo. El partido termino 2-1 a favor del equipo del argentino -con gol de Joaqu\u00edn Panichelli- por el partido de ida de octavos de la UEFA Conference League. Pero la [&hellip;]<\/p>\n","protected":false},"author":1,"featured_media":132850,"comment_status":"open","ping_status":"closed","sticky":false,"template":"","format":"standard","meta":[],"categories":[16],"tags":[],"_links":{"self":[{"href":"http:\/\/hoycordobaweb.com\/index.php\/wp-json\/wp\/v2\/posts\/132849"}],"collection":[{"href":"http:\/\/hoycordobaweb.com\/index.php\/wp-json\/wp\/v2\/posts"}],"about":[{"href":"http:\/\/hoycordobaweb.com\/index.php\/wp-json\/wp\/v2\/types\/post"}],"author":[{"embeddable":true,"href":"http:\/\/hoycordobaweb.com\/index.php\/wp-json\/wp\/v2\/users\/1"}],"replies":[{"embeddable":true,"href":"http:\/\/hoycordobaweb.com\/index.php\/wp-json\/wp\/v2\/comments?post=132849"}],"version-history":[{"count":0,"href":"http:\/\/hoycordobaweb.com\/index.php\/wp-json\/wp\/v2\/posts\/132849\/revisions"}],"wp:featuredmedia":[{"embeddable":true,"href":"http:\/\/hoycordobaweb.com\/index.php\/wp-json\/wp\/v2\/media\/132850"}],"wp:attachment":[{"href":"http:\/\/hoycordobaweb.com\/index.php\/wp-json\/wp\/v2\/media?parent=132849"}],"wp:term":[{"taxonomy":"category","embeddable":true,"href":"http:\/\/hoycordobaweb.com\/index.php\/wp-json\/wp\/v2\/categories?post=132849"},{"taxonomy":"post_tag","embeddable":true,"href":"http:\/\/hoycordobaweb.com\/index.php\/wp-json\/wp\/v2\/tags?post=132849"}],"curies":[{"name":"wp","href":"https:\/\/api.w.org\/{rel}","templated":true}]}}