{"id":132847,"date":"2026-03-13T00:07:26","date_gmt":"2026-03-13T00:07:26","guid":{"rendered":"https:\/\/www.ole.com.ar\/futbol-internacional\/america\/flaco-lopez-golazo-palmeiras-brasileirao-paulista-arranque-ano-2026-goles_0_53Jc70TcV2.html"},"modified":"2026-03-13T00:07:26","modified_gmt":"2026-03-13T00:07:26","slug":"el-flaco-lopez-clavo-un-golazo-y-sigue-on-fire-en-2026","status":"publish","type":"post","link":"http:\/\/hoycordobaweb.com\/index.php\/2026\/03\/13\/el-flaco-lopez-clavo-un-golazo-y-sigue-on-fire-en-2026\/","title":{"rendered":"El Flaco L\u00f3pez clav\u00f3 un golazo y sigue on fire en 2026"},"content":{"rendered":"<p><img src=\"http:\/\/hoycordobaweb.com\/wp-content\/uploads\/2026\/03\/el-flaco-lopez-clavo-un-golazo-y-sigue-on-fire-en-2026.jpg\"><\/p>\n<p><span class=\"createDate\">12\/03\/2026 21:07hs.<\/span><time class=\"modificatedDate\" datetime=\"2026-03-12T21:36:37-03:00\"> Actualizado al 12\/03\/2026 21:36hs.<\/time><\/p>\n<div id=\"storyBody\">\n<div id=\"element-body-0\" class=\"sc-136cd478-0 ekTCfV\" readability=\"28.254545454545\">\n<p><strong><a href=\"https:\/\/www.ole.com.ar\/tema\/jose-manuel-lopez.html\" title=\"Jos\u00e9 Manuel L\u00f3pez\" alt=\"Jos\u00e9 Manuel L\u00f3pez\" class=\"slug\">Jos\u00e9 Manuel L\u00f3pez<\/a> est\u00e1 arrasando con <a href=\"https:\/\/www.ole.com.ar\/tema\/brasil.html\" title=\"Brasil\" alt=\"Brasil\" class=\"slug\">Brasil<\/a><\/strong>: el argentino est\u00e1 en un <strong>arranque de a\u00f1o brutal<\/strong> en el pa\u00eds de la samba y en esta noche de jueves sigui\u00f3 ampliando su cuenta. El Flaco le clav\u00f3 un <strong>lindo gol al <a href=\"https:\/\/www.ole.com.ar\/tema\/vasco-da-gama.html\" title=\"Vasco da Gama\" alt=\"Vasco da Gama\" class=\"slug\">Vasco da Gama<\/a><\/strong> de <a href=\"https:\/\/www.ole.com.ar\/tema\/renato-gaucho.html\" title=\"Renato Gaucho\" alt=\"Renato Gaucho\" class=\"slug\">Renato Gaucho<\/a> que no sirvi\u00f3 para sostener la punta del <strong><a href=\"https:\/\/www.ole.com.ar\/tema\/brasileirao.html\" title=\"Brasileirao\" alt=\"Brasileirao\" class=\"slug\">Brasileirao<\/a><\/strong>, que qued\u00f3 en manos de <a href=\"https:\/\/www.ole.com.ar\/tema\/sao-paulo.html\" title=\"Sao Paulo\" alt=\"Sao Paulo\" class=\"slug\">San Pablo<\/a>.<\/p>\n<\/div>\n<div id=\"element-body-1\" class=\"sc-136cd478-0 ekTCfV\" readability=\"37.373626373626\">\n<p>A los 40 minutos de la primera mitad, el ex delantero de <a href=\"https:\/\/www.ole.com.ar\/tema\/lanus.html\" title=\"Lan\u00fas\" alt=\"Lan\u00fas\" class=\"slug\">Lan\u00fas<\/a> la agarr\u00f3 por derecha, dej\u00f3 pintado a Lucas Piton -que sali\u00f3 insultado por la hinchada cruzmaltina- y la <strong> clav\u00f3 en el \u00e1ngulo derecho de Leo Jardim con un zurdazo infernal<\/strong> para abrir la cuenta del Verdao en la noche de R\u00edo de Janeiro. <strong>Adem\u00e1s, le sum\u00f3 un festejo especial a la celebraci\u00f3n. Top.<\/strong><\/p>\n<\/div>\n<div class=\"sc-e7b891c4-0 ifHnQL image-embed\" id=\"element-body-2\"><img alt=\"El festejo goleador del Flaco L\u00f3pez.\" loading=\"lazy\" width=\"720\" height=\"100\" decoding=\"async\" data-nimg=\"1\" src=\"http:\/\/hoycordobaweb.com\/wp-content\/uploads\/2026\/03\/el-flaco-lopez-clavo-un-golazo-y-sigue-on-fire-en-2026-2.jpg\"><span class=\"epigraphe\">El festejo goleador del Flaco L\u00f3pez.<\/span><\/div>\n<div id=\"element-body-3\" class=\"sc-136cd478-0 ekTCfV\" readability=\"33.128834355828\">\n<p>As\u00ed, <strong> el delantero lleg\u00f3 a su octavo gol en los que va de 2026<\/strong>: entre la <a href=\"https:\/\/www.ole.com.ar\/tema\/campeonato-brasileno-de-serie-a.html\" title=\"Campeonato Brasile\u00f1o de Serie A\" alt=\"Campeonato Brasile\u00f1o de Serie A\" class=\"slug\">Serie A<\/a> y el <strong><a href=\"https:\/\/www.ole.com.ar\/tema\/campeonato-paulista.html\" title=\"Campeonato Paulista\" alt=\"Campeonato Paulista\" class=\"slug\">Campeonato Paulista<\/a><\/strong> -del que sali\u00f3 campe\u00f3n como segundo m\u00e1ximo goleador- <strong>suma 12 aportes de gol<\/strong> (los ocho tantos y cuatro asistencias). O Porco <strong>termin\u00f3 perdiendo el cruce por 2 a 1<\/strong> y perdi\u00f3 la punta de la Serie A a manos del Tricolor.<\/p>\n<\/div>\n<p><h3><strong>Las v\u00edctimas del Flaco L\u00f3pez en 2026<\/strong><\/h3>\n<\/p>\n<div id=\"element-body-5\" class=\"sc-136cd478-0 ekTCfV\">\n<ul>\n<li>17\/01, Campeonato Paulista: Mirassol<\/li>\n<li>24\/01, Campeonato Paulista: Sao Paulo<\/li>\n<li>28\/01, Brasileirao: Atl\u00e9tico Mineiro<\/li>\n<li>08\/02, Campeonato Paulista: Corinthians<\/li>\n<li>15\/02, Campeonato Paulista: Guaran\u00ed<\/li>\n<li>01\/03, Campeonato Paulista: Sao Paulo<\/li>\n<li>04\/03, Campeonato Paulista: Novorizontino<\/li>\n<\/ul>\n<\/div>\n<p><h2><strong>Video: el golazo del Flaco L\u00f3pez contra Vasco da Gama<\/strong><\/h2>\n<\/p>\n<div id=\"element-body-7\" class=\"sc-ef81c825-1 evSCNc\" readability=\"31\"><figcaption class=\"JWvideoNota_title\" readability=\"2\">\n<p>El delantero de Palmeiras marc\u00f3 el 1 a 0.<\/p>\n<\/figcaption><\/div>\n<div id=\"element-body-9\" class=\"sc-a7166897-0 eoLsBE\" readability=\"31.5\">\n<section readability=\"3\"><picture><img alt=\"Bombos de la Sudamericana: los tres que bajaron de la Libertadores y el \u00fanico que falta\" loading=\"lazy\" width=\"290\" height=\"290\" decoding=\"async\" data-nimg=\"1\" src=\"http:\/\/hoycordobaweb.com\/wp-content\/uploads\/2026\/03\/el-flaco-lopez-clavo-un-golazo-y-sigue-on-fire-en-2026-3.jpg\"><\/picture>\n<p><span>Mir\u00e1 tambi\u00e9n<\/span><\/p>\n<hr>\n<h3>Bombos de la Sudamericana: los tres que bajaron de la Libertadores y el \u00fanico que falta<\/h3>\n<\/p>\n<\/section>\n<\/div>\n<div id=\"element-body-10\" class=\"sc-a7166897-0 eoLsBE\" readability=\"31\">\n<section readability=\"2\"><picture><img alt=\"Preocupaci\u00f3n en Racing: Inter no pag\u00f3 nada por Carbonero\" loading=\"lazy\" width=\"290\" height=\"290\" decoding=\"async\" data-nimg=\"1\" src=\"http:\/\/hoycordobaweb.com\/wp-content\/uploads\/2026\/03\/el-flaco-lopez-clavo-un-golazo-y-sigue-on-fire-en-2026-4.jpg\"><\/picture>\n<p><span>Mir\u00e1 tambi\u00e9n<\/span><\/p>\n<hr>\n<h3>Preocupaci\u00f3n en Racing: Inter no pag\u00f3 nada por Carbonero<\/h3>\n<\/p>\n<\/section>\n<\/div>\n<div id=\"element-body-11\" class=\"sc-a7166897-0 eoLsBE\" readability=\"32\">\n<section readability=\"4\"><picture><img alt=\"Tras la batalla campal y la final perdida, Dom\u00ednguez sum\u00f3 su primera victoria con Atl\u00e9tico Mineiro\" loading=\"lazy\" width=\"290\" height=\"290\" decoding=\"async\" data-nimg=\"1\" src=\"http:\/\/hoycordobaweb.com\/wp-content\/uploads\/2026\/03\/el-flaco-lopez-clavo-un-golazo-y-sigue-on-fire-en-2026-5.jpg\"><\/picture>\n<p><span>Mir\u00e1 tambi\u00e9n<\/span><\/p>\n<hr>\n<h3>Tras la batalla campal y la final perdida, Dom\u00ednguez sum\u00f3 su primera victoria con Atl\u00e9tico Mineiro<\/h3>\n<\/p>\n<\/section>\n<\/div>\n<\/div>\n","protected":false},"excerpt":{"rendered":"<p>12\/03\/2026 21:07hs. Actualizado al 12\/03\/2026 21:36hs. Jos\u00e9 Manuel L\u00f3pez est\u00e1 arrasando con Brasil: el argentino est\u00e1 en un arranque de a\u00f1o brutal en el pa\u00eds de la samba y en esta noche de jueves sigui\u00f3 ampliando su cuenta. El Flaco le clav\u00f3 un lindo gol al Vasco da Gama de Renato Gaucho que no sirvi\u00f3 [&hellip;]<\/p>\n","protected":false},"author":1,"featured_media":132848,"comment_status":"open","ping_status":"closed","sticky":false,"template":"","format":"standard","meta":[],"categories":[16],"tags":[],"_links":{"self":[{"href":"http:\/\/hoycordobaweb.com\/index.php\/wp-json\/wp\/v2\/posts\/132847"}],"collection":[{"href":"http:\/\/hoycordobaweb.com\/index.php\/wp-json\/wp\/v2\/posts"}],"about":[{"href":"http:\/\/hoycordobaweb.com\/index.php\/wp-json\/wp\/v2\/types\/post"}],"author":[{"embeddable":true,"href":"http:\/\/hoycordobaweb.com\/index.php\/wp-json\/wp\/v2\/users\/1"}],"replies":[{"embeddable":true,"href":"http:\/\/hoycordobaweb.com\/index.php\/wp-json\/wp\/v2\/comments?post=132847"}],"version-history":[{"count":0,"href":"http:\/\/hoycordobaweb.com\/index.php\/wp-json\/wp\/v2\/posts\/132847\/revisions"}],"wp:featuredmedia":[{"embeddable":true,"href":"http:\/\/hoycordobaweb.com\/index.php\/wp-json\/wp\/v2\/media\/132848"}],"wp:attachment":[{"href":"http:\/\/hoycordobaweb.com\/index.php\/wp-json\/wp\/v2\/media?parent=132847"}],"wp:term":[{"taxonomy":"category","embeddable":true,"href":"http:\/\/hoycordobaweb.com\/index.php\/wp-json\/wp\/v2\/categories?post=132847"},{"taxonomy":"post_tag","embeddable":true,"href":"http:\/\/hoycordobaweb.com\/index.php\/wp-json\/wp\/v2\/tags?post=132847"}],"curies":[{"name":"wp","href":"https:\/\/api.w.org\/{rel}","templated":true}]}}