{"id":132845,"date":"2026-03-13T00:26:28","date_gmt":"2026-03-13T00:26:28","guid":{"rendered":"https:\/\/www.ole.com.ar\/futbol-internacional\/espana\/barcelona-elecciones-laporta-font_0_g2s9F5gS04.html"},"modified":"2026-03-13T00:26:28","modified_gmt":"2026-03-13T00:26:28","slug":"messi-en-el-debate-font-laporta-quien-lo-propuso-de-presidente-de-barcelona","status":"publish","type":"post","link":"http:\/\/hoycordobaweb.com\/index.php\/2026\/03\/13\/messi-en-el-debate-font-laporta-quien-lo-propuso-de-presidente-de-barcelona\/","title":{"rendered":"Messi en el debate Font &#8211; Laporta: \u00bfqui\u00e9n lo propuso de presidente de Barcelona?"},"content":{"rendered":"<p><img src=\"http:\/\/hoycordobaweb.com\/wp-content\/uploads\/2026\/03\/messi-en-el-debate-font-laporta-quien-lo-propuso-de-presidente-de-barcelona.jpg\"><\/p>\n<p><time class=\"createDate\" datetime=\"2026-03-12T21:26:28-03:00\">12\/03\/2026 21:26hs.<\/time><\/p>\n<div id=\"storyBody\">\n<div id=\"element-body-0\" class=\"sc-136cd478-0 ekTCfV\" readability=\"36.615384615385\">\n<p>El pr\u00f3ximo domingo ser\u00e1n las elecciones en el <strong><a href=\"https:\/\/www.ole.com.ar\/tema\/barcelona.html\" title=\"Barcelona\" alt=\"Barcelona\" class=\"slug\">Barcelona<\/a><\/strong> y el debate entre el candidato oficialista, <strong><a href=\"https:\/\/www.ole.com.ar\/tema\/joan-laporta.html\" title=\"Joan Laporta\" alt=\"Joan Laporta\" class=\"slug\">Joan Laporta<\/a><\/strong>, y el opositor, <strong>V\u00edctor Font<\/strong>, fue foco de atenci\u00f3n medi\u00e1tica durante este jueves. Y un t\u00f3pico previsible en la lucha por el poder fue <strong><a href=\"https:\/\/www.ole.com.ar\/tema\/lionel-messi.html\" title=\"Lionel Messi\" alt=\"Lionel Messi\" class=\"slug\">Lionel Messi<\/a><\/strong>, quien dej\u00f3 el club a mediados de 2021 ya con el actual titular del club al frente de la entidad. Hubo chicanas entre bamos.<\/p>\n<\/div>\n<div id=\"element-body-1\" class=\"sc-136cd478-0 ekTCfV\" readability=\"43\">\n<p>Laporta fue contundante: <strong> \u00abEstamos trabajando en un homenaje que permita un reconocimiento especial a Messi<\/strong>, con un estadio a pleno rendimiento, como se merece. Creo que es lo mejor, pero ahora es momento de hablar de presente y futuro. Creo que ahora debemos centrarnos en Lamine, Cubars\u00ed, Pedri, Hansi Flick y compa\u00f1\u00eda. Repito, m\u00e1ximo respeto para Leo Messi, pero es importante no utilizarlo en este proceso electoral\u00bb.<\/p>\n<\/div>\n<div id=\"element-body-2\" class=\"sc-136cd478-0 ekTCfV\" readability=\"38.672955974843\">\n<p>Pero Font aprovech\u00f3 que <a href=\"https:\/\/www.ole.com.ar\/tema\/xavi-hernandez.html\" title=\"Xavi Hern\u00e1ndez\" alt=\"Xavi Hern\u00e1ndez\" class=\"slug\">Xavi<\/a> hab\u00eda revelado que con Leo ya hab\u00eda acuerdo en 2023 para regresar al club, con \u00e9l de DT, y que Laporta lo hab\u00eda bajado. <strong>\u00abMessi quiere el cambio. Nosotros estamos trabajando en la reconciliaci\u00f3n con Leo <\/strong>y estamos muy ilusionados en que ser\u00e1 una realidad muy pronto. Llevamos dos a\u00f1os preparando un proyecto de futuro con Messi <strong>mientras t\u00fa menosprecias a Leo, hablando de \u00e9l como pasado, y no como presente y futuro. Eso es menospreciarlo\u00bb.<\/strong><\/p>\n<\/div>\n<div class=\"sc-e7b891c4-0 ifHnQL image-embed\" id=\"element-body-3\"><img alt=\"Joan Laporta y V\u00edctor Font durante el debate.\" loading=\"lazy\" width=\"720\" height=\"100\" decoding=\"async\" data-nimg=\"1\" src=\"http:\/\/hoycordobaweb.com\/wp-content\/uploads\/2026\/03\/messi-en-el-debate-font-laporta-quien-lo-propuso-de-presidente-de-barcelona-2.jpg\"><span class=\"epigraphe\">Joan Laporta y V\u00edctor Font durante el debate.<\/span><\/div>\n<div class=\"sc-e7b891c4-0 ifHnQL image-embed\" id=\"element-body-4\"><img alt=\"Joan Laporta y V\u00edctor Font se saludan este jueves (EFE).\" loading=\"lazy\" width=\"720\" height=\"100\" decoding=\"async\" data-nimg=\"1\" src=\"http:\/\/hoycordobaweb.com\/wp-content\/uploads\/2026\/03\/messi-en-el-debate-font-laporta-quien-lo-propuso-de-presidente-de-barcelona-3.jpg\"><span class=\"epigraphe\">Joan Laporta y V\u00edctor Font se saludan este jueves (EFE).<\/span><\/div>\n<div id=\"element-body-5\" class=\"sc-136cd478-0 ekTCfV\" readability=\"42\">\n<p><strong>\u00abQueremos que Messi represente al Barcelona como presidente de Honor, <\/strong>como lo hizo Johan (Cruyff) durante tan poco tiempo. Tambi\u00e9n queremos asociar a Messi a la marca Barsa, algo que nos generar\u00eda muchos millones, al igual que Jordan con Nike. Y tercera, cicatrizar la herida abierta que nos supuso la marcha de Messi en agosto. Queremos que Leo Messi, la direcci\u00f3n deportiva y Flick se re\u00fanan para decidir c\u00f3mo debe ser la mejor despedida del Barcelona. <strong>Y si debe jugar unos partidos, pues que lo haga.<\/strong> Con nosotros no hay lugar al menosprecio. Leo Messi es el presente y el futuro\u00bb, agreg\u00f3 Font.<\/p>\n<\/div>\n<div id=\"element-body-6\" class=\"sc-136cd478-0 ekTCfV\" readability=\"37\">\n<p>Si bien Laporta ratific\u00f3 que considera a Messi \u00abel mejor jugador de la historia\u00bb, Font fue al cruce: \u00abLeo llor\u00f3 desconsoladamente ante t\u00ed\u00bb. Esto, al recordar la conferencia de prensa en la que se oficializ\u00f3 la desvinculaci\u00f3n del argentino, que parti\u00f3 al Paris Saint Germain.<\/p>\n<\/div>\n<p><h2><strong>Datos de la elecci\u00f3n<\/strong><\/h2>\n<\/p>\n<div id=\"element-body-8\" class=\"sc-136cd478-0 ekTCfV\" readability=\"35\">\n<p>-Se habilitar\u00e1n cinco sedes electorales: Barcelona, Girona, Tarragona, Lleida y Andorra.<\/p>\n<\/div>\n<div id=\"element-body-9\" class=\"sc-136cd478-0 ekTCfV\" readability=\"32\">\n<p>-Hay 114.504 socios con derecho a voto. Se espera un alto porcentaje de participaci\u00f3n.<\/p>\n<\/div>\n<div id=\"element-body-10\" class=\"sc-136cd478-0 ekTCfV\" readability=\"32\">\n<p>-La nueva Junta Directiva tomar\u00e1 posesi\u00f3n el 1 de julio de 2026.<\/p>\n<\/div>\n<div id=\"element-body-11\" class=\"sc-a7166897-0 eoLsBE\" readability=\"31\">\n<section readability=\"2\"><picture><img alt=\"Europa y Conference League: los resultados de la ida de los octavos de final\" loading=\"lazy\" width=\"290\" height=\"290\" decoding=\"async\" data-nimg=\"1\" src=\"http:\/\/hoycordobaweb.com\/wp-content\/uploads\/2026\/03\/messi-en-el-debate-font-laporta-quien-lo-propuso-de-presidente-de-barcelona-4.jpg\"><\/picture>\n<p><span>Mir\u00e1 tambi\u00e9n<\/span><\/p>\n<hr>\n<h3>Europa y Conference League: los resultados de la ida de los octavos de final<\/h3>\n<\/p>\n<\/section>\n<\/div>\n<\/div>\n","protected":false},"excerpt":{"rendered":"<p>12\/03\/2026 21:26hs. El pr\u00f3ximo domingo ser\u00e1n las elecciones en el Barcelona y el debate entre el candidato oficialista, Joan Laporta, y el opositor, V\u00edctor Font, fue foco de atenci\u00f3n medi\u00e1tica durante este jueves. Y un t\u00f3pico previsible en la lucha por el poder fue Lionel Messi, quien dej\u00f3 el club a mediados de 2021 ya [&hellip;]<\/p>\n","protected":false},"author":1,"featured_media":132846,"comment_status":"open","ping_status":"closed","sticky":false,"template":"","format":"standard","meta":[],"categories":[16],"tags":[],"_links":{"self":[{"href":"http:\/\/hoycordobaweb.com\/index.php\/wp-json\/wp\/v2\/posts\/132845"}],"collection":[{"href":"http:\/\/hoycordobaweb.com\/index.php\/wp-json\/wp\/v2\/posts"}],"about":[{"href":"http:\/\/hoycordobaweb.com\/index.php\/wp-json\/wp\/v2\/types\/post"}],"author":[{"embeddable":true,"href":"http:\/\/hoycordobaweb.com\/index.php\/wp-json\/wp\/v2\/users\/1"}],"replies":[{"embeddable":true,"href":"http:\/\/hoycordobaweb.com\/index.php\/wp-json\/wp\/v2\/comments?post=132845"}],"version-history":[{"count":0,"href":"http:\/\/hoycordobaweb.com\/index.php\/wp-json\/wp\/v2\/posts\/132845\/revisions"}],"wp:featuredmedia":[{"embeddable":true,"href":"http:\/\/hoycordobaweb.com\/index.php\/wp-json\/wp\/v2\/media\/132846"}],"wp:attachment":[{"href":"http:\/\/hoycordobaweb.com\/index.php\/wp-json\/wp\/v2\/media?parent=132845"}],"wp:term":[{"taxonomy":"category","embeddable":true,"href":"http:\/\/hoycordobaweb.com\/index.php\/wp-json\/wp\/v2\/categories?post=132845"},{"taxonomy":"post_tag","embeddable":true,"href":"http:\/\/hoycordobaweb.com\/index.php\/wp-json\/wp\/v2\/tags?post=132845"}],"curies":[{"name":"wp","href":"https:\/\/api.w.org\/{rel}","templated":true}]}}