{"id":132843,"date":"2026-03-13T00:31:55","date_gmt":"2026-03-13T00:31:55","guid":{"rendered":"https:\/\/www.ole.com.ar\/seleccion\/seleccion-argentina-afa-finalissima-claudio-chiqui-tapia-espana_0_CPRrkThkjc.html"},"modified":"2026-03-13T00:31:55","modified_gmt":"2026-03-13T00:31:55","slug":"tapia-se-planto-espana-juega-con-la-uefa-y-conmebol-tambien-hace-fuerza-donde-se-va-a-jugar-la-finalissima","status":"publish","type":"post","link":"http:\/\/hoycordobaweb.com\/index.php\/2026\/03\/13\/tapia-se-planto-espana-juega-con-la-uefa-y-conmebol-tambien-hace-fuerza-donde-se-va-a-jugar-la-finalissima\/","title":{"rendered":"Tapia se plant\u00f3, Espa\u00f1a juega con la UEFA y Conmebol tambi\u00e9n hace fuerza: \u00bfd\u00f3nde se va a jugar la Finalissima?"},"content":{"rendered":"<p><img src=\"http:\/\/hoycordobaweb.com\/wp-content\/uploads\/2026\/03\/tapia-se-planto-espana-juega-con-la-uefa-y-conmebol-tambien-hace-fuerza-donde-se-va-a-jugar-la-finalissima.jpg\"><\/p>\n<p><time class=\"createDate\" datetime=\"2026-03-12T21:31:55-03:00\">12\/03\/2026 21:31hs.<\/time><\/p>\n<div id=\"storyBody\">\n<div id=\"element-body-0\" class=\"sc-136cd478-0 ekTCfV\" readability=\"41\">\n<p>La reuni\u00f3n de anoche entre Claudio Tapia, presidente de la AFA, y Alejandro Dom\u00ednguez, m\u00e1ximo autoridad de la Conmebol, ten\u00eda como fin empezar a marcar el terreno ante una noticia que gener\u00f3 un cimbronazo en la ma\u00f1ana de ayer <strong>, cuando varios portales europeos comenzaron a informar que la UEFA ten\u00eda pensado que la Final\u00edssima se jugar\u00e1 en el Santiago Bernab\u00e9u. <\/strong>Antes de hacer cualquier tipo de juicio, hay que delimitar las cuestionar reglamentarias.<\/p>\n<\/div>\n<p><h2>Tapia se plant\u00f3, Espa\u00f1a juega con la UEFA y Conmebol tambi\u00e9n hace fuerza: \u00bfd\u00f3nde se va a jugar la Finalissima?<\/h2>\n<\/p>\n<div id=\"element-body-2\" class=\"sc-136cd478-0 ekTCfV\" readability=\"41\">\n<p>La Finalissima es un certamen organizado unilateralmente por la UEFA y Conmebol, es decir, la FIFA no tiene ning\u00fan tipo de intervenci\u00f3n. Ahora bien, el reglamento determina que las sedes ser\u00e1n definidas por una de las dos entidades cada dos ediciones. <strong> Es por ello que tanto en 2022 como en 2026, la decisi\u00f3n de la sede est\u00e1 en manos de la UEFA, mientras que en 2028 y 2032, ser\u00e1 la casa madre del f\u00fatbol sudamericano quien defina la sede.<\/strong><\/p>\n<\/div>\n<div id=\"element-body-3\" class=\"sc-136cd478-0 ekTCfV\" readability=\"39\">\n<p>Ahora bien, dichos estamentos no quitan que haya cierto grado de participaci\u00f3n de las selecciones que se disputan el t\u00edtulo y ello empez\u00f3 a quedar bien en claro con la cruda actualidad. <strong>Ante la continuaci\u00f3n de la guerra en Medio Oriente, jugar la Final\u00edssima en Qatar como ya estaba firmado (y con el estadio sold out) es pr\u00e1cticamente una odisea. <\/strong>Y no solo por el riesgo que supone alojarse all\u00ed, sino la incomodidad en t\u00e9rminos de transporte. A d\u00eda de hoy, gran parte de los aeropuertos de la zona se encuentran sin operaciones.<\/p>\n<\/div>\n<div class=\"sc-e7b891c4-0 ifHnQL image-embed\" id=\"element-body-4\"><img alt=\"Tapia y Dom\u00ednguez charlaron de la Finalissima. (Prensa Selecci\u00f3n)\" loading=\"lazy\" width=\"720\" height=\"100\" decoding=\"async\" data-nimg=\"1\" src=\"http:\/\/hoycordobaweb.com\/wp-content\/uploads\/2026\/03\/tapia-se-planto-espana-juega-con-la-uefa-y-conmebol-tambien-hace-fuerza-donde-se-va-a-jugar-la-finalissima-2.jpg\"><span class=\"epigraphe\">Tapia y Dom\u00ednguez charlaron de la Finalissima. (Prensa Selecci\u00f3n)<\/span><\/div>\n<div id=\"element-body-5\" class=\"sc-136cd478-0 ekTCfV\" readability=\"41\">\n<p>Ante ello, se filtr\u00f3 que ayer por la ma\u00f1ana <strong>, la UEFA hab\u00eda comenzado a barajar con fuerza la posibilidad de disputar el encuentro en el Santiago Bernab\u00e9u<\/strong>, algo que no cay\u00f3 para nada bien en la AFA <strong>. Nadie podr\u00e1 negar que la posibilidad de que la final se dispute en Espa\u00f1a, no est\u00e1 motivada por la Federaci\u00f3n Espa\u00f1ola de F\u00fatbol. <\/strong>Hasta hace algunos d\u00edas, las sedes m\u00e1s firmes eran Lisboa y Roma, por lo que Madrid no aparec\u00eda en los borradores. O al menos en los de Conmebol.<\/p>\n<\/div>\n<div id=\"element-body-6\" class=\"sc-136cd478-0 ekTCfV\" readability=\"44\">\n<p>Luego de que corrieran las informaciones, el presidente Tapia, al salir de los Tribunales de Comodoro Py, dijo que <strong> \u201cnos vamos a poner a trabajar porque Espa\u00f1a quiere que la Finalissima se juegue en Espa\u00f1a y yo quiero que se juegue en el Monumental\u201d. <\/strong>Horas despu\u00e9s, Alejandro Dom\u00ednguez viaj\u00f3 de urgencia a Buenos Aires para reunirse con Chiqui. Ojo, todo ello sin demasiado secreto, ya que no solo comunic\u00f3 su partida hacia <strong>Buenos Aires pasadas las 18 horas, sino que public\u00f3 una imagen a\u00e9rea del Monumental, algo que fue m\u00e1s que una foto por la ventanilla del avi\u00f3n. Cerca de las 21, Tapia y Dom\u00ednguez se reunieron para discutir que postura tomar\u00e1n. <\/strong><\/p>\n<\/div>\n<div id=\"element-body-7\" class=\"sc-136cd478-0 ekTCfV\" readability=\"36\">\n<p><strong>\u00abEst\u00e1 noche se llev\u00f3 a cabo el encuentro protocolar entre el Presidente y el Presidente de la CONMEBOL Alejandro Dom\u00ednguez, para tratar temas vinculados a la Finalissima\u00bb<\/strong>, escribieron desde las cuenta de AFA. <\/p>\n<\/div>\n<p><h2>Pocos amistosos y mucho por probar<\/h2>\n<\/p>\n<div id=\"element-body-9\" class=\"sc-136cd478-0 ekTCfV\" readability=\"48\">\n<p>Ahora bien, la incertidumbre no solo es en cuanto a la sede, sino en cuanto a la actividad tanto de Argentina como de Espa\u00f1a. <strong> Es que como la Final\u00edssima se jugar\u00e1 en el parate FIFA, ambas selecciones ten\u00edan pactados amistosos que se iban a jugar en Qatar, algo que no podr\u00e1 ocurrir por la guerra.<\/strong> Por lo que, a d\u00eda de hoy, tan solo jugar\u00edan un encuentro, algo por lo que Scaloni podr\u00eda quedarse sin la posibilidad de probar en una de las \u00faltimas instancias previas al Mundial. En principio, la idea del CT era poner lo mejor ante Espa\u00f1a y abrir el espectro a jugadores que no est\u00e1n confirmados en la lista y podr\u00edan meterse. <strong>All\u00ed podr\u00edan estar Joaqu\u00edn Panichelli, Valent\u00edn Barco, M\u00e1ximo Perrone, Jos\u00e9 L\u00f3pez entre otros futbolistas<\/strong>. Un detalle a tener en cuenta, es que Argentina tampoco pudo jugar dos amistosos en la gira de noviembre, <strong> ya que jug\u00f3 un partido con Angola y luego se desarm\u00f3 la delegaci\u00f3n.<\/strong><\/p>\n<\/div>\n<div id=\"element-body-10\" class=\"sc-136cd478-0 ekTCfV\" readability=\"35\">\n<p>Por ahora, la Final\u00edssima no tiene sede y tanto UEFA como Conmebol deber\u00e1n debatir una decisi\u00f3n en la que nadie quiere ceder a dos semanas de la fecha pactada. <strong>Dentro del predio Lionel Andr\u00e9s Messi creen que la decisi\u00f3n no deber\u00eda pasar de ma\u00f1ana o pasado. <\/strong>\u00bfSe jugar\u00e1?<\/p>\n<\/div>\n<div class=\"sc-e7b891c4-0 ifHnQL image-embed\" id=\"element-body-11\"><img alt=\"Tapia y Dom\u00ednguez charlaron de la Finalissima. (Prensa Selecci\u00f3n)\" loading=\"lazy\" width=\"720\" height=\"100\" decoding=\"async\" data-nimg=\"1\" src=\"http:\/\/hoycordobaweb.com\/wp-content\/uploads\/2026\/03\/tapia-se-planto-espana-juega-con-la-uefa-y-conmebol-tambien-hace-fuerza-donde-se-va-a-jugar-la-finalissima-3.jpg\"><span class=\"epigraphe\">Tapia y Dom\u00ednguez charlaron de la Finalissima. (Prensa Selecci\u00f3n)<\/span><\/div>\n<\/div>\n","protected":false},"excerpt":{"rendered":"<p>12\/03\/2026 21:31hs. La reuni\u00f3n de anoche entre Claudio Tapia, presidente de la AFA, y Alejandro Dom\u00ednguez, m\u00e1ximo autoridad de la Conmebol, ten\u00eda como fin empezar a marcar el terreno ante una noticia que gener\u00f3 un cimbronazo en la ma\u00f1ana de ayer , cuando varios portales europeos comenzaron a informar que la UEFA ten\u00eda pensado que [&hellip;]<\/p>\n","protected":false},"author":1,"featured_media":132844,"comment_status":"open","ping_status":"closed","sticky":false,"template":"","format":"standard","meta":[],"categories":[16],"tags":[],"_links":{"self":[{"href":"http:\/\/hoycordobaweb.com\/index.php\/wp-json\/wp\/v2\/posts\/132843"}],"collection":[{"href":"http:\/\/hoycordobaweb.com\/index.php\/wp-json\/wp\/v2\/posts"}],"about":[{"href":"http:\/\/hoycordobaweb.com\/index.php\/wp-json\/wp\/v2\/types\/post"}],"author":[{"embeddable":true,"href":"http:\/\/hoycordobaweb.com\/index.php\/wp-json\/wp\/v2\/users\/1"}],"replies":[{"embeddable":true,"href":"http:\/\/hoycordobaweb.com\/index.php\/wp-json\/wp\/v2\/comments?post=132843"}],"version-history":[{"count":0,"href":"http:\/\/hoycordobaweb.com\/index.php\/wp-json\/wp\/v2\/posts\/132843\/revisions"}],"wp:featuredmedia":[{"embeddable":true,"href":"http:\/\/hoycordobaweb.com\/index.php\/wp-json\/wp\/v2\/media\/132844"}],"wp:attachment":[{"href":"http:\/\/hoycordobaweb.com\/index.php\/wp-json\/wp\/v2\/media?parent=132843"}],"wp:term":[{"taxonomy":"category","embeddable":true,"href":"http:\/\/hoycordobaweb.com\/index.php\/wp-json\/wp\/v2\/categories?post=132843"},{"taxonomy":"post_tag","embeddable":true,"href":"http:\/\/hoycordobaweb.com\/index.php\/wp-json\/wp\/v2\/tags?post=132843"}],"curies":[{"name":"wp","href":"https:\/\/api.w.org\/{rel}","templated":true}]}}