{"id":132841,"date":"2026-03-13T00:40:32","date_gmt":"2026-03-13T00:40:32","guid":{"rendered":"https:\/\/www.ole.com.ar\/river-plate\/river-plate-eduardo-coudet_0_hvoku8SySM.html"},"modified":"2026-03-13T00:40:32","modified_gmt":"2026-03-13T00:40:32","slug":"estaba-donde-llevo-coudet-la-bufanda-en-su-debut-en-river","status":"publish","type":"post","link":"http:\/\/hoycordobaweb.com\/index.php\/2026\/03\/13\/estaba-donde-llevo-coudet-la-bufanda-en-su-debut-en-river\/","title":{"rendered":"\u00a1Estaba!: d\u00f3nde llev\u00f3 Coudet la bufanda en su debut en River"},"content":{"rendered":"<p><img src=\"http:\/\/hoycordobaweb.com\/wp-content\/uploads\/2026\/03\/estaba-donde-llevo-coudet-la-bufanda-en-su-debut-en-river.jpg\"><\/p>\n<p><span class=\"createDate\">12\/03\/2026 21:40hs.<\/span><time class=\"modificatedDate\" datetime=\"2026-03-12T21:42:13-03:00\"> Actualizado al 12\/03\/2026 21:42hs.<\/time><\/p>\n<div id=\"storyBody\">\n<div id=\"element-body-0\" class=\"sc-136cd478-0 ekTCfV\" readability=\"37.008064516129\">\n<p>No se vio, pero estaba. <strong>La bufanda estaba ah\u00ed. <\/strong>Una c\u00e1bala firme, inalterable, que <strong><a href=\"https:\/\/www.ole.com.ar\/tema\/eduardo-coudet.html\" title=\"Eduardo Coudet\" alt=\"Eduardo Coudet\" class=\"slug\"> Eduardo Coudet<\/a><\/strong> mantuvo en su primera presentaci\u00f3n como entrenador de <strong><a href=\"https:\/\/www.ole.com.ar\/tema\/river-plate.html\" title=\"River Plate\" alt=\"River Plate\" class=\"slug\">River<\/a><\/strong>. Como no la llevaba puesta en el cuello, pas\u00f3 inadvertida cuando las c\u00e1maras de televisi\u00f3n captaron su ingreso al Tom\u00e1s Adolfo Duc\u00f3 para ubicarse en el banco y dirigir su primer partido al frente del equipo.<\/p>\n<\/div>\n<div id=\"element-body-1\" class=\"sc-ef81c825-1 evSCNc\"><figcaption class=\"JWvideoNota_title\">\n<p>@cami.corrales<\/p>\n<\/figcaption><\/div>\n<div id=\"element-body-2\" class=\"sc-136cd478-0 ekTCfV\" readability=\"39\">\n<p>Sin embargo, la c\u00e1bala no falt\u00f3. Aunque no colgaba de su cuello como en otras noches, la ic\u00f3nica bufanda del entrenador estuvo presente desde el primer momento. <strong>El detalle no apareci\u00f3 en la transmisi\u00f3n oficial, pero s\u00ed pudo verse desde otro \u00e1ngulo,<\/strong> confirmando que el t\u00e9cnico no estaba dispuesto a romper con uno de sus rituales m\u00e1s personales en un d\u00eda tan especial.<\/p>\n<\/div>\n<div class=\"sc-e7b891c4-0 ifHnQL image-embed\" id=\"element-body-3\"><img alt=\"La bufanda del Chacho, en su debut como entrenador de River.\" loading=\"lazy\" width=\"720\" height=\"100\" decoding=\"async\" data-nimg=\"1\" src=\"http:\/\/hoycordobaweb.com\/wp-content\/uploads\/2026\/03\/estaba-donde-llevo-coudet-la-bufanda-en-su-debut-en-river-2.jpg\"><span class=\"epigraphe\">La bufanda del Chacho, en su debut como entrenador de River.<\/span><\/div>\n<div id=\"element-body-4\" class=\"sc-136cd478-0 ekTCfV\" readability=\"41\">\n<p><strong>Las c\u00e1maras de Ol\u00e9, ubicadas en el lugar de los hechos, captaron el momento: Coudet la llevaba enroscada en su mano derecha, sujet\u00e1ndola con fuerza y casi con afecto.<\/strong> All\u00ed permaneci\u00f3, apretada entre sus dedos, bien cerca suyo, como un peque\u00f1o amuleto que lo acompa\u00f1\u00f3 en el inicio de su ciclo en el banco de River. <\/p>\n<\/div>\n<\/div>\n","protected":false},"excerpt":{"rendered":"<p>12\/03\/2026 21:40hs. Actualizado al 12\/03\/2026 21:42hs. No se vio, pero estaba. La bufanda estaba ah\u00ed. Una c\u00e1bala firme, inalterable, que Eduardo Coudet mantuvo en su primera presentaci\u00f3n como entrenador de River. Como no la llevaba puesta en el cuello, pas\u00f3 inadvertida cuando las c\u00e1maras de televisi\u00f3n captaron su ingreso al Tom\u00e1s Adolfo Duc\u00f3 para ubicarse [&hellip;]<\/p>\n","protected":false},"author":1,"featured_media":132842,"comment_status":"open","ping_status":"closed","sticky":false,"template":"","format":"standard","meta":[],"categories":[16],"tags":[],"_links":{"self":[{"href":"http:\/\/hoycordobaweb.com\/index.php\/wp-json\/wp\/v2\/posts\/132841"}],"collection":[{"href":"http:\/\/hoycordobaweb.com\/index.php\/wp-json\/wp\/v2\/posts"}],"about":[{"href":"http:\/\/hoycordobaweb.com\/index.php\/wp-json\/wp\/v2\/types\/post"}],"author":[{"embeddable":true,"href":"http:\/\/hoycordobaweb.com\/index.php\/wp-json\/wp\/v2\/users\/1"}],"replies":[{"embeddable":true,"href":"http:\/\/hoycordobaweb.com\/index.php\/wp-json\/wp\/v2\/comments?post=132841"}],"version-history":[{"count":0,"href":"http:\/\/hoycordobaweb.com\/index.php\/wp-json\/wp\/v2\/posts\/132841\/revisions"}],"wp:featuredmedia":[{"embeddable":true,"href":"http:\/\/hoycordobaweb.com\/index.php\/wp-json\/wp\/v2\/media\/132842"}],"wp:attachment":[{"href":"http:\/\/hoycordobaweb.com\/index.php\/wp-json\/wp\/v2\/media?parent=132841"}],"wp:term":[{"taxonomy":"category","embeddable":true,"href":"http:\/\/hoycordobaweb.com\/index.php\/wp-json\/wp\/v2\/categories?post=132841"},{"taxonomy":"post_tag","embeddable":true,"href":"http:\/\/hoycordobaweb.com\/index.php\/wp-json\/wp\/v2\/tags?post=132841"}],"curies":[{"name":"wp","href":"https:\/\/api.w.org\/{rel}","templated":true}]}}