{"id":132834,"date":"2026-03-12T14:39:08","date_gmt":"2026-03-12T14:39:08","guid":{"rendered":"https:\/\/ladecimaweb.com\/?p=33926"},"modified":"2026-03-12T14:39:08","modified_gmt":"2026-03-12T14:39:08","slug":"cordoba-puso-en-marcha-la-campana-de-vacunacion-antigripal","status":"publish","type":"post","link":"http:\/\/hoycordobaweb.com\/index.php\/2026\/03\/12\/cordoba-puso-en-marcha-la-campana-de-vacunacion-antigripal\/","title":{"rendered":"C\u00f3rdoba puso en marcha la campa\u00f1a de vacunaci\u00f3n antigripal"},"content":{"rendered":"<div class=\"boldgrid-section\">\n<div class=\"container\">\n<div class=\"row\">\n<div class=\"col-md-12 col-xs-12 col-sm-12\">\n<p class=\"\" data-start=\"42\" data-end=\"137\"><strong data-start=\"42\" data-end=\"137\"><span class=\"BZ_Pyq_fadeIn\">C\u00f3rdoba <\/span><span class=\"BZ_Pyq_fadeIn\">puso <\/span><span class=\"BZ_Pyq_fadeIn\">en <\/span><span class=\"BZ_Pyq_fadeIn\">marcha <\/span><span class=\"BZ_Pyq_fadeIn\">la <\/span><span class=\"BZ_Pyq_fadeIn\">campa\u00f1a <\/span><span class=\"BZ_Pyq_fadeIn\">de <\/span><span class=\"BZ_Pyq_fadeIn\">vacunaci\u00f3n <\/span><span class=\"BZ_Pyq_fadeIn\">antigripal <\/span><span class=\"BZ_Pyq_fadeIn\">en <\/span><span class=\"BZ_Pyq_fadeIn\">todo <\/span><span class=\"BZ_Pyq_fadeIn\">el <\/span><span class=\"BZ_Pyq_fadeIn\">territorio <\/span><span class=\"BZ_Pyq_fadeIn\">provincial<\/span><\/strong><\/p>\n<p class=\"\" data-start=\"139\" data-end=\"288\"><span class=\"BZ_Pyq_fadeIn\">La <\/span><span class=\"BZ_Pyq_fadeIn\">Provincia <\/span><span class=\"BZ_Pyq_fadeIn\">inici\u00f3 <\/span><span class=\"BZ_Pyq_fadeIn\">la <\/span><span class=\"BZ_Pyq_fadeIn\">campa\u00f1a <\/span><span class=\"BZ_Pyq_fadeIn\">de <\/span><span class=\"BZ_Pyq_fadeIn\">vacunaci\u00f3n <\/span><span class=\"BZ_Pyq_fadeIn\">antigripal <\/span><span class=\"BZ_Pyq_fadeIn\">que <\/span><span class=\"BZ_Pyq_fadeIn\">se <\/span><span class=\"BZ_Pyq_fadeIn\">desarrolla <\/span><span class=\"BZ_Pyq_fadeIn\">en <\/span><strong data-start=\"216\" data-end=\"287\" data-is-only-node=\"\"><span class=\"BZ_Pyq_fadeIn\">m\u00e1s <\/span><span class=\"BZ_Pyq_fadeIn\">de <\/span><span class=\"BZ_Pyq_fadeIn\">800 <\/span><span class=\"BZ_Pyq_fadeIn\">vacunatorios <\/span><span class=\"BZ_Pyq_fadeIn\">distribuidos <\/span><span class=\"BZ_Pyq_fadeIn\">en <\/span><span class=\"BZ_Pyq_fadeIn\">todo <\/span><span class=\"BZ_Pyq_fadeIn\">el <\/span><span class=\"BZ_Pyq_fadeIn\">territorio <\/span><span class=\"BZ_Pyq_fadeIn\">cordob\u00e9s<\/span><\/strong><span class=\"BZ_Pyq_fadeIn\">.<\/span><\/p>\n<p data-start=\"290\" data-end=\"491\"><span class=\"BZ_Pyq_fadeIn\">La <\/span><span class=\"BZ_Pyq_fadeIn\">estrategia <\/span><span class=\"BZ_Pyq_fadeIn\">sanitaria <\/span><span class=\"BZ_Pyq_fadeIn\">est\u00e1 <\/span><span class=\"BZ_Pyq_fadeIn\">destinada <\/span><span class=\"BZ_Pyq_fadeIn\">a <\/span><strong data-start=\"331\" data-end=\"490\"><span class=\"BZ_Pyq_fadeIn\">ni\u00f1os <\/span><span class=\"BZ_Pyq_fadeIn\">y <\/span><span class=\"BZ_Pyq_fadeIn\">ni\u00f1as <\/span><span class=\"BZ_Pyq_fadeIn\">de <\/span><span class=\"BZ_Pyq_fadeIn\">6 <\/span><span class=\"BZ_Pyq_fadeIn\">a <\/span><span class=\"BZ_Pyq_fadeIn\">24 <\/span><span class=\"BZ_Pyq_fadeIn\">meses, <\/span><span class=\"BZ_Pyq_fadeIn\">personas <\/span><span class=\"BZ_Pyq_fadeIn\">gestantes, <\/span><span class=\"BZ_Pyq_fadeIn\">pu\u00e9rperas, <\/span><span class=\"BZ_Pyq_fadeIn\">mayores <\/span><span class=\"BZ_Pyq_fadeIn\">de <\/span><span class=\"BZ_Pyq_fadeIn\">65 <\/span><span class=\"BZ_Pyq_fadeIn\">a\u00f1os, <\/span><span class=\"BZ_Pyq_fadeIn\">personal <\/span><span class=\"BZ_Pyq_fadeIn\">de <\/span><span class=\"BZ_Pyq_fadeIn\">salud, <\/span><span class=\"BZ_Pyq_fadeIn\">personas <\/span><span class=\"BZ_Pyq_fadeIn\">con <\/span><span class=\"BZ_Pyq_fadeIn\">factores <\/span><span class=\"BZ_Pyq_fadeIn\">de <\/span><span class=\"BZ_Pyq_fadeIn\">riesgo <\/span><span class=\"BZ_Pyq_fadeIn\">y <\/span><span class=\"BZ_Pyq_fadeIn\">personal <\/span><span class=\"BZ_Pyq_fadeIn\">estrat\u00e9gico<\/span><\/strong><span class=\"BZ_Pyq_fadeIn\">.<\/span><\/p>\n<p data-start=\"493\" data-end=\"704\"><span class=\"BZ_Pyq_fadeIn\">Desde <\/span><span class=\"BZ_Pyq_fadeIn\">el <\/span><span class=\"BZ_Pyq_fadeIn\">sistema <\/span><span class=\"BZ_Pyq_fadeIn\">de <\/span><span class=\"BZ_Pyq_fadeIn\">salud <\/span><span class=\"BZ_Pyq_fadeIn\">remarcaron <\/span><span class=\"BZ_Pyq_fadeIn\">que <\/span><span class=\"BZ_Pyq_fadeIn\">la <\/span><span class=\"BZ_Pyq_fadeIn\">vacunaci\u00f3n <\/span><strong data-start=\"548\" data-end=\"658\"><span class=\"BZ_Pyq_fadeIn\">permite <\/span><span class=\"BZ_Pyq_fadeIn\">reducir <\/span><span class=\"BZ_Pyq_fadeIn\">complicaciones <\/span><span class=\"BZ_Pyq_fadeIn\">graves, <\/span><span class=\"BZ_Pyq_fadeIn\">hospitalizaciones <\/span><span class=\"BZ_Pyq_fadeIn\">y <\/span><span class=\"BZ_Pyq_fadeIn\">la <\/span><span class=\"BZ_Pyq_fadeIn\">mortalidad <\/span><span class=\"BZ_Pyq_fadeIn\">asociada <\/span><span class=\"BZ_Pyq_fadeIn\">al <\/span><span class=\"BZ_Pyq_fadeIn\">virus <\/span><span class=\"BZ_Pyq_fadeIn\">de <\/span><span class=\"BZ_Pyq_fadeIn\">la <\/span><span class=\"BZ_Pyq_fadeIn\">influenza<\/span><\/strong><span class=\"BZ_Pyq_fadeIn\">, <\/span><span class=\"BZ_Pyq_fadeIn\">especialmente <\/span><span class=\"BZ_Pyq_fadeIn\">en <\/span><span class=\"BZ_Pyq_fadeIn\">los <\/span><span class=\"BZ_Pyq_fadeIn\">grupos <\/span><span class=\"BZ_Pyq_fadeIn\">de <\/span><span class=\"BZ_Pyq_fadeIn\">mayor <\/span><span class=\"BZ_Pyq_fadeIn\">riesgo.<\/span><\/p>\n<p data-start=\"706\" data-end=\"871\"><span class=\"BZ_Pyq_fadeIn\">Las <\/span><span class=\"BZ_Pyq_fadeIn\">autoridades <\/span><span class=\"BZ_Pyq_fadeIn\">sanitarias <\/span><span class=\"BZ_Pyq_fadeIn\">recordaron <\/span><span class=\"BZ_Pyq_fadeIn\">que <\/span><strong data-start=\"748\" data-end=\"867\"><span class=\"BZ_Pyq_fadeIn\">la <\/span><span class=\"BZ_Pyq_fadeIn\">vacuna <\/span><span class=\"BZ_Pyq_fadeIn\">es <\/span><span class=\"BZ_Pyq_fadeIn\">gratuita <\/span><span class=\"BZ_Pyq_fadeIn\">y <\/span><span class=\"BZ_Pyq_fadeIn\">se <\/span><span class=\"BZ_Pyq_fadeIn\">encuentra <\/span><span class=\"BZ_Pyq_fadeIn\">disponible <\/span><span class=\"BZ_Pyq_fadeIn\">en <\/span><span class=\"BZ_Pyq_fadeIn\">vacunatorios, <\/span><span class=\"BZ_Pyq_fadeIn\">hospitales <\/span><span class=\"BZ_Pyq_fadeIn\">y <\/span><span class=\"BZ_Pyq_fadeIn\">centros <\/span><span class=\"BZ_Pyq_fadeIn\">de <\/span><span class=\"BZ_Pyq_fadeIn\">salud <\/span><span class=\"BZ_Pyq_fadeIn\">de <\/span><span class=\"BZ_Pyq_fadeIn\">toda <\/span><span class=\"BZ_Pyq_fadeIn\">la <\/span><span class=\"BZ_Pyq_fadeIn\">provincia<\/span><\/strong><span class=\"BZ_Pyq_fadeIn\">. <img src=\"http:\/\/hoycordobaweb.com\/wp-content\/uploads\/2026\/03\/cordoba-puso-en-marcha-la-campana-de-vacunacion-antigripal.png\" alt=\"\ud83d\udc89\" class=\"wp-smiley\" style=\"height: 1em; max-height: 1em;\" \/><\/span><\/p>\n<p class=\"\" data-start=\"706\" data-end=\"871\">&nbsp;<\/p>\n<p class=\"\">\n<div class=\"ubm_banner\"><a href=\"https:\/\/www.epec.com.ar\/\" target=\"_self\" rel=\"dofollow noopener noreferrer\"><img src=\"http:\/\/hoycordobaweb.com\/wp-content\/uploads\/2026\/03\/cordoba-puso-en-marcha-la-campana-de-vacunacion-antigripal.gif\" alt=\"\"><\/a><\/div>\n<p class=\"\" data-start=\"873\" data-end=\"1006\" data-is-last-node=\"\" data-is-only-node=\"\">&nbsp;<\/p>\n<p data-start=\"873\" data-end=\"1006\" data-is-last-node=\"\" data-is-only-node=\"\">&nbsp;<\/p>\n<p>&nbsp;<\/p>\n<\/div>\n<\/div>\n<\/div>\n<\/div>\n<p>La entrada <a rel=\"nofollow\" href=\"https:\/\/ladecimaweb.com\/cordoba-puso-en-marcha-la-campana-de-vacunacion-antigripal\/\">C\u00f3rdoba puso en marcha la campa\u00f1a de vacunaci\u00f3n antigripal<\/a> se public\u00f3 primero en <a rel=\"nofollow\" href=\"https:\/\/ladecimaweb.com\">LaDecima<\/a>.<\/p>\n","protected":false},"excerpt":{"rendered":"<p>C\u00f3rdoba puso en marcha la campa\u00f1a de vacunaci\u00f3n antigripal en todo el territorio provincial La Provincia inici\u00f3 la campa\u00f1a de vacunaci\u00f3n antigripal que se desarrolla en m\u00e1s de 800 vacunatorios distribuidos en todo el territorio cordob\u00e9s. La estrategia sanitaria est\u00e1 destinada a ni\u00f1os y ni\u00f1as de 6 a 24 meses, personas gestantes, pu\u00e9rperas, mayores de [&hellip;]<\/p>\n","protected":false},"author":1,"featured_media":0,"comment_status":"closed","ping_status":"closed","sticky":false,"template":"","format":"standard","meta":[],"categories":[32],"tags":[],"_links":{"self":[{"href":"http:\/\/hoycordobaweb.com\/index.php\/wp-json\/wp\/v2\/posts\/132834"}],"collection":[{"href":"http:\/\/hoycordobaweb.com\/index.php\/wp-json\/wp\/v2\/posts"}],"about":[{"href":"http:\/\/hoycordobaweb.com\/index.php\/wp-json\/wp\/v2\/types\/post"}],"author":[{"embeddable":true,"href":"http:\/\/hoycordobaweb.com\/index.php\/wp-json\/wp\/v2\/users\/1"}],"replies":[{"embeddable":true,"href":"http:\/\/hoycordobaweb.com\/index.php\/wp-json\/wp\/v2\/comments?post=132834"}],"version-history":[{"count":0,"href":"http:\/\/hoycordobaweb.com\/index.php\/wp-json\/wp\/v2\/posts\/132834\/revisions"}],"wp:attachment":[{"href":"http:\/\/hoycordobaweb.com\/index.php\/wp-json\/wp\/v2\/media?parent=132834"}],"wp:term":[{"taxonomy":"category","embeddable":true,"href":"http:\/\/hoycordobaweb.com\/index.php\/wp-json\/wp\/v2\/categories?post=132834"},{"taxonomy":"post_tag","embeddable":true,"href":"http:\/\/hoycordobaweb.com\/index.php\/wp-json\/wp\/v2\/tags?post=132834"}],"curies":[{"name":"wp","href":"https:\/\/api.w.org\/{rel}","templated":true}]}}