{"id":132811,"date":"2026-03-11T16:27:59","date_gmt":"2026-03-11T16:27:59","guid":{"rendered":"https:\/\/www.mujerhoy.com\/moda\/no-te-pierdas\/basicos-primavera-pantalon-tipazo-instagram-zara-20260311072744-nt.html"},"modified":"2026-03-11T16:27:59","modified_gmt":"2026-03-11T16:27:59","slug":"esta-primavera-el-pantalon-cargo-sera-el-nuevo-objeto-de-deseo-palabra-de-instagram","status":"publish","type":"post","link":"http:\/\/hoycordobaweb.com\/index.php\/2026\/03\/11\/esta-primavera-el-pantalon-cargo-sera-el-nuevo-objeto-de-deseo-palabra-de-instagram\/","title":{"rendered":"Esta primavera el pantal\u00f3n cargo ser\u00e1 el nuevo objeto de deseo \u00a1palabra de Instagram!"},"content":{"rendered":"<p><!-- AUTHOR --><\/p>\n<div class=\"voc-author-timesocial \">\n<!-- AUTHOR --><\/p>\n<div class=\"voc-author-timesocial__signature \">\n<!-- IMAGE AUTHOR -->\n<picture class=\"voc-image-signature\">\n<img class=\"voc-image-signature__img\" src=\"http:\/\/hoycordobaweb.com\/wp-content\/uploads\/2026\/03\/esta-primavera-el-pantalon-cargo-sera-el-nuevo-objeto-de-deseo-palabra-de-instagram.jpg\" alt=\"Gemma Cano\">\n<\/picture>\n<!-- INFO AUTHOR --><\/p>\n<div class=\"voc-author-timesocial__info\" data-mrf-recirculation=\"Autor\">\n<div class=\"voc-author-info\">\n<author><br \/>\n<a class=\"voc-author\" href=\"https:\/\/www.mujerhoy.com\/autor\/gemma-cano-1220.html\">Gemma Cano<\/a><br \/>\n<\/author><br \/>\n<!-- TIME --><br \/>\n<time datetime=\"2026-03-11T16:27:59Z\" data-timestamp><br \/>\nPublicado \u00b7 <span data-voc-date-modified-short> 11 de marzo de 2026, 17:27 h <\/span><br \/>\n<\/time>\n<\/div>\n<\/div>\n<\/div><\/div>\n<p><!-- COMPONENTS --><\/p>\n<p class=\"voc-paragraph\">Con la primavera cada vez m\u00e1s cerca, nuestras ganas de descubrir nuevas tendencias est\u00e1n aumentando por momentos. Y esta temporada no deber\u00edamos pasar por alto el poder de introducir una prenda de tendencia en <strong>nuestro armario de entretiempo<\/strong>. \u00bfQu\u00e9 propuesta tendr\u00edamos que elegir para triunfar durante los pr\u00f3ximos meses? <\/p>\n<p class=\"voc-paragraph\">Y si ahora mismo solo pudi\u00e9ramos elegir un tipo de pantal\u00f3n, nos quedar\u00edamos con el de estilo cargo. Una prenda que lo tiene todo: es muy vers\u00e1til, con un toque muy actual y que, adem\u00e1s sienta bien a todas las siluetas. Y nuestras tiendas favoritas est\u00e1n totalmente de nuestro lado. Ahora mismo hay un mont\u00f3n de pantalones de este tipo dentro de las secciones de novedades de Zara, Mango y H&amp;M.<\/p>\n<div class=\"v-c-cmp v-c-cmp--t1 \">\n<div class=\"v-cmp-rld v-cmp-rld--2 \">\n<div class=\"v-cnt-m v-cnt-m--m\">\n<div class=\"v-cnt-m__c\">\n<div class=\"v-cnt-m__w v-cnt-m__w--1\">\n<p class=\"v-cnt-m__t\">\nTAMBI\u00c9N TE INTERESA\n<\/p>\n<\/div>\n<\/div>\n<\/div>\n<div class=\"v-g v-g--2-c v-g--bdr-min-xs\">\n<div class=\"v-g__c \">\n<article class=\"v-a v-a--cmp-rld v-a--cmp-rld-2 v-a--p-l\">\n<div class=\"v-a-img-c\">\n<figure class=\"v-a-fig\">\n<a href=\"https:\/\/www.mujerhoy.com\/moda\/no-te-pierdas\/vaqueros-rotos-pantalones-vuelven-estar-moda-20260131172108-nt.html#vtm_modulosEngag=mod-rel:moda:noticia:1:cmp:2-not\" class=\"v-a-link\" title=\"Vaqueros rotos: los pantalones m\u00e1s ca\u00f1eros vuelven a estar de moda\"><br \/>\n<img loading=\"lazy\" class=\"v-a-img\" src=\"http:\/\/hoycordobaweb.com\/wp-content\/uploads\/2026\/03\/esta-primavera-el-pantalon-cargo-sera-el-nuevo-objeto-de-deseo-palabra-de-instagram-1.jpg\" alt=\"Vaqueros rotos: los pantalones m\u00e1s ca\u00f1eros vuelven a estar de moda\"><br \/>\n<\/a><br \/>\n<\/figure>\n<\/div>\n<\/article>\n<\/div>\n<div class=\"v-g__c \">\n<article class=\"v-a v-a--cmp-rld v-a--cmp-rld-2 v-a--p-l\">\n<div class=\"v-a-img-c\">\n<figure class=\"v-a-fig\">\n<a href=\"https:\/\/www.mujerhoy.com\/moda\/no-te-pierdas\/combinar-pantalon-negro-siempre-igual-guia-estilo-tendencias-20260114160059-nt.html#vtm_modulosEngag=mod-rel:moda:noticia:2:cmp:2-not\" class=\"v-a-link\" title=\"C\u00f3mo combinar un pantal\u00f3n negro para no ir siempre igual\"><br \/>\n<img loading=\"lazy\" class=\"v-a-img\" src=\"http:\/\/hoycordobaweb.com\/wp-content\/uploads\/2026\/03\/esta-primavera-el-pantalon-cargo-sera-el-nuevo-objeto-de-deseo-palabra-de-instagram-2.jpg\" alt=\"C\u00f3mo combinar un pantal\u00f3n negro para no ir siempre igual\"><br \/>\n<\/a><br \/>\n<\/figure>\n<\/div>\n<\/article>\n<\/div>\n<\/div>\n<\/div>\n<\/div>\n<div class=\"v-c-cmp \">\n<div class=\"v-cmp-m v-cmp-m--t1\">\n<article class=\"v-a v-a--cmp-m v-c-cmp--m-p\">\n<div class=\"v-a-img-c v-a-img-c--fw-xs\">\n<div class=\"v-a-fig\">\n<div class=\"v-a-link\">\n<img loading=\"lazy\" src=\"http:\/\/hoycordobaweb.com\/wp-content\/uploads\/2026\/03\/esta-primavera-el-pantalon-cargo-sera-el-nuevo-objeto-de-deseo-palabra-de-instagram-3.jpg\" class=\"v-a-img\" width=\"650\" height=\"975\" alt data-voc-vtm-id=\"in-text-traffic\">\n<\/div>\n<\/div>\n<\/div>\n<\/article>\n<\/div>\n<\/div>\n<p class=\"voc-paragraph\">\u00bfQu\u00e9 cortes y colores deber\u00edamos incluir, s\u00ed o s\u00ed, en nuestro armario de primavera? Sin duda, los pantalones cargo de tiro medio y en tonos neutros, desde el beige al caqui, son los perfectos aliados de este tipo de prendas. Las opciones que hay ahora mismo en las tiendas nos ofrecen un sinf\u00edn de posibilidades para dar con el pantal\u00f3n perfecto para cada silueta.<\/p>\n<p class=\"voc-paragraph\">Aunque ahora mismo hay muchos dise\u00f1os realmente interesantes, el pantal\u00f3n cargo es uno de los que ha llegado pisando fuerte. <strong>Una propuesta muy vers\u00e1til<\/strong>, que te resolver\u00e1 mil y un look de entretiempo. Conseguir\u00e1s el look m\u00e1s sofisticado de la temporada sin mucho esfuerzo.<\/p>\n<div class=\"v-c-cmp \">\n<div class=\"v-cmp-m v-cmp-m--t1\">\n<article class=\"v-a v-a--cmp-m v-c-cmp--m-p\">\n<div class=\"v-a-img-c v-a-img-c--fw-xs\">\n<div class=\"v-a-fig\">\n<div class=\"v-a-link\">\n<img loading=\"lazy\" src=\"http:\/\/hoycordobaweb.com\/wp-content\/uploads\/2026\/03\/esta-primavera-el-pantalon-cargo-sera-el-nuevo-objeto-de-deseo-palabra-de-instagram-4.jpg\" class=\"v-a-img\" width=\"650\" height=\"975\" alt data-voc-vtm-id=\"in-text-traffic\">\n<\/div>\n<\/div>\n<\/div>\n<\/article>\n<\/div>\n<\/div>\n<p class=\"voc-paragraph\">\u00bfC\u00f3mo combinarlo durante los meses de primavera? Ll\u00e9valo con tus accesorios de entretiempo favoritos, como las bailarinas o el <a href=\"https:\/\/www.mujerhoy.com\/moda\/no-te-pierdas\/bolsos-invitada-especiales-originales-versatiles-20260214132830-nt.html\" target=\"_self\" data-voc-vtm-id=\"in-text-traffic\" title=\"bolso\" data-mrf-link=\"www.mujerhoy.com\" rel=\"noopener noreferrer\">bolso<\/a> bandolera para lucir el mejor look diario. Tambi\u00e9n podr\u00e1s llevarlo de noche con zapatos de tac\u00f3n y un bolso de mano en un color especial.<\/p>\n<div class=\"v-c-cmp \">\n<div class=\"v-cmp-m v-cmp-m--t1\">\n<article class=\"v-a v-a--cmp-m v-c-cmp--m-p\">\n<div class=\"v-a-img-c v-a-img-c--fw-xs\">\n<div class=\"v-a-fig\">\n<div class=\"v-a-link\">\n<img loading=\"lazy\" src=\"http:\/\/hoycordobaweb.com\/wp-content\/uploads\/2026\/03\/esta-primavera-el-pantalon-cargo-sera-el-nuevo-objeto-de-deseo-palabra-de-instagram-5.jpg\" class=\"v-a-img\" width=\"650\" height=\"975\" alt data-voc-vtm-id=\"in-text-traffic\">\n<\/div>\n<\/div>\n<\/div>\n<\/article>\n<\/div>\n<\/div>\n<p class=\"voc-paragraph\">Y ante la duda apuesta por los tonos neutros, como el negro, el beige, el caqui o el marr\u00f3n chocolate. Un <a href=\"https:\/\/www.mujerhoy.com\/moda\/no-te-pierdas\/amaia-salamanca-pantalones-barrel-vaqueros-tendencia-20260210121154-nt.html\" target=\"_self\" data-voc-vtm-id=\"in-text-traffic\" title=\"pantal\u00f3n\" data-mrf-link=\"www.mujerhoy.com\" rel=\"noopener noreferrer\">pantal\u00f3n<\/a> diferente a todos lo que tienes en tu armario de primavera, que podr\u00e1s llevar del mil y un maneras los pr\u00f3ximos meses.<\/p>\n<div class=\"v-c-cmp \">\n<div class=\"v-cmp-m v-cmp-m--t1\">\n<article class=\"v-a v-a--cmp-m v-c-cmp--m-p\">\n<div class=\"v-a-img-c v-a-img-c--fw-xs\">\n<div class=\"v-a-fig\">\n<div class=\"v-a-link\">\n<img loading=\"lazy\" src=\"http:\/\/hoycordobaweb.com\/wp-content\/uploads\/2026\/03\/esta-primavera-el-pantalon-cargo-sera-el-nuevo-objeto-de-deseo-palabra-de-instagram-6.jpg\" class=\"v-a-img\" width=\"650\" height=\"975\" alt=\"Pantal\u00f3n camel de Zara (39,99 euros)\" data-voc-vtm-id=\"in-text-traffic\">\n<\/div><figcaption class=\"v-fc\">\n<span class=\"v-fc__t\"><br \/>\nPantal\u00f3n camel de Zara (39,99 euros)<br \/>\n<\/span><br \/>\n<\/figcaption><\/div>\n<\/div>\n<\/article>\n<\/div>\n<\/div>\n<p><h3 class=\"v-cmp-suh\">\nPantal\u00f3n camel de Zara (39,99 euros)<br \/>\n<\/h3>\n<\/p>\n<p class=\"voc-paragraph\">El premio al dise\u00f1o m\u00e1s sofisticado de la nueva temporada se lo lleva este bonito pantal\u00f3n de estilo cargo. Una propuesta hecha para acaparar todas las miradas. Ll\u00e9valo con tus accesorios de entretiempo favoritos.<\/p>\n<div class=\"v-c-cmp \">\n<div class=\"v-cmp-m v-cmp-m--t1\">\n<article class=\"v-a v-a--cmp-m v-c-cmp--m-p\">\n<div class=\"v-a-img-c v-a-img-c--fw-xs\">\n<div class=\"v-a-fig\">\n<div class=\"v-a-link\">\n<img loading=\"lazy\" src=\"http:\/\/hoycordobaweb.com\/wp-content\/uploads\/2026\/03\/esta-primavera-el-pantalon-cargo-sera-el-nuevo-objeto-de-deseo-palabra-de-instagram-7.jpg\" class=\"v-a-img\" width=\"650\" height=\"975\" alt=\"Pantal\u00f3n caqui de Zara (39,99 euros)\" data-voc-vtm-id=\"in-text-traffic\">\n<\/div><figcaption class=\"v-fc\">\n<span class=\"v-fc__t\"><br \/>\nPantal\u00f3n caqui de Zara (39,99 euros)<br \/>\n<\/span><br \/>\n<\/figcaption><\/div>\n<\/div>\n<\/article>\n<\/div>\n<\/div>\n<p><h3 class=\"v-cmp-suh\">\nPantal\u00f3n caqui de Zara (39,99 euros)<br \/>\n<\/h3>\n<\/p>\n<p class=\"voc-paragraph\">Todav\u00eda quedan unos d\u00edas para que comience oficialmente la primavera, pero ya est\u00e1n aqu\u00ed los dise\u00f1os de nueva temporada m\u00e1s deseados. Apuesta por un dise\u00f1o de estilo cargo, en color caqui.<\/p>\n<div class=\"v-c-cmp \">\n<div class=\"v-cmp-m v-cmp-m--t1\">\n<article class=\"v-a v-a--cmp-m v-c-cmp--m-p\">\n<div class=\"v-a-img-c v-a-img-c--fw-xs\">\n<div class=\"v-a-fig\">\n<div class=\"v-a-link\">\n<img loading=\"lazy\" src=\"http:\/\/hoycordobaweb.com\/wp-content\/uploads\/2026\/03\/esta-primavera-el-pantalon-cargo-sera-el-nuevo-objeto-de-deseo-palabra-de-instagram-8.jpg\" class=\"v-a-img\" width=\"650\" height=\"975\" alt=\"Pantal\u00f3n caqui de Zara (39,99 euros)\" data-voc-vtm-id=\"in-text-traffic\">\n<\/div><figcaption class=\"v-fc\">\n<span class=\"v-fc__t\"><br \/>\nPantal\u00f3n caqui de Zara (39,99 euros)<br \/>\n<\/span><br \/>\n<\/figcaption><\/div>\n<\/div>\n<\/article>\n<\/div>\n<\/div>\n<p><h3 class=\"v-cmp-suh\">\nPantal\u00f3n caqui de Zara (39,99 euros)<br \/>\n<\/h3>\n<\/p>\n<p class=\"voc-paragraph\">Y de cara a los pr\u00f3ximos meses de primavera, nada mejor que un bonito pantal\u00f3n con bolsillos cargo. Un dise\u00f1o con bolsillos, que tienes que incluir en tu lista de deseos de nueva temporada. Lo llevar\u00e1s de mil y un maneras.<\/p>\n<div class=\"v-c-cmp v-c-cmp--t1 \">\n<div class=\"v-cmp-rld v-cmp-rld--2 \">\n<div class=\"v-cnt-m v-cnt-m--m\">\n<div class=\"v-cnt-m__c\">\n<div class=\"v-cnt-m__w v-cnt-m__w--1\">\n<p class=\"v-cnt-m__t\">\nTAMBI\u00c9N TE INTERESA\n<\/p>\n<\/div>\n<\/div>\n<\/div>\n<div class=\"v-g v-g--2-c v-g--bdr-min-xs\">\n<div class=\"v-g__c \">\n<article class=\"v-a v-a--cmp-rld v-a--cmp-rld-2 v-a--p-l\">\n<div class=\"v-a-img-c\">\n<figure class=\"v-a-fig\">\n<a href=\"https:\/\/www.mujerhoy.com\/moda\/no-te-pierdas\/pantalones-arrasan-truco-look-juvenil-tendencia-20260208171514-nt.html#vtm_modulosEngag=mod-rel:moda:noticia:1:cmp:2-not\" class=\"v-a-link\" title=\"Los pantalones cargo arrasan entre las +50: el truco para un look m\u00e1s juvenil\"><br \/>\n<img loading=\"lazy\" class=\"v-a-img\" src=\"http:\/\/hoycordobaweb.com\/wp-content\/uploads\/2026\/03\/esta-primavera-el-pantalon-cargo-sera-el-nuevo-objeto-de-deseo-palabra-de-instagram-9.jpg\" alt=\"Los pantalones cargo arrasan entre las +50: el truco para un look m\u00e1s juvenil\"><br \/>\n<\/a><br \/>\n<\/figure>\n<\/div>\n<\/article>\n<\/div>\n<div class=\"v-g__c \">\n<article class=\"v-a v-a--cmp-rld v-a--cmp-rld-2 v-a--p-l\">\n<div class=\"v-a-img-c\">\n<figure class=\"v-a-fig\">\n<a href=\"https:\/\/www.mujerhoy.com\/moda\/no-te-pierdas\/pantalon-negro-basicos-zara-baratos-nuevo-20260121101050-nt.html#vtm_modulosEngag=mod-rel:moda:noticia:2:cmp:2-not\" class=\"v-a-link\" title=\"Estos son los pantalones que necesitas para vestir bien durante los d\u00edas de invierno\"><br \/>\n<img loading=\"lazy\" class=\"v-a-img\" src=\"http:\/\/hoycordobaweb.com\/wp-content\/uploads\/2026\/03\/esta-primavera-el-pantalon-cargo-sera-el-nuevo-objeto-de-deseo-palabra-de-instagram-10.jpg\" alt=\"Estos son los pantalones que necesitas para vestir bien durante los d\u00edas de invierno\"><br \/>\n<\/a><br \/>\n<\/figure>\n<\/div>\n<\/article>\n<\/div>\n<\/div>\n<\/div>\n<\/div>\n<div class=\"media_block\"><\/div>\n","protected":false},"excerpt":{"rendered":"<p>Gemma Cano Publicado \u00b7 11 de marzo de 2026, 17:27 h Con la primavera cada vez m\u00e1s cerca, nuestras ganas de descubrir nuevas tendencias est\u00e1n aumentando por momentos. Y esta temporada no deber\u00edamos pasar por alto el poder de introducir una prenda de tendencia en nuestro armario de entretiempo. \u00bfQu\u00e9 propuesta tendr\u00edamos que elegir para [&hellip;]<\/p>\n","protected":false},"author":1,"featured_media":132812,"comment_status":"closed","ping_status":"closed","sticky":false,"template":"","format":"standard","meta":[],"categories":[],"tags":[],"_links":{"self":[{"href":"http:\/\/hoycordobaweb.com\/index.php\/wp-json\/wp\/v2\/posts\/132811"}],"collection":[{"href":"http:\/\/hoycordobaweb.com\/index.php\/wp-json\/wp\/v2\/posts"}],"about":[{"href":"http:\/\/hoycordobaweb.com\/index.php\/wp-json\/wp\/v2\/types\/post"}],"author":[{"embeddable":true,"href":"http:\/\/hoycordobaweb.com\/index.php\/wp-json\/wp\/v2\/users\/1"}],"replies":[{"embeddable":true,"href":"http:\/\/hoycordobaweb.com\/index.php\/wp-json\/wp\/v2\/comments?post=132811"}],"version-history":[{"count":0,"href":"http:\/\/hoycordobaweb.com\/index.php\/wp-json\/wp\/v2\/posts\/132811\/revisions"}],"wp:featuredmedia":[{"embeddable":true,"href":"http:\/\/hoycordobaweb.com\/index.php\/wp-json\/wp\/v2\/media\/132812"}],"wp:attachment":[{"href":"http:\/\/hoycordobaweb.com\/index.php\/wp-json\/wp\/v2\/media?parent=132811"}],"wp:term":[{"taxonomy":"category","embeddable":true,"href":"http:\/\/hoycordobaweb.com\/index.php\/wp-json\/wp\/v2\/categories?post=132811"},{"taxonomy":"post_tag","embeddable":true,"href":"http:\/\/hoycordobaweb.com\/index.php\/wp-json\/wp\/v2\/tags?post=132811"}],"curies":[{"name":"wp","href":"https:\/\/api.w.org\/{rel}","templated":true}]}}