{"id":132807,"date":"2026-03-11T21:57:51","date_gmt":"2026-03-11T21:57:51","guid":{"rendered":"https:\/\/www.ole.com.ar\/futbol-internacional\/europa-league-conference-league-argentinos-octavos-final_0_EANk9QsUQI.html"},"modified":"2026-03-11T21:57:51","modified_gmt":"2026-03-11T21:57:51","slug":"con-fuerte-presencia-argentina-comienzan-los-octavos-de-final-de-la-europa-league","status":"publish","type":"post","link":"http:\/\/hoycordobaweb.com\/index.php\/2026\/03\/11\/con-fuerte-presencia-argentina-comienzan-los-octavos-de-final-de-la-europa-league\/","title":{"rendered":"Con fuerte presencia argentina, comienzan los octavos de final de la Europa League"},"content":{"rendered":"<p><img src=\"http:\/\/hoycordobaweb.com\/wp-content\/uploads\/2026\/03\/con-fuerte-presencia-argentina-comienzan-los-octavos-de-final-de-la-europa-league.jpg\"><\/p>\n<p><time class=\"createDate\" datetime=\"2026-03-11T18:57:51-03:00\">11\/03\/2026 18:57hs.<\/time><\/p>\n<div id=\"storyBody\">\n<div id=\"element-body-0\" class=\"sc-136cd478-0 ekTCfV\" readability=\"35.7975\">\n<p>Despu\u00e9s de unos intensos <strong>playoffs<\/strong>, la <strong><a href=\"https:\/\/www.ole.com.ar\/tema\/uefa-europa-league.html\" title=\"UEFA Europa League\" alt=\"UEFA Europa League\" class=\"slug\">Europa League<\/a><\/strong> regresar\u00e1 este jueves 12 de marzo con los partidos de ida de los <strong>octavos final<\/strong>. Ya queda cada vez menos para la gran <strong>final <\/strong>y todos los equipos luchar\u00e1n por asistir a ella <strong>.<\/strong> La misma se disputar\u00e1 en el <strong>Estadio T\u00fcpras<\/strong> de Estambul; una de las canchas m\u00e1s calientes del Viejo Continente, que cuenta con capacidad para m\u00e1s de <strong>42 mil espectadores<\/strong>.<\/p>\n<\/div>\n<div id=\"element-body-1\" class=\"sc-136cd478-0 ekTCfV\" readability=\"26.71875\">\n<p>Como de costumbre, el segundo torneo m\u00e1s importante de la <strong><a href=\"https:\/\/www.ole.com.ar\/tema\/uefa.html\" title=\"UEFA\" alt=\"UEFA\" class=\"slug\">UEFA<\/a><\/strong> gozar\u00e1 con la presencia de varios <strong>argentinos<\/strong>: el <strong><a href=\"https:\/\/www.ole.com.ar\/tema\/damian-emiliano-martinez.html\" title=\"Dami\u00e1n Emiliano Mart\u00ednez\" alt=\"Dami\u00e1n Emiliano Mart\u00ednez\" class=\"slug\">Dibu Mart\u00ednez<\/a><\/strong> en el <strong><a href=\"https:\/\/www.ole.com.ar\/tema\/aston-villa.html\" title=\"Aston Villa\" alt=\"Aston Villa\" class=\"slug\">Aston Villa<\/a><\/strong>, <strong><a href=\"https:\/\/www.ole.com.ar\/tema\/santiago-castro.html\" title=\"Santiago Castro\" alt=\"Santiago Castro\" class=\"slug\">Santiago Castro<\/a><\/strong> y <strong><a href=\"https:\/\/www.ole.com.ar\/tema\/benjamin-dominguez.html\" title=\"Benjam\u00edn Dom\u00ednguez\" alt=\"Benjam\u00edn Dom\u00ednguez\" class=\"slug\">Benjam\u00edn Dom\u00ednguez<\/a><\/strong> en el <strong><a href=\"https:\/\/www.ole.com.ar\/tema\/bologna.html\" title=\"Bologna\" alt=\"Bologna\" class=\"slug\">Bologna<\/a><\/strong> o <strong><a href=\"https:\/\/www.ole.com.ar\/tema\/valentin-gomez.html\" title=\"Valent\u00edn G\u00f3mez\" alt=\"Valent\u00edn G\u00f3mez\" class=\"slug\">Valent\u00edn G\u00f3mez<\/a><\/strong> y el <strong><a href=\"https:\/\/www.ole.com.ar\/tema\/chimy-avila.html\" title=\"Chimy Avila\" alt=\"Chimy Avila\" class=\"slug\">Chimy \u00c1vila<\/a><\/strong> en el <strong><a href=\"https:\/\/www.ole.com.ar\/tema\/real-betis.html\" title=\"Real Betis\" alt=\"Real Betis\" class=\"slug\">Betis<\/a><\/strong>. Adem\u00e1s, algunos cracks de la <strong><a href=\"https:\/\/www.ole.com.ar\/tema\/seleccion-argentina.html\" title=\"Selecci\u00f3n Argentina\" alt=\"Selecci\u00f3n Argentina\" class=\"slug\">Selecci\u00f3n<\/a><\/strong> no podr\u00e1n competir con sus clubes al estar <strong>lesionados<\/strong>. Enterate todos los detalles en Ol\u00e9. <\/p>\n<\/div>\n<p><h2><strong>Una Europa League con acento argentino <\/strong><\/h2>\n<\/p>\n<div id=\"element-body-3\" class=\"sc-136cd478-0 ekTCfV\" readability=\"35.494505494505\">\n<p>La jornada abrir\u00e1 con <strong>cuatro duelos en simult\u00e1neo<\/strong>, a partir de las <strong>14.45 horas<\/strong>: el mencionado <strong>Bologna<\/strong> de Santi Castro y Benja Dom\u00ednguez recibir\u00e1 a la <strong><a href=\"https:\/\/www.ole.com.ar\/tema\/roma.html\" title=\"Roma\" alt=\"Roma\" class=\"slug\">Roma<\/a><\/strong>, que no contar\u00e1 con <strong><a href=\"https:\/\/www.ole.com.ar\/tema\/paulo-dybala.html\" title=\"Paulo Dybala\" alt=\"Paulo Dybala\" class=\"slug\">Paulo Dybala<\/a><\/strong> ni <strong><a href=\"https:\/\/www.ole.com.ar\/tema\/matias-soule.html\" title=\"Mat\u00edas Soule\" alt=\"Mat\u00edas Soule\" class=\"slug\">Mat\u00edas Soul\u00e9<\/a><\/strong> (ambos ausentes por lesi\u00f3n). El cruce ser\u00e1 una <strong>prueba de fuego<\/strong> para el equipo de Castro, que viene de <strong>derrotar 2-0 al Brann<\/strong> noruego en los playoffs y buscar\u00e1 aprovechar que la Loba <strong>no dispondr\u00e1 de dos de sus m\u00e1ximas estrellas en la cancha<\/strong>.<\/p>\n<\/div>\n<div id=\"element-body-4\" class=\"sc-136cd478-0 ekTCfV\" readability=\"33.29203539823\">\n<p>En el mismo horario, despu\u00e9s de quedar primero en la fase liga con <strong>21 puntos<\/strong>, el <strong>Aston Villa del Dibu Mart\u00ednez y <a href=\"https:\/\/www.ole.com.ar\/tema\/emiliano-buendia.html\" title=\"Emiliano Buend\u00eda\" alt=\"Emiliano Buend\u00eda\" class=\"slug\">Emiliano Buend\u00eda<\/a> visitar\u00e1 al Lille franc\u00e9s<\/strong>. El ganador de esta serie competir\u00e1 contra el <strong>Bologna o la Roma<\/strong>.<\/p>\n<\/div>\n<div class=\"sc-e7b891c4-0 ifHnQL image-embed\" id=\"element-body-5\"><img alt=\"El Dibu est\u00e1 listo para otro picante cruce en Francia. \" loading=\"lazy\" width=\"720\" height=\"100\" decoding=\"async\" data-nimg=\"1\" src=\"http:\/\/hoycordobaweb.com\/wp-content\/uploads\/2026\/03\/con-fuerte-presencia-argentina-comienzan-los-octavos-de-final-de-la-europa-league-2.jpg\"><span class=\"epigraphe\">El Dibu est\u00e1 listo para otro picante cruce en Francia. <\/span><\/div>\n<div id=\"element-body-6\" class=\"sc-136cd478-0 ekTCfV\" readability=\"35.131264916468\">\n<p>Tambi\u00e9n a las <strong>14.45 horas<\/strong>, el <strong>Panathinaikos<\/strong> de <strong><a href=\"https:\/\/www.ole.com.ar\/tema\/vicente-taborda.html\" title=\"Vicente Taborda\" alt=\"Vicente Taborda\" class=\"slug\">Vicente Taborda<\/a><\/strong>, ex <strong><a href=\"https:\/\/www.ole.com.ar\/tema\/boca-juniors.html\" title=\"Boca Juniors\" alt=\"Boca Juniors\" class=\"slug\">Boca<\/a><\/strong>, har\u00e1 de local y chocar\u00e1 con el <strong>Betis<\/strong>; combinado en el que militan <strong><a href=\"https:\/\/www.ole.com.ar\/tema\/giovani-lo-celso.html\" title=\"Giovani Lo Celso\" alt=\"Giovani Lo Celso\" class=\"slug\">Giovani Lo Celso<\/a><\/strong> (todav\u00eda no recuperado de un problema en el muslo), <strong>Valent\u00edn G\u00f3mez y el Chimy \u00c1vila<\/strong>. Asimismo, se enfrentar\u00e1n el Stuttgart y el <strong><a href=\"https:\/\/www.ole.com.ar\/tema\/fc-porto.html\" title=\"FC Porto\" alt=\"FC Porto\" class=\"slug\">Porto<\/a><\/strong> de <strong><a href=\"https:\/\/www.ole.com.ar\/tema\/alan-varela.html\" title=\"Alan Varela\" alt=\"Alan Varela\" class=\"slug\">Alan Varela<\/a><\/strong>. Los portugueses primero ir\u00e1n a Alemania y despu\u00e9s definir\u00e1n la llave en su casa: <strong>el Estadio do Dragao.<\/strong><\/p>\n<\/div>\n<div id=\"element-body-7\" class=\"sc-136cd478-0 ekTCfV\" readability=\"31.238805970149\">\n<p>Desde las <strong>17.00 hs<\/strong>, el <strong>Genk jugar\u00e1 contra el Friburgo<\/strong> y el <strong>Ferencv\u00e1ros de Mariano G\u00f3mez se ver\u00e1 las caras con el SC Braga<\/strong>. Adem\u00e1s, el <strong><a href=\"https:\/\/www.ole.com.ar\/tema\/nottingham-forest.html\" title=\"Nottingham Forest\" alt=\"Nottingham Forest\" class=\"slug\">Nottingham Forest<\/a><\/strong>, con <strong><a href=\"https:\/\/www.ole.com.ar\/tema\/nico-dominguez.html\" title=\"Nico Dom\u00ednguez\" alt=\"Nico Dom\u00ednguez\" class=\"slug\">Nico Dom\u00ednguez<\/a><\/strong> a la cabeza, competir\u00e1 ante el <strong> FC Midtjylland<\/strong>. El principal cruce de esta franja horaria ser\u00e1 el <strong><a href=\"https:\/\/www.ole.com.ar\/tema\/celta-de-vigo.html\" title=\"Celta de Vigo\" alt=\"Celta de Vigo\" class=\"slug\">Celta de Vigo<\/a>&#8211;<a href=\"https:\/\/www.ole.com.ar\/tema\/lyon.html\" title=\"Lyon\" alt=\"Lyon\" class=\"slug\">Lyon<\/a><\/strong>: <strong><a href=\"https:\/\/www.ole.com.ar\/tema\/franco-cervi.html\" title=\"Franco Cervi\" alt=\"Franco Cervi\" class=\"slug\">Franco Cervi<\/a><\/strong> estar\u00e1 presente en el cuadro celeste y <strong><a href=\"https:\/\/www.ole.com.ar\/tema\/nicolas-tagliafico.html\" title=\"Nicol\u00e1s Tagliafico\" alt=\"Nicol\u00e1s Tagliafico\" class=\"slug\">Nicol\u00e1s Tagliafico<\/a><\/strong> har\u00e1 lo propio para los Leones.<\/p>\n<\/div>\n<p><h3><strong>Todos los partidos de los octavos de final de la Europa League <\/strong><\/h3>\n<\/p>\n<div id=\"element-body-9\" class=\"sc-136cd478-0 ekTCfV\">\n<ul>\n<li>14.45 hs: Bologna vs. AS Roma<\/li>\n<li>14.45 hs: Stuttgart vs. FC Porto<\/li>\n<li>14.45 hs: Panathinaikos vs. Real Betis<\/li>\n<li>14.45 hs: Lille vs. Aston Villa<\/li>\n<li>17.00 hs: KRC Genk vs. Friburgo<\/li>\n<li>17.00 hs: Ferencv\u00e1ros vs. SC Braga<\/li>\n<li>17.00 hs: Nottingham Forest vs. FC Midtjylland<\/li>\n<li>17.00 hs: Celta de Vigo vs. Lyon<\/li>\n<\/ul>\n<\/div>\n<p><h2><strong>La Conference League, tambi\u00e9n con presencia albiceleste <\/strong> <\/h2>\n<\/p>\n<div id=\"element-body-12\" class=\"sc-136cd478-0 ekTCfV\" readability=\"26.140086206897\">\n<p>Los <strong>octavos de final<\/strong> de la <strong><a href=\"https:\/\/www.ole.com.ar\/tema\/uefa-conference-league.html\" title=\"UEFA Conference League\" alt=\"UEFA Conference League\" class=\"slug\">Conference League<\/a><\/strong> tendr\u00e1n tambi\u00e9n presencia argentina: el <strong><a href=\"https:\/\/www.ole.com.ar\/tema\/racing-de-estrasburgo.html\" title=\"Racing de Estrasburgo\" alt=\"Racing de Estrasburgo\" class=\"slug\">Racing de Estrasburgo<\/a><\/strong> de <strong><a href=\"https:\/\/www.ole.com.ar\/tema\/joaquin-panichelli.html\" title=\"Joaquin Panichelli\" alt=\"Joaquin Panichelli\" class=\"slug\">Joaqu\u00edn Panichelli<\/a>, <a href=\"https:\/\/www.ole.com.ar\/tema\/aaron-anselmino.html\" title=\"Aaron Anselmino\" alt=\"Aaron Anselmino\" class=\"slug\">Aar\u00f3n Anselmino<\/a> y <a href=\"https:\/\/www.ole.com.ar\/tema\/valentin-barco.html\" title=\"Valent\u00edn Barco\" alt=\"Valent\u00edn Barco\" class=\"slug\">Valent\u00edn \u00abColo\u00bb Barco<\/a><\/strong> visitar\u00e1 al <strong>HNK Rijeka<\/strong> croata, a partir de las <strong>14.45 hs de este jueves<\/strong>. A su vez, el <strong><a href=\"https:\/\/www.ole.com.ar\/tema\/rayo-vallecano.html\" title=\"Rayo Vallecano\" alt=\"Rayo Vallecano\" class=\"slug\">Rayo Vallecano<\/a><\/strong> de <strong><a href=\"https:\/\/www.ole.com.ar\/tema\/augusto-batalla.html\" title=\"Augusto Batalla\" alt=\"Augusto Batalla\" class=\"slug\">Augusto Batalla<\/a><\/strong> enfrentar\u00e1 al <strong>Samsunspor<\/strong> turco en el mismo horario. Por \u00faltimo, <strong><a href=\"https:\/\/www.ole.com.ar\/tema\/walter-benitez.html\" title=\"Walter Ben\u00edtez\" alt=\"Walter Ben\u00edtez\" class=\"slug\">Walter Ben\u00edtez<\/a><\/strong> y su <strong><a href=\"https:\/\/www.ole.com.ar\/tema\/crystal-palace.html\" title=\"Crystal Palace\" alt=\"Crystal Palace\" class=\"slug\">Crystal Palace<\/a><\/strong> chocar\u00e1n con el <strong>AEK Larnaca<\/strong> de <strong>Enzo Cabrera<\/strong> desde las <strong>17.00 horas<\/strong>.<\/p>\n<\/div>\n<p><h2><strong>Todos los encuentros de los octavos de final de la Conference<\/strong><\/h2>\n<\/p>\n<div id=\"element-body-14\" class=\"sc-136cd478-0 ekTCfV\">\n<ul>\n<li>14.45 hs: Lech Poznan vs. Shakhtar Donetsk<\/li>\n<li>14.45 hs: Samsunspor vs. Rayo Vallecano<\/li>\n<li>14.45 hs: AZ Alkmaar vs. Sparta Praga<\/li>\n<li>14.45 hs: HNK Rijeka vs. Estrasburgo<\/li>\n<li>17:00 hs: Crystal Palace vs. AEK Larnaca<\/li>\n<li>17:00 hs: Sigma Olomouc vs. Mainz 05<\/li>\n<li>17:00 hs: NK Celje vs. AEK Atenas<\/li>\n<li>17:00 hs: Fiorentina vs. Rakow Czestochowa<\/li>\n<\/ul>\n<\/div>\n<div class=\"sc-e7b891c4-0 ifHnQL image-embed\" id=\"element-body-15\"><img alt=\"El cuadro del tercer torneo m\u00e1s importante de la UEFA. \" loading=\"lazy\" width=\"720\" height=\"100\" decoding=\"async\" data-nimg=\"1\" src=\"http:\/\/hoycordobaweb.com\/wp-content\/uploads\/2026\/03\/con-fuerte-presencia-argentina-comienzan-los-octavos-de-final-de-la-europa-league-3.jpg\"><span class=\"epigraphe\">El cuadro del tercer torneo m\u00e1s importante de la UEFA. <\/span><\/div>\n<div id=\"element-body-16\" class=\"sc-a7166897-0 eoLsBE\" readability=\"32\">\n<section readability=\"4\"><picture><img alt=\"Preocupaci\u00f3n mundial por la selecci\u00f3n femenina de Ir\u00e1n: las jugadoras llegaron a Malasia, pero a\u00fan no tienen fecha de regreso a su pa\u00eds\" loading=\"lazy\" width=\"290\" height=\"290\" decoding=\"async\" data-nimg=\"1\" src=\"http:\/\/hoycordobaweb.com\/wp-content\/uploads\/2026\/03\/con-fuerte-presencia-argentina-comienzan-los-octavos-de-final-de-la-europa-league-4.jpg\"><\/picture>\n<p><span>Mir\u00e1 tambi\u00e9n<\/span><\/p>\n<hr>\n<h3>Preocupaci\u00f3n mundial por la selecci\u00f3n femenina de Ir\u00e1n: las jugadoras llegaron a Malasia, pero a\u00fan no tienen fecha de regreso a su pa\u00eds<\/h3>\n<\/p>\n<\/section>\n<\/div>\n<div id=\"element-body-17\" class=\"sc-a7166897-0 eoLsBE\" readability=\"32.5\">\n<section readability=\"5\"><picture><img alt=\"En medio de ataques a\u00e9reos, el presidente del PSG qued\u00f3 varado en Qatar, por ahora sede de la Finalissima\" loading=\"lazy\" width=\"290\" height=\"290\" decoding=\"async\" data-nimg=\"1\" src=\"http:\/\/hoycordobaweb.com\/wp-content\/uploads\/2026\/03\/con-fuerte-presencia-argentina-comienzan-los-octavos-de-final-de-la-europa-league-5.jpg\"><\/picture>\n<p><span>Mir\u00e1 tambi\u00e9n<\/span><\/p>\n<hr>\n<h3>En medio de ataques a\u00e9reos, el presidente del PSG qued\u00f3 varado en Qatar, por ahora sede de la Finalissima<\/h3>\n<\/p>\n<\/section>\n<\/div>\n<div id=\"element-body-18\" class=\"sc-a7166897-0 eoLsBE\" readability=\"31\">\n<section readability=\"2\"><picture><img alt=\"Qu\u00e9 dijo Vojvoda sobre la ausencia de Neymar\" loading=\"lazy\" width=\"290\" height=\"290\" decoding=\"async\" data-nimg=\"1\" src=\"http:\/\/hoycordobaweb.com\/wp-content\/uploads\/2026\/03\/con-fuerte-presencia-argentina-comienzan-los-octavos-de-final-de-la-europa-league-6.jpg\"><\/picture>\n<p><span>Mir\u00e1 tambi\u00e9n<\/span><\/p>\n<hr>\n<h3>Qu\u00e9 dijo Vojvoda sobre la ausencia de Neymar<\/h3>\n<\/p>\n<\/section>\n<\/div>\n<\/div>\n","protected":false},"excerpt":{"rendered":"<p>11\/03\/2026 18:57hs. Despu\u00e9s de unos intensos playoffs, la Europa League regresar\u00e1 este jueves 12 de marzo con los partidos de ida de los octavos final. Ya queda cada vez menos para la gran final y todos los equipos luchar\u00e1n por asistir a ella . La misma se disputar\u00e1 en el Estadio T\u00fcpras de Estambul; una [&hellip;]<\/p>\n","protected":false},"author":1,"featured_media":132808,"comment_status":"open","ping_status":"closed","sticky":false,"template":"","format":"standard","meta":[],"categories":[16],"tags":[],"_links":{"self":[{"href":"http:\/\/hoycordobaweb.com\/index.php\/wp-json\/wp\/v2\/posts\/132807"}],"collection":[{"href":"http:\/\/hoycordobaweb.com\/index.php\/wp-json\/wp\/v2\/posts"}],"about":[{"href":"http:\/\/hoycordobaweb.com\/index.php\/wp-json\/wp\/v2\/types\/post"}],"author":[{"embeddable":true,"href":"http:\/\/hoycordobaweb.com\/index.php\/wp-json\/wp\/v2\/users\/1"}],"replies":[{"embeddable":true,"href":"http:\/\/hoycordobaweb.com\/index.php\/wp-json\/wp\/v2\/comments?post=132807"}],"version-history":[{"count":0,"href":"http:\/\/hoycordobaweb.com\/index.php\/wp-json\/wp\/v2\/posts\/132807\/revisions"}],"wp:featuredmedia":[{"embeddable":true,"href":"http:\/\/hoycordobaweb.com\/index.php\/wp-json\/wp\/v2\/media\/132808"}],"wp:attachment":[{"href":"http:\/\/hoycordobaweb.com\/index.php\/wp-json\/wp\/v2\/media?parent=132807"}],"wp:term":[{"taxonomy":"category","embeddable":true,"href":"http:\/\/hoycordobaweb.com\/index.php\/wp-json\/wp\/v2\/categories?post=132807"},{"taxonomy":"post_tag","embeddable":true,"href":"http:\/\/hoycordobaweb.com\/index.php\/wp-json\/wp\/v2\/tags?post=132807"}],"curies":[{"name":"wp","href":"https:\/\/api.w.org\/{rel}","templated":true}]}}