{"id":132805,"date":"2026-03-11T22:09:03","date_gmt":"2026-03-11T22:09:03","guid":{"rendered":"https:\/\/www.ole.com.ar\/futbol-internacional\/champions\/festejo-kylian-mbappe-champions-real-madrid-city-palco-hattrick-valverde-bernabeu_0_avDtptp5KG.html"},"modified":"2026-03-11T22:09:03","modified_gmt":"2026-03-11T22:09:03","slug":"video-el-euforico-festejo-de-mbappe-desde-su-palco-tras-el-hat-trick-de-valverde-ante-el-city","status":"publish","type":"post","link":"http:\/\/hoycordobaweb.com\/index.php\/2026\/03\/11\/video-el-euforico-festejo-de-mbappe-desde-su-palco-tras-el-hat-trick-de-valverde-ante-el-city\/","title":{"rendered":"Video: el euf\u00f3rico festejo de Mbapp\u00e9 desde su palco tras el hat-trick de Valverde ante el City"},"content":{"rendered":"<p><img src=\"http:\/\/hoycordobaweb.com\/wp-content\/uploads\/2026\/03\/video-el-euforico-festejo-de-mbappe-desde-su-palco-tras-el-hat-trick-de-valverde-ante-el-city.jpg\"><\/p>\n<p><time class=\"createDate\" datetime=\"2026-03-11T19:09:03-03:00\">11\/03\/2026 19:09hs.<\/time><\/p>\n<div id=\"storyBody\">\n<div id=\"element-body-0\" class=\"sc-136cd478-0 ekTCfV\" readability=\"30.047770700637\">\n<p><strong><a href=\"https:\/\/www.ole.com.ar\/tema\/real-madrid.html\" title=\"Real Madrid\" alt=\"Real Madrid\" class=\"slug\">Real Madrid<\/a><\/strong> recibi\u00f3 al <strong><a href=\"https:\/\/www.ole.com.ar\/tema\/manchester-city.html\" title=\"Manchester City\" alt=\"Manchester City\" class=\"slug\">Manchester City<\/a><\/strong> por la ida de los octavos de final de la <strong><a href=\"https:\/\/www.ole.com.ar\/tema\/champions-league.html\" title=\"Champions League\" alt=\"Champions League\" class=\"slug\">Champions League<\/a> y, con Kylian Mbapp\u00e9 ausente por lesi\u00f3n, quien tom\u00f3 el protagonismo <\/strong>fue <strong><a href=\"https:\/\/www.ole.com.ar\/tema\/federico-valverde.html\" title=\"Federico Valverde\" alt=\"Federico Valverde\" class=\"slug\">Federico Valverde<\/a>.<\/strong> El capit\u00e1n del conjunto merengue firm\u00f3 un hat-trick para encaminar el resultado y la clasificaci\u00f3n a la siguiente fase.<\/p>\n<\/div>\n<div id=\"element-body-1\" class=\"sc-136cd478-0 ekTCfV\" readability=\"34.996015936255\">\n<p>Desde uno de los palcos del estadio Santiago Bernab\u00e9u, <strong><a href=\"https:\/\/www.ole.com.ar\/tema\/kylian-mbappe.html\" title=\"Kylian Mbapp\u00e9\" alt=\"Kylian Mbapp\u00e9\" class=\"slug\">Mbapp\u00e9<\/a><\/strong> sigui\u00f3 el encuentro junto a amigos. El delantero franc\u00e9s no pudo estar en el campo de juego <strong>por molestias en la rodilla<\/strong>, que tambi\u00e9n ponen en duda su presencia en el partido de vuelta.<\/p>\n<\/div>\n<div id=\"element-body-2\" class=\"sc-136cd478-0 ekTCfV\" readability=\"35\">\n<p>Tras el tercer gol de Valverde, <strong> las c\u00e1maras captaron el euf\u00f3rico festejo de Mbapp\u00e9, <\/strong>que celebr\u00f3 con todo el triplete de su compa\u00f1ero en una noche clave de Champions.<\/p>\n<\/div>\n<div class=\"sc-e7b891c4-0 ifHnQL image-embed\" id=\"element-body-3\"><img alt=\"Alaba, Bellingham, Eder Militao y Mbapp\u00e9, los lesionados del Madrid (EFE).\" loading=\"lazy\" width=\"720\" height=\"100\" decoding=\"async\" data-nimg=\"1\" src=\"http:\/\/hoycordobaweb.com\/wp-content\/uploads\/2026\/03\/video-el-euforico-festejo-de-mbappe-desde-su-palco-tras-el-hat-trick-de-valverde-ante-el-city-2.jpg\"><span class=\"epigraphe\">Alaba, Bellingham, Eder Militao y Mbapp\u00e9, los lesionados del Madrid (EFE).<\/span><\/div>\n<p><h2><strong>El festejo de Mbapp\u00e9<\/strong><\/h2>\n<\/p>\n<div id=\"element-body-5\" class=\"sc-ef81c825-1 evSCNc\"><figcaption class=\"JWvideoNota_title\">\n<p>Cr\u00e9ditos: Movistar +<\/p>\n<\/figcaption><\/div>\n<p><h2><strong>Los goles de Valverde<\/strong><\/h2>\n<\/p>\n<div id=\"element-body-7\" class=\"sc-ef81c825-1 evSCNc\"><figcaption class=\"JWvideoNota_title\">\n<p>FOX Sports.<\/p>\n<\/figcaption><\/div>\n<\/div>\n","protected":false},"excerpt":{"rendered":"<p>11\/03\/2026 19:09hs. Real Madrid recibi\u00f3 al Manchester City por la ida de los octavos de final de la Champions League y, con Kylian Mbapp\u00e9 ausente por lesi\u00f3n, quien tom\u00f3 el protagonismo fue Federico Valverde. El capit\u00e1n del conjunto merengue firm\u00f3 un hat-trick para encaminar el resultado y la clasificaci\u00f3n a la siguiente fase. Desde uno [&hellip;]<\/p>\n","protected":false},"author":1,"featured_media":132806,"comment_status":"open","ping_status":"closed","sticky":false,"template":"","format":"standard","meta":[],"categories":[16],"tags":[],"_links":{"self":[{"href":"http:\/\/hoycordobaweb.com\/index.php\/wp-json\/wp\/v2\/posts\/132805"}],"collection":[{"href":"http:\/\/hoycordobaweb.com\/index.php\/wp-json\/wp\/v2\/posts"}],"about":[{"href":"http:\/\/hoycordobaweb.com\/index.php\/wp-json\/wp\/v2\/types\/post"}],"author":[{"embeddable":true,"href":"http:\/\/hoycordobaweb.com\/index.php\/wp-json\/wp\/v2\/users\/1"}],"replies":[{"embeddable":true,"href":"http:\/\/hoycordobaweb.com\/index.php\/wp-json\/wp\/v2\/comments?post=132805"}],"version-history":[{"count":0,"href":"http:\/\/hoycordobaweb.com\/index.php\/wp-json\/wp\/v2\/posts\/132805\/revisions"}],"wp:featuredmedia":[{"embeddable":true,"href":"http:\/\/hoycordobaweb.com\/index.php\/wp-json\/wp\/v2\/media\/132806"}],"wp:attachment":[{"href":"http:\/\/hoycordobaweb.com\/index.php\/wp-json\/wp\/v2\/media?parent=132805"}],"wp:term":[{"taxonomy":"category","embeddable":true,"href":"http:\/\/hoycordobaweb.com\/index.php\/wp-json\/wp\/v2\/categories?post=132805"},{"taxonomy":"post_tag","embeddable":true,"href":"http:\/\/hoycordobaweb.com\/index.php\/wp-json\/wp\/v2\/tags?post=132805"}],"curies":[{"name":"wp","href":"https:\/\/api.w.org\/{rel}","templated":true}]}}