{"id":132803,"date":"2026-03-12T00:13:38","date_gmt":"2026-03-12T00:13:38","guid":{"rendered":"https:\/\/www.ole.com.ar\/futbol-internacional\/champions\/pep-guardiola-hablo-derrota-manchester-city-real-madrid-champions_0_whfZ1VySWh.html"},"modified":"2026-03-12T00:13:38","modified_gmt":"2026-03-12T00:13:38","slug":"el-curioso-analisis-de-guardiola-tras-la-dura-derrota-del-city-en-la-champions-jugamos-bastante-bien","status":"publish","type":"post","link":"http:\/\/hoycordobaweb.com\/index.php\/2026\/03\/12\/el-curioso-analisis-de-guardiola-tras-la-dura-derrota-del-city-en-la-champions-jugamos-bastante-bien\/","title":{"rendered":"El curioso an\u00e1lisis de Guardiola tras la dura derrota del City en la Champions: \u201cJugamos bastante bien\u201d"},"content":{"rendered":"<p><img src=\"http:\/\/hoycordobaweb.com\/wp-content\/uploads\/2026\/03\/el-curioso-analisis-de-guardiola-tras-la-dura-derrota-del-city-en-la-champions-jugamos-bastante-bien.jpg\"><\/p>\n<p><span class=\"createDate\">11\/03\/2026 21:13hs.<\/span><time class=\"modificatedDate\" datetime=\"2026-03-11T21:14:34-03:00\"> Actualizado al 11\/03\/2026 21:14hs.<\/time><\/p>\n<div id=\"storyBody\">\n<div id=\"element-body-0\" class=\"sc-136cd478-0 ekTCfV\" readability=\"28.769230769231\">\n<p>Pep Guardiola habl\u00f3 ante los medios luego de la derrota del <strong><a href=\"https:\/\/www.ole.com.ar\/tema\/manchester-city.html\" title=\"Manchester City\" alt=\"Manchester City\" class=\"slug\">Manchester City<\/a><\/strong> por 3-0 frente al <strong><a href=\"https:\/\/www.ole.com.ar\/tema\/real-madrid.html\" title=\"Real Madrid\" alt=\"Real Madrid\" class=\"slug\">Real Madrid<\/a><\/strong> en el partido de ida de los octavos de final de la <strong><a href=\"https:\/\/www.ole.com.ar\/tema\/champions-league.html\" title=\"Champions League\" alt=\"Champions League\" class=\"slug\">Champions League<\/a><\/strong>. El t\u00e9cnico catal\u00e1n analiz\u00f3 el dur\u00edsimo resultado y dej\u00f3 varias reflexiones sobre la derrota.<\/p>\n<\/div>\n<div id=\"element-body-1\" class=\"sc-136cd478-0 ekTCfV\" readability=\"36\">\n<p><strong>\u201cEl resultado es contundente, pero quedan 90 minutos m\u00e1s. Tengo la sensaci\u00f3n de que no ha sido tan malo. Ellos en la primera parte han tenido tres ocasiones y nos han hecho tres goles\u201d<\/strong>, explic\u00f3 el entrenador.<\/p>\n<\/div>\n<div id=\"element-body-2\" class=\"sc-136cd478-0 ekTCfV\" readability=\"40\">\n<p>El entrenador del City insisti\u00f3 en que el equipo gener\u00f3 situaciones, aunque falt\u00f3 precisi\u00f3n en los metros finales. \u201cCuando llegas a l\u00ednea de fondo y tienes cuatro o cinco personas en el \u00e1rea, es una cosa de buen pase. Y las hemos tenido\u201d, se\u00f1al\u00f3. Y agreg\u00f3: \u201cSi marcamos, nos animamos\u2026 <strong>Nos ha faltado ese \u00faltimo momento.<\/strong> Igual en un rato lo veo y no me gusta, pero tengo la sensaci\u00f3n de que no fue tan malo\u201d.<\/p>\n<\/div>\n<div class=\"sc-e7b891c4-0 ifHnQL image-embed\" id=\"element-body-3\"><img alt=\"El pr\u00f3ximo martes el City recibe al Real Madrid por el partido de vuelta. (AP Photo\/Jose Breton)\" loading=\"lazy\" width=\"720\" height=\"100\" decoding=\"async\" data-nimg=\"1\" src=\"http:\/\/hoycordobaweb.com\/wp-content\/uploads\/2026\/03\/el-curioso-analisis-de-guardiola-tras-la-dura-derrota-del-city-en-la-champions-jugamos-bastante-bien-2.jpg\"><span class=\"epigraphe\">El pr\u00f3ximo martes el City recibe al Real Madrid por el partido de vuelta. (AP Photo\/Jose Breton)<\/span><\/div>\n<div id=\"element-body-4\" class=\"sc-136cd478-0 ekTCfV\" readability=\"30.131736526946\">\n<p>El City tuvo algunas aproximaciones, pero no logr\u00f3 concretarlas. Incluso el marcador pudo haber sido mayor si <strong><a href=\"https:\/\/www.ole.com.ar\/tema\/gianluigi-donnarumma.html\" title=\"Gianluigi Donnarumma\" alt=\"Gianluigi Donnarumma\" class=\"slug\">Donnarumma<\/a><\/strong> no deten\u00eda el penal ejecutado por <strong><a href=\"https:\/\/www.ole.com.ar\/tema\/vinicius.html\" title=\"Vinicius\" alt=\"Vinicius\" class=\"slug\">Vin\u00edcius<\/a><\/strong>.<\/p>\n<\/div>\n<p><h2><strong>La dificultad de revertir la serie<\/strong><\/h2>\n<\/p>\n<div id=\"element-body-6\" class=\"sc-136cd478-0 ekTCfV\" readability=\"40\">\n<p>Pensando en el partido de vuelta, Guardiola reconoci\u00f3 que el panorama es complicado, aunque dej\u00f3 abierta la posibilidad de intentar una remontada. <strong>\u201cCon tres goles es dif\u00edcil, imagina con cuatro. Pero tendremos a nuestra gente, a ver qu\u00e9 podemos hacer para sorprenderles\u201d<\/strong>, coment\u00f3 en relaci\u00f3n al partido de vuelta en Inglaterra.<\/p>\n<\/div>\n<div id=\"element-body-7\" class=\"sc-136cd478-0 ekTCfV\" readability=\"38\">\n<p>El t\u00e9cnico tambi\u00e9n explic\u00f3 que el principal problema fue controlar las transiciones del equipo espa\u00f1ol. Pep sostuvo que \u201ca veces es complicado controlar las transiciones cuando perdemos la pelota y ellos conectan\u201d, especialmente por la velocidad de sus atacantes. <strong>\u201cSi pueden correr es complicado, pero creo que hemos jugado bastante bien\u201d<\/strong>, afirm\u00f3.<\/p>\n<\/div>\n<div class=\"sc-e7b891c4-0 ifHnQL image-embed\" id=\"element-body-8\"><img alt=\"Pep Guardiola junto a \u00c1lvaro Arbeloa esta tarde. (EFE\/Juanjo Mart\u00edn)\" loading=\"lazy\" width=\"720\" height=\"100\" decoding=\"async\" data-nimg=\"1\" src=\"http:\/\/hoycordobaweb.com\/wp-content\/uploads\/2026\/03\/el-curioso-analisis-de-guardiola-tras-la-dura-derrota-del-city-en-la-champions-jugamos-bastante-bien-3.jpg\"><span class=\"epigraphe\">Pep Guardiola junto a \u00c1lvaro Arbeloa esta tarde. (EFE\/Juanjo Mart\u00edn)<\/span><\/div>\n<div id=\"element-body-9\" class=\"sc-136cd478-0 ekTCfV\" readability=\"37\">\n<p>A pesar del resultado adverso, el entrenador insisti\u00f3 en que su equipo gener\u00f3 situaciones y estuvieron cerca de descontar. <strong>\u201cHemos llegado muchas veces al \u00e1rea peque\u00f1a, pero nos falt\u00f3 ese \u00faltimo pase\u201d<\/strong>, agreg\u00f3.<\/p>\n<\/div>\n<p><h2><strong>Elogios para Valverde y compa\u00f1\u00eda<\/strong><\/h2>\n<\/p>\n<div id=\"element-body-11\" class=\"sc-136cd478-0 ekTCfV\" readability=\"33.590551181102\">\n<p>Guardiola tambi\u00e9n se refiri\u00f3 al desempe\u00f1o del Real Madrid y destac\u00f3 el nivel de <strong> <a href=\"https:\/\/www.ole.com.ar\/tema\/federico-valverde.html\" title=\"Federico Valverde\" alt=\"Federico Valverde\" class=\"slug\">Federico Valverde<\/a><\/strong>, el protagonista de la noche. <strong>\u201cEs un jugador fant\u00e1stico. Puede cumplir muchos roles y ha marcado muy buenos goles\u201d,<\/strong> elogi\u00f3 el entrenador espa\u00f1ol.<\/p>\n<\/div>\n<div id=\"element-body-12\" class=\"sc-ef81c825-1 evSCNc\"><figcaption class=\"JWvideoNota_title\">\n<p>FOX SPorts.<\/p>\n<\/figcaption><\/div>\n<div id=\"element-body-13\" class=\"sc-136cd478-0 ekTCfV\" readability=\"42\">\n<p>Por \u00faltimo, Pep reconoci\u00f3 el m\u00e9rito del rival y la calidad del plantel. <strong> \u201cEl Madrid se lo ha merecido\u201d<\/strong>, afirm\u00f3, y destac\u00f3 nombres propios del equipo merengue: <strong>\u201cTienen a G\u00fcler, Vinicius, Valverde, Tchouam\u00e9ni\u2026 Es un equipo con mucha calidad\u201d<\/strong>. Aun as\u00ed, sostuvo que el marcador no refleja del todo lo sucedido en el campo: <strong>\u201cNuestro partido no ha sido tan malo como para perder 3-0\u201d<\/strong>.<\/p>\n<\/div>\n<\/div>\n","protected":false},"excerpt":{"rendered":"<p>11\/03\/2026 21:13hs. Actualizado al 11\/03\/2026 21:14hs. Pep Guardiola habl\u00f3 ante los medios luego de la derrota del Manchester City por 3-0 frente al Real Madrid en el partido de ida de los octavos de final de la Champions League. El t\u00e9cnico catal\u00e1n analiz\u00f3 el dur\u00edsimo resultado y dej\u00f3 varias reflexiones sobre la derrota. \u201cEl resultado [&hellip;]<\/p>\n","protected":false},"author":1,"featured_media":132804,"comment_status":"open","ping_status":"closed","sticky":false,"template":"","format":"standard","meta":[],"categories":[16],"tags":[],"_links":{"self":[{"href":"http:\/\/hoycordobaweb.com\/index.php\/wp-json\/wp\/v2\/posts\/132803"}],"collection":[{"href":"http:\/\/hoycordobaweb.com\/index.php\/wp-json\/wp\/v2\/posts"}],"about":[{"href":"http:\/\/hoycordobaweb.com\/index.php\/wp-json\/wp\/v2\/types\/post"}],"author":[{"embeddable":true,"href":"http:\/\/hoycordobaweb.com\/index.php\/wp-json\/wp\/v2\/users\/1"}],"replies":[{"embeddable":true,"href":"http:\/\/hoycordobaweb.com\/index.php\/wp-json\/wp\/v2\/comments?post=132803"}],"version-history":[{"count":0,"href":"http:\/\/hoycordobaweb.com\/index.php\/wp-json\/wp\/v2\/posts\/132803\/revisions"}],"wp:featuredmedia":[{"embeddable":true,"href":"http:\/\/hoycordobaweb.com\/index.php\/wp-json\/wp\/v2\/media\/132804"}],"wp:attachment":[{"href":"http:\/\/hoycordobaweb.com\/index.php\/wp-json\/wp\/v2\/media?parent=132803"}],"wp:term":[{"taxonomy":"category","embeddable":true,"href":"http:\/\/hoycordobaweb.com\/index.php\/wp-json\/wp\/v2\/categories?post=132803"},{"taxonomy":"post_tag","embeddable":true,"href":"http:\/\/hoycordobaweb.com\/index.php\/wp-json\/wp\/v2\/tags?post=132803"}],"curies":[{"name":"wp","href":"https:\/\/api.w.org\/{rel}","templated":true}]}}