{"id":132799,"date":"2026-03-12T00:29:59","date_gmt":"2026-03-12T00:29:59","guid":{"rendered":"https:\/\/www.ole.com.ar\/huracan\/blondel-convocatoria-huracan-river_0_9IowYeFVkB.html"},"modified":"2026-03-12T00:29:59","modified_gmt":"2026-03-12T00:29:59","slug":"blondel-primera-convocatoria-justo-contra-river-y-numero-de-seleccion","status":"publish","type":"post","link":"http:\/\/hoycordobaweb.com\/index.php\/2026\/03\/12\/blondel-primera-convocatoria-justo-contra-river-y-numero-de-seleccion\/","title":{"rendered":"Blondel: primera convocatoria justo contra River y n\u00famero de selecci\u00f3n"},"content":{"rendered":"<p><img src=\"http:\/\/hoycordobaweb.com\/wp-content\/uploads\/2026\/03\/blondel-primera-convocatoria-justo-contra-river-y-numero-de-seleccion.jpg\"><\/p>\n<p><time class=\"createDate\" datetime=\"2026-03-11T21:29:59-03:00\">11\/03\/2026 21:29hs.<\/time><\/p>\n<div id=\"storyBody\">\n<div id=\"element-body-0\" class=\"sc-136cd478-0 ekTCfV\" readability=\"33.889182058047\">\n<p>El destino quiso que se d\u00e9 as\u00ed. <strong> <a href=\"https:\/\/www.ole.com.ar\/tema\/lucas-blondel.html\" title=\"Lucas Blondel\" alt=\"Lucas Blondel\" class=\"slug\">Lucas Blondel<\/a> tiene su primera convocatoria en <a href=\"https:\/\/www.ole.com.ar\/tema\/huracan.html\" title=\"Hurac\u00e1n\" alt=\"Hurac\u00e1n\" class=\"slug\">Hurac\u00e1n<\/a> desde su llegada a pr\u00e9stamo de Boca, ante nada menos que <a href=\"https:\/\/www.ole.com.ar\/tema\/river-plate.html\" title=\"River Plate\" alt=\"River Plate\" class=\"slug\">River<\/a>. <\/strong>Tras una semana de entrenamientos con sus nuevos compa\u00f1eros, y bajo las \u00f3rdenes de un DT con el que tiene una buena conexi\u00f3n como <a href=\"https:\/\/www.ole.com.ar\/tema\/diego-martinez-dt.html\" title=\"Diego Mart\u00ednez DT\" alt=\"Diego Mart\u00ednez DT\" class=\"slug\">Diego Mart\u00ednez<\/a>, el ex Tigre dir\u00e1 presente en un Palacio Duc\u00f3 que tendr\u00e1 aforo reducido.<\/p>\n<\/div>\n<div id=\"element-body-1\" class=\"sc-136cd478-0 ekTCfV\" readability=\"38\">\n<p>Salvo alg\u00fan cambio de \u00faltimo momento, <strong>Blondel ir\u00e1 al banco de suplentes<\/strong> y aguardar\u00e1, si se presenta, su momento para tener su estreno en su nuevo club. <strong> El t\u00e9cnico del Globo a\u00fan no defini\u00f3 qui\u00e9n ser\u00e1 el marcador de punta por la derecha<\/strong> y los dos candidatos a ser de la partida son <strong>Federico Vera<\/strong> -recuperado de un desgarro- y el chico <strong>Ignacio Campo.<\/strong><\/p>\n<\/div>\n<p><h2>Un n\u00famero de selecci\u00f3n<\/h2>\n<\/p>\n<div id=\"element-body-3\" class=\"sc-136cd478-0 ekTCfV\" readability=\"38\">\n<p>A su vez, Blondel vestir\u00e1 un n\u00famero particular en Hurac\u00e1n. <strong>Portar\u00e1 la camiseta #2, la cual le otorgaron cuando sum\u00f3 sus primeros minutos en la Selecci\u00f3n de Suiza<\/strong>, uno de los grandes objetivos de Lucas de cara al pr\u00f3ximo Mundial. Su poca participaci\u00f3n en el Xeneize lo hicieron perder lugar en el combinado europeo y ahora va en busca de volver a meterse en la n\u00f3mina del elenco suizo.<\/p>\n<\/div>\n<div class=\"sc-e7b891c4-0 ifHnQL image-embed\" id=\"element-body-4\"><img alt=\"Blondel portar\u00e1 la camiseta n\u00famero 2 en el Globo (Prensa Hurac\u00e1n).\" loading=\"lazy\" width=\"720\" height=\"100\" decoding=\"async\" data-nimg=\"1\" src=\"http:\/\/hoycordobaweb.com\/wp-content\/uploads\/2026\/03\/blondel-primera-convocatoria-justo-contra-river-y-numero-de-seleccion-2.jpg\"><span class=\"epigraphe\">Blondel portar\u00e1 la camiseta n\u00famero 2 en el Globo (Prensa Hurac\u00e1n).<\/span><\/div>\n<p><h2>Hace cu\u00e1nto no juega Blondel<\/h2>\n<\/p>\n<div id=\"element-body-6\" class=\"sc-136cd478-0 ekTCfV\" readability=\"40\">\n<p>De entrar a la cancha y debutar, <strong>el defensor de 29 a\u00f1os volver\u00e1 a jugar un partido en Primera de manera oficial despu\u00e9s de diez meses<\/strong>, cuando por los cuartos de final del Torneo Apertura 2025, <strong>el 19 de mayo, jug\u00f3 en la derrota 1-0 ante Independiente en La Bombonera<\/strong>. Eso s\u00ed, dijo presente en el amistoso del pasado 18 de enero frente a Olimpia. <\/p>\n<\/div>\n<div class=\"sc-e7b891c4-0 ifHnQL image-embed\" id=\"element-body-7\"><img alt=\"El \u00faltimo partido de Blondel hab\u00eda sido el 19 de mayo de 2025, ante Independiente, en los cuartos de final del Apertura (Prensa Boca).\" loading=\"lazy\" width=\"720\" height=\"100\" decoding=\"async\" data-nimg=\"1\" src=\"http:\/\/hoycordobaweb.com\/wp-content\/uploads\/2026\/03\/blondel-primera-convocatoria-justo-contra-river-y-numero-de-seleccion-3.jpg\"><span class=\"epigraphe\">El \u00faltimo partido de Blondel hab\u00eda sido el 19 de mayo de 2025, ante Independiente, en los cuartos de final del Apertura (Prensa Boca).<\/span><\/div>\n<div id=\"element-body-8\" class=\"sc-136cd478-0 ekTCfV\" readability=\"39\">\n<p>Desde ese entonces, apenas sum\u00f3 rodaje en dos partidos de Reserva: el 24 de septiembre con Newell&#8217;s y el 8 de octubre frente a Belgrano, suspendido por el fallecimiento de Miguel \u00c1ngel Russo. <strong>Finalmente, despu\u00e9s de 298 d\u00edas, Blondel podr\u00eda estar volviendo a sumar minutos en un partido de Primera Divisi\u00f3n.<\/strong><\/p>\n<\/div>\n<p><h2>Los concentrados de Hurac\u00e1n <\/h2>\n<\/p>\n<div class=\"custom-embedhtml\" id=\"element-body-10\" readability=\"19.452631578947\">\n<blockquote class=\"twitter-tweet\" readability=\"5.3052631578947\">\n<p lang=\"es\" dir=\"ltr\">\ud83d\udd1c \u00a1Pr\u00f3ximo partido!<\/p>\n<p>\ud83c\udfc6 <a href=\"https:\/\/twitter.com\/hashtag\/TorneoMercadoLibre?src=hash&amp;ref_src=twsrc%5Etfw\">#TorneoMercadoLibre<\/a><br \/>\ud83c\udd9a <a href=\"https:\/\/twitter.com\/hashtag\/River?src=hash&amp;ref_src=twsrc%5Etfw\">#River<\/a><br \/>\ud83d\uddd3\ufe0f Jueves 12\/3<br \/>\u23f0 21:30<br \/>\ud83c\udfdf\ufe0f Tom\u00e1s A. Duc\u00f3<br \/>\ud83d\udcfa TNT Sports<\/p>\n<p>\ud83d\udcf1 Suscribite al Pack F\u00fatbol: <a href=\"https:\/\/t.co\/97IqVuWdyY\">https:\/\/t.co\/97IqVuWdyY<\/a><a href=\"https:\/\/twitter.com\/hashtag\/VamosGlobo?src=hash&amp;ref_src=twsrc%5Etfw\">#VamosGlobo<\/a> \ud83c\udf88<a href=\"https:\/\/twitter.com\/hashtag\/Hurac%C3%A1nYNadaM%C3%A1s?src=hash&amp;ref_src=twsrc%5Etfw\">#Hurac\u00e1nYNadaM\u00e1s<\/a> <a href=\"https:\/\/t.co\/EugMm6XYBn\">pic.twitter.com\/EugMm6XYBn<\/a><\/p>\n<p>\u2014 CA Hurac\u00e1n (@CAHuracan) <a href=\"https:\/\/twitter.com\/CAHuracan\/status\/2031882868868120688?ref_src=twsrc%5Etfw\">March 12, 2026<\/a><\/p><\/blockquote><\/div>\n<div id=\"element-body-11\" class=\"sc-a7166897-0 eoLsBE\" readability=\"31\">\n<section readability=\"2\"><picture><img alt=\"Las cifras top de \u00c1valos y su &quot;mejor arranque&quot; en Independiente\" loading=\"lazy\" width=\"290\" height=\"290\" decoding=\"async\" data-nimg=\"1\" src=\"http:\/\/hoycordobaweb.com\/wp-content\/uploads\/2026\/03\/blondel-primera-convocatoria-justo-contra-river-y-numero-de-seleccion-4.jpg\"><\/picture>\n<p><span>Mir\u00e1 tambi\u00e9n<\/span><\/p>\n<hr>\n<h3>Las cifras top de \u00c1valos y su \u00abmejor arranque\u00bb en Independiente<\/h3>\n<\/p>\n<\/section>\n<\/div>\n<div id=\"element-body-12\" class=\"sc-a7166897-0 eoLsBE\" readability=\"31\">\n<section readability=\"2\"><picture><img alt=\"El primer ataque que piensa Coudet en River: \u00bfde resistidos a primera opci\u00f3n?\" loading=\"lazy\" width=\"290\" height=\"290\" decoding=\"async\" data-nimg=\"1\" src=\"http:\/\/hoycordobaweb.com\/wp-content\/uploads\/2026\/03\/blondel-primera-convocatoria-justo-contra-river-y-numero-de-seleccion-5.jpg\"><\/picture>\n<p><span>Mir\u00e1 tambi\u00e9n<\/span><\/p>\n<hr>\n<h3>El primer ataque que piensa Coudet en River: \u00bfde resistidos a primera opci\u00f3n?<\/h3>\n<\/p>\n<\/section>\n<\/div>\n<div id=\"element-body-13\" class=\"sc-a7166897-0 eoLsBE\" readability=\"31\">\n<section readability=\"2\"><picture><img alt=\"Gimnasia se impuso por 2-1 ante Banfield en el Sola\" loading=\"lazy\" width=\"290\" height=\"290\" decoding=\"async\" data-nimg=\"1\" src=\"http:\/\/hoycordobaweb.com\/wp-content\/uploads\/2026\/03\/blondel-primera-convocatoria-justo-contra-river-y-numero-de-seleccion-6.jpg\"><\/picture>\n<p><span>Mir\u00e1 tambi\u00e9n<\/span><\/p>\n<hr>\n<h3>Gimnasia se impuso por 2-1 ante Banfield en el Sola<\/h3>\n<\/p>\n<\/section>\n<\/div>\n<\/div>\n","protected":false},"excerpt":{"rendered":"<p>11\/03\/2026 21:29hs. El destino quiso que se d\u00e9 as\u00ed. Lucas Blondel tiene su primera convocatoria en Hurac\u00e1n desde su llegada a pr\u00e9stamo de Boca, ante nada menos que River. Tras una semana de entrenamientos con sus nuevos compa\u00f1eros, y bajo las \u00f3rdenes de un DT con el que tiene una buena conexi\u00f3n como Diego Mart\u00ednez, [&hellip;]<\/p>\n","protected":false},"author":1,"featured_media":132800,"comment_status":"open","ping_status":"closed","sticky":false,"template":"","format":"standard","meta":[],"categories":[16],"tags":[],"_links":{"self":[{"href":"http:\/\/hoycordobaweb.com\/index.php\/wp-json\/wp\/v2\/posts\/132799"}],"collection":[{"href":"http:\/\/hoycordobaweb.com\/index.php\/wp-json\/wp\/v2\/posts"}],"about":[{"href":"http:\/\/hoycordobaweb.com\/index.php\/wp-json\/wp\/v2\/types\/post"}],"author":[{"embeddable":true,"href":"http:\/\/hoycordobaweb.com\/index.php\/wp-json\/wp\/v2\/users\/1"}],"replies":[{"embeddable":true,"href":"http:\/\/hoycordobaweb.com\/index.php\/wp-json\/wp\/v2\/comments?post=132799"}],"version-history":[{"count":0,"href":"http:\/\/hoycordobaweb.com\/index.php\/wp-json\/wp\/v2\/posts\/132799\/revisions"}],"wp:featuredmedia":[{"embeddable":true,"href":"http:\/\/hoycordobaweb.com\/index.php\/wp-json\/wp\/v2\/media\/132800"}],"wp:attachment":[{"href":"http:\/\/hoycordobaweb.com\/index.php\/wp-json\/wp\/v2\/media?parent=132799"}],"wp:term":[{"taxonomy":"category","embeddable":true,"href":"http:\/\/hoycordobaweb.com\/index.php\/wp-json\/wp\/v2\/categories?post=132799"},{"taxonomy":"post_tag","embeddable":true,"href":"http:\/\/hoycordobaweb.com\/index.php\/wp-json\/wp\/v2\/tags?post=132799"}],"curies":[{"name":"wp","href":"https:\/\/api.w.org\/{rel}","templated":true}]}}