{"id":13260,"date":"2021-02-21T16:17:44","date_gmt":"2021-02-21T16:17:44","guid":{"rendered":"https:\/\/www.ole.com.ar\/futbol-internacional\/italia\/hinchas-san-siro-inter-milan-problemas_0_UCanpuBxz.html"},"modified":"2021-02-21T16:17:44","modified_gmt":"2021-02-21T16:17:44","slug":"sin-gente-milan-inter-se-jugo-con-publico-en-los-alrededores-de-san-siro","status":"publish","type":"post","link":"http:\/\/hoycordobaweb.com\/index.php\/2021\/02\/21\/sin-gente-milan-inter-se-jugo-con-publico-en-los-alrededores-de-san-siro\/","title":{"rendered":"\u00bfSin gente? Milan-Inter se jug\u00f3 con p\u00fablico en los alrededores de San Siro"},"content":{"rendered":"<p><img src=\"http:\/\/hoycordobaweb.com\/wp-content\/uploads\/2021\/02\/sin-gente-milan-inter-se-jugo-con-publico-en-los-alrededores-de-san-siro.jpg\"><\/p>\n<div><img src=\"http:\/\/hoycordobaweb.com\/wp-content\/uploads\/2021\/02\/sin-gente-milan-inter-se-jugo-con-publico-en-los-alrededores-de-san-siro.jpg\" class=\"ff-og-image-inserted\"><\/div>\n<p> Las hinchadas del Milan y del Inter, que se reunieron en las afueras del estadio San Siro en la previa al Derby de la Madonnina, vivieron momentos de tensi\u00f3n y rozaron el contacto despu\u00e9s de la llegada del micro milanista. La intervenci\u00f3n de la Polic\u00eda, preparada para gestionar eventuales problem\u00e1ticas de este tipo, permiti\u00f3 separar a las dos hinchadas y restablecer la calma.<\/p>\n<p> No es una novedad en este per\u00edodo de pandemia que los hinchas del Milan y del Inter acudan a la zona de San Siro, pese a que los encuentros se disputen a puertas cerradas, para acompa\u00f1ar a sus equipos en su llegada al estadio.<\/p>\n<p> Este domingo, tras la llegada del bondi del Milan, los hinchas Rossoneri se dirigieron hacia el estacionamiento del estadio, donde tambi\u00e9n hab\u00eda cientos de hinchas del Inter y por algunos momentos hubo peligro de peleas.<\/p>\n<p>Cuando el partido arranc\u00f3, la zona se dispers\u00f3. Pero el 3-0 (o el 0-3, seg\u00fan el caso), se jug\u00f3 en los bares y en las casas.<\/p>\n<h2><mark><strong>Los goles del partido<\/strong><\/mark><\/h2>\n<p><mark><strong>\u200b<\/strong><\/mark><\/p>\n<p><opta-widget sport=\"football\" widget=\"timeline\" competition=\"21\" season=\"2020\" match=\"2137584\" template=\"normal\" live=\"true\" orientation=\"horizontal\" vertical_timebar_height=\"260\" show_match_header=\"true\" show_score=\"true\" show_crests=\"true\" show_assists=\"all\" show_team_formation=\"true\" show_clock=\"true\" show_period_dividers=\"true\" show_halftime_score=\"false\" show_date=\"true\" date_format=\"dddd D MMMM YYYY\" show_attendance=\"true\" show_images=\"true\" show_referee=\"true\" show_venue=\"true\" show_cards=\"all\" show_goals=\"true\" show_penalties_missed=\"true\" show_subs=\"false\" show_goals_combined=\"false\" show_shootouts=\"false\" show_competition_name=\"true\" competition_naming=\"full\" team_naming=\"full\" player_naming=\"full\" show_live=\"true\" show_logo=\"false\" show_title=\"true\" breakpoints=\"400, 700\"><\/opta-widget><opta-widget sport=\"football\" widget=\"matchstats\" competition=\"21\" season=\"2020\" match=\"2137584\" template=\"lineups\" live=\"true\" side=\"both\" column_count=\"1\" side_by_side=\"true\" show_match_header=\"true\" show_score=\"true\" show_halftime_score=\"false\" show_crests=\"false\" show_team_formation=\"true\" show_competition_name=\"true\" show_date=\"false\" date_format=\"dddd D MMMM YYYY\" order_by=\"position\" group_by_position=\"false\" show_position=\"true\" show_images=\"false\" show_key=\"false\" show_starters=\"true\" show_goalkeepers=\"true\" show_defenders=\"true\" show_midfielders=\"true\" show_forwards=\"true\" show_subs=\"true\" show_unused_subs=\"false\" show_managers=\"true\" show_captain=\"false\" show_match_events=\"true\" competition_naming=\"full\" team_naming=\"full\" player_naming=\"full\" show_live=\"false\" show_logo=\"false\" show_title=\"true\" breakpoints=\"400, 700\"><\/opta-widget><opta-widget widget=\"commentary\" competition=\"21\" season=\"2020\" match=\"2137584\" template=\"normal\" live=\"true\" data_type=\"auto\" order_by=\"time_descending\" show_event_icons=\"true\" show_minor_events=\"true\" fixed_height_comments=\"300\" show_live=\"true\" show_logo=\"false\" show_title=\"true\" breakpoints=\"400\" sport=\"football\"><\/opta-widget><opta-widget sport=\"football\" widget=\"heatmap\" competition=\"21\" season=\"2020\" match=\"2137584\" preselected_player template=\"normal\" live=\"true\" show_maps=\"all\" orientation=\"horizontal\" side=\"both\" dimension=\"2D\" one_direction=\"false\" show_match_header=\"true\" show_score=\"true\" show_halftime_score=\"false\" show_crests=\"false\" show_team_formation=\"true\" show_competition_name=\"true\" show_date=\"true\" date_format=\"dddd D MMMM YYYY\" show_team_sheets=\"true\" show_subs=\"true\" show_position=\"true\" show_timecontrols=\"true\" show_timecontrols_buttons=\"true\" show_timecontrols_bar=\"true\" show_tooltips=\"false\" competition_naming=\"full\" team_naming=\"full\" player_naming=\"full\" show_logo=\"false\" show_title=\"true\" breakpoints=\"400, 700\"><\/opta-widget><opta-widget sport=\"football\" widget=\"standings\" competition=\"21\" season=\"2020\" match=\"2137584\" team template=\"normal\" live=\"true\" default_nav=\"1\" side=\"combined\" data_detail=\"default\" show_key=\"false\" show_crests=\"false\" points_in_first_column=\"false\" lose_before_draw=\"false\" show_form=\"0\" competition_naming=\"full\" team_naming=\"full\" date_format=\"dddd D MMMM YYYY\" sorting=\"true\" show_live=\"false\" show_relegation_average=\"true\" show_logo=\"false\" show_title=\"true\" breakpoints=\"400\"><\/opta-widget> <\/p>\n<div class=\"entry-tags\">\n<h2>TEMAS QUE APARECEN EN ESTA NOTA<\/h2>\n<\/p><\/div>\n","protected":false},"excerpt":{"rendered":"<p>Las hinchadas del Milan y del Inter, que se reunieron en las afueras del estadio San Siro en la previa al Derby de la Madonnina, vivieron momentos de tensi\u00f3n y rozaron el contacto despu\u00e9s de la llegada del micro milanista. La intervenci\u00f3n de la Polic\u00eda, preparada para gestionar eventuales problem\u00e1ticas de este tipo, permiti\u00f3 separar [&hellip;]<\/p>\n","protected":false},"author":1,"featured_media":13261,"comment_status":"open","ping_status":"closed","sticky":false,"template":"","format":"standard","meta":[],"categories":[16],"tags":[],"_links":{"self":[{"href":"http:\/\/hoycordobaweb.com\/index.php\/wp-json\/wp\/v2\/posts\/13260"}],"collection":[{"href":"http:\/\/hoycordobaweb.com\/index.php\/wp-json\/wp\/v2\/posts"}],"about":[{"href":"http:\/\/hoycordobaweb.com\/index.php\/wp-json\/wp\/v2\/types\/post"}],"author":[{"embeddable":true,"href":"http:\/\/hoycordobaweb.com\/index.php\/wp-json\/wp\/v2\/users\/1"}],"replies":[{"embeddable":true,"href":"http:\/\/hoycordobaweb.com\/index.php\/wp-json\/wp\/v2\/comments?post=13260"}],"version-history":[{"count":0,"href":"http:\/\/hoycordobaweb.com\/index.php\/wp-json\/wp\/v2\/posts\/13260\/revisions"}],"wp:featuredmedia":[{"embeddable":true,"href":"http:\/\/hoycordobaweb.com\/index.php\/wp-json\/wp\/v2\/media\/13261"}],"wp:attachment":[{"href":"http:\/\/hoycordobaweb.com\/index.php\/wp-json\/wp\/v2\/media?parent=13260"}],"wp:term":[{"taxonomy":"category","embeddable":true,"href":"http:\/\/hoycordobaweb.com\/index.php\/wp-json\/wp\/v2\/categories?post=13260"},{"taxonomy":"post_tag","embeddable":true,"href":"http:\/\/hoycordobaweb.com\/index.php\/wp-json\/wp\/v2\/tags?post=13260"}],"curies":[{"name":"wp","href":"https:\/\/api.w.org\/{rel}","templated":true}]}}